{"id":2550,"date":"2023-08-23T13:52:04","date_gmt":"2023-08-23T13:52:04","guid":{"rendered":"https:\/\/pulsair.net\/?p=2550"},"modified":"2024-11-12T07:24:18","modified_gmt":"2024-11-12T07:24:18","slug":"autohaus-schmuck-leobersdorf","status":"publish","type":"post","link":"https:\/\/pulsair.net\/en\/referenz\/autohaus-schmuck-leobersdorf\/","title":{"rendered":"Autohaus Schmuck Leobersdorf\/District of Baden\/Lower Austria \ud83c\udde6\ud83c\uddf9"},"content":{"rendered":"<div data-elementor-type=\"wp-post\" data-elementor-id=\"2550\" class=\"elementor elementor-2550\" data-elementor-post-type=\"post\">\n\t\t\t\t\t\t<section class=\"elementor-section elementor-top-section elementor-element elementor-element-b326046 elementor-reverse-tablet elementor-reverse-mobile elementor-section-boxed elementor-section-height-default elementor-section-height-default\" data-id=\"b326046\" data-element_type=\"section\" data-e-type=\"section\" data-settings=\"{&quot;background_background&quot;:&quot;classic&quot;}\">\n\t\t\t\t\t\t<div class=\"elementor-container elementor-column-gap-default\">\n\t\t\t\t\t<div class=\"elementor-column elementor-col-50 elementor-top-column elementor-element elementor-element-48afff31\" data-id=\"48afff31\" data-element_type=\"column\" data-e-type=\"column\">\n\t\t\t<div class=\"elementor-widget-wrap elementor-element-populated\">\n\t\t\t\t\t\t<div class=\"elementor-element elementor-element-47098b0f elementor-widget elementor-widget-text-editor\" data-id=\"47098b0f\" data-element_type=\"widget\" data-e-type=\"widget\" data-widget_type=\"text-editor.default\">\n\t\t\t\t<div class=\"elementor-widget-container\">\n\t\t\t\t\t\t\t\t\t<div class=\"titel_cst_small smallTitle TitelKlein\">Customer reference<\/div>\t\t\t\t\t\t\t\t<\/div>\n\t\t\t\t<\/div>\n\t\t\t\t<div class=\"elementor-element elementor-element-10354a02 elementor-widget elementor-widget-text-editor\" data-id=\"10354a02\" data-element_type=\"widget\" data-e-type=\"widget\" data-widget_type=\"text-editor.default\">\n\t\t\t\t<div class=\"elementor-widget-container\">\n\t\t\t\t\t\t\t\t\t<p><em>Autohaus Schmuck in Leobersdorf relies on Puls-air<\/em><\/p>\t\t\t\t\t\t\t\t<\/div>\n\t\t\t\t<\/div>\n\t\t\t\t<div class=\"elementor-element elementor-element-555652b4 elementor-widget elementor-widget-text-editor\" data-id=\"555652b4\" data-element_type=\"widget\" data-e-type=\"widget\" data-widget_type=\"text-editor.default\">\n\t\t\t\t<div class=\"elementor-widget-container\">\n\t\t\t\t\t\t\t\t\t<div class=\"titel_cst\"><div class=\"titel_cst_big\"><h1>Reliable heating for over 20 years<\/h1><\/div><\/div>\t\t\t\t\t\t\t\t<\/div>\n\t\t\t\t<\/div>\n\t\t\t\t<div class=\"elementor-element elementor-element-971f3ac elementor-widget elementor-widget-text-editor\" data-id=\"971f3ac\" data-element_type=\"widget\" data-e-type=\"widget\" data-widget_type=\"text-editor.default\">\n\t\t\t\t<div class=\"elementor-widget-container\">\n\t\t\t\t\t\t\t\t\t<p><strong>Steiner Phillip, Managing Director of Autohaus Schmuck, reports on his experiences with the Puls-air workshop and hall heating from Tyrol.<\/strong><\/p>\t\t\t\t\t\t\t\t<\/div>\n\t\t\t\t<\/div>\n\t\t\t\t\t<\/div>\n\t\t<\/div>\n\t\t\t\t<div class=\"elementor-column elementor-col-50 elementor-top-column elementor-element elementor-element-3fd23096\" data-id=\"3fd23096\" data-element_type=\"column\" data-e-type=\"column\">\n\t\t\t<div class=\"elementor-widget-wrap elementor-element-populated\">\n\t\t\t\t\t\t<div class=\"elementor-element elementor-element-cfb7898 elementor-widget elementor-widget-image\" data-id=\"cfb7898\" data-element_type=\"widget\" data-e-type=\"widget\" data-widget_type=\"image.default\">\n\t\t\t\t<div class=\"elementor-widget-container\">\n\t\t\t\t\t\t\t\t\t\t\t\t\t\t\t\t<a href=\"http:\/\/pulsair.net\/wp-content\/uploads\/2023\/08\/B9A0203-scaled.jpg\" data-elementor-open-lightbox=\"yes\" data-elementor-lightbox-title=\"_B9A0203\" data-elementor-lightbox-description=\"Gesch\u00e4ftsf\u00fchrer des Autohaus Schmuck in Leobersdorf Phillip Steiner mit dem Puls-air Heizger\u00e4t\" data-e-action-hash=\"#elementor-action%3Aaction%3Dlightbox%26settings%3DeyJpZCI6MjU1MiwidXJsIjoiaHR0cHM6XC9cL3B1bHNhaXIubmV0XC93cC1jb250ZW50XC91cGxvYWRzXC8yMDIzXC8wOFwvQjlBMDIwMy1zY2FsZWQuanBnIn0%3D\">\n\t\t\t\t\t\t\t<img fetchpriority=\"high\" decoding=\"async\" width=\"1024\" height=\"683\" src=\"https:\/\/pulsair.net\/wp-content\/uploads\/2023\/08\/B9A0203-1024x683.jpg\" class=\"attachment-large size-large wp-image-2552\" alt=\"Gesch\u00e4ftsf\u00fchrer des Autohaus Schmuck in Leobersdorf Phillip Steiner mit dem Puls-air Heizger\u00e4t\" srcset=\"https:\/\/pulsair.net\/wp-content\/uploads\/2023\/08\/B9A0203-1024x683.jpg 1024w, https:\/\/pulsair.net\/wp-content\/uploads\/2023\/08\/B9A0203-300x200.jpg 300w, https:\/\/pulsair.net\/wp-content\/uploads\/2023\/08\/B9A0203-768x512.jpg 768w, https:\/\/pulsair.net\/wp-content\/uploads\/2023\/08\/B9A0203-1536x1024.jpg 1536w, https:\/\/pulsair.net\/wp-content\/uploads\/2023\/08\/B9A0203-2048x1365.jpg 2048w, https:\/\/pulsair.net\/wp-content\/uploads\/2023\/08\/B9A0203-600x400.jpg 600w\" sizes=\"(max-width: 1024px) 100vw, 1024px\" \/>\t\t\t\t\t\t\t\t<\/a>\n\t\t\t\t\t\t\t\t\t\t\t\t\t\t\t<\/div>\n\t\t\t\t<\/div>\n\t\t\t\t\t<\/div>\n\t\t<\/div>\n\t\t\t\t\t<\/div>\n\t\t<\/section>\n\t\t\t\t<section class=\"elementor-section elementor-top-section elementor-element elementor-element-7ebf292 elementor-section-boxed elementor-section-height-default elementor-section-height-default\" data-id=\"7ebf292\" data-element_type=\"section\" data-e-type=\"section\" data-settings=\"{&quot;background_background&quot;:&quot;classic&quot;}\">\n\t\t\t\t\t\t<div class=\"elementor-container elementor-column-gap-default\">\n\t\t\t\t\t<div class=\"elementor-column elementor-col-100 elementor-top-column elementor-element elementor-element-daa0f45\" data-id=\"daa0f45\" data-element_type=\"column\" data-e-type=\"column\">\n\t\t\t<div class=\"elementor-widget-wrap elementor-element-populated\">\n\t\t\t\t\t\t<div class=\"elementor-element elementor-element-1c1ffa7 elementor-widget elementor-widget-text-editor\" data-id=\"1c1ffa7\" data-element_type=\"widget\" data-e-type=\"widget\" data-widget_type=\"text-editor.default\">\n\t\t\t\t<div class=\"elementor-widget-container\">\n\t\t\t\t\t\t\t\t\t<p>Having been in Leobersdorf for over 70 years, it is hard to imagine the market square without the Schmuck car dealership. It all began as a small bicycle repair shop, followed shortly afterwards by partnerships with Renault and Dacia. Today, the company has grown into a workshop for motor vehicles including a car dealership with seven employees (and two office dogs).<\/p><h2>Economical and reliable heating<\/h2><p>At the beginning of the 1990s, a heating unit from the Tyrolean manufacturer Puls-air was purchased and put into operation at Autohaus Schmuck. It heats a workshop measuring around 280 m\u00b2. Managing Director Steiner explains that the device has been running trouble-free since it was purchased. Mr. Steiner particularly emphasizes that the heater produces heat quickly and distributes it evenly throughout the room.<\/p>\t\t\t\t\t\t\t\t<\/div>\n\t\t\t\t<\/div>\n\t\t\t\t\t<\/div>\n\t\t<\/div>\n\t\t\t\t\t<\/div>\n\t\t<\/section>\n\t\t\t\t<section class=\"elementor-section elementor-top-section elementor-element elementor-element-a5cc4db elementor-section-boxed elementor-section-height-default elementor-section-height-default\" data-id=\"a5cc4db\" data-element_type=\"section\" data-e-type=\"section\">\n\t\t\t\t\t\t<div class=\"elementor-container elementor-column-gap-default\">\n\t\t\t\t\t<div class=\"elementor-column elementor-col-33 elementor-top-column elementor-element elementor-element-a933b9e\" data-id=\"a933b9e\" data-element_type=\"column\" data-e-type=\"column\">\n\t\t\t<div class=\"elementor-widget-wrap elementor-element-populated\">\n\t\t\t\t\t\t<div class=\"elementor-element elementor-element-12357de elementor-widget elementor-widget-image\" data-id=\"12357de\" data-element_type=\"widget\" data-e-type=\"widget\" data-widget_type=\"image.default\">\n\t\t\t\t<div class=\"elementor-widget-container\">\n\t\t\t\t\t\t\t\t\t\t\t\t\t\t\t\t<a href=\"http:\/\/pulsair.net\/wp-content\/uploads\/2023\/08\/016__76A5623.jpg\" data-elementor-open-lightbox=\"yes\" data-elementor-lightbox-title=\"016__76A5623\" data-elementor-lightbox-description=\"Au\u00dfenansicht Autohaus Schmuck Leobersdorf\" data-e-action-hash=\"#elementor-action%3Aaction%3Dlightbox%26settings%3DeyJpZCI6MjU1MywidXJsIjoiaHR0cHM6XC9cL3B1bHNhaXIubmV0XC93cC1jb250ZW50XC91cGxvYWRzXC8yMDIzXC8wOFwvMDE2X183NkE1NjIzLmpwZyJ9\">\n\t\t\t\t\t\t\t<img decoding=\"async\" width=\"1024\" height=\"683\" src=\"https:\/\/pulsair.net\/wp-content\/uploads\/2023\/08\/016__76A5623-1024x683.jpg\" class=\"attachment-large size-large wp-image-2553\" alt=\"Au\u00dfenansicht Autohaus Schmuck Leobersdorf\" srcset=\"https:\/\/pulsair.net\/wp-content\/uploads\/2023\/08\/016__76A5623-1024x683.jpg 1024w, https:\/\/pulsair.net\/wp-content\/uploads\/2023\/08\/016__76A5623-300x200.jpg 300w, https:\/\/pulsair.net\/wp-content\/uploads\/2023\/08\/016__76A5623-768x512.jpg 768w, https:\/\/pulsair.net\/wp-content\/uploads\/2023\/08\/016__76A5623-1536x1024.jpg 1536w, https:\/\/pulsair.net\/wp-content\/uploads\/2023\/08\/016__76A5623-2048x1366.jpg 2048w, https:\/\/pulsair.net\/wp-content\/uploads\/2023\/08\/016__76A5623-600x400.jpg 600w\" sizes=\"(max-width: 1024px) 100vw, 1024px\" \/>\t\t\t\t\t\t\t\t<\/a>\n\t\t\t\t\t\t\t\t\t\t\t\t\t\t\t<\/div>\n\t\t\t\t<\/div>\n\t\t\t\t\t<\/div>\n\t\t<\/div>\n\t\t\t\t<div class=\"elementor-column elementor-col-33 elementor-top-column elementor-element elementor-element-391c405\" data-id=\"391c405\" data-element_type=\"column\" data-e-type=\"column\">\n\t\t\t<div class=\"elementor-widget-wrap elementor-element-populated\">\n\t\t\t\t\t\t<div class=\"elementor-element elementor-element-9e0d99b elementor-widget elementor-widget-image\" data-id=\"9e0d99b\" data-element_type=\"widget\" data-e-type=\"widget\" data-widget_type=\"image.default\">\n\t\t\t\t<div class=\"elementor-widget-container\">\n\t\t\t\t\t\t\t\t\t\t\t\t\t\t\t\t<a href=\"http:\/\/pulsair.net\/wp-content\/uploads\/2023\/08\/B9A0207-scaled.jpg\" data-elementor-open-lightbox=\"yes\" data-elementor-lightbox-title=\"_B9A0207\" data-elementor-lightbox-description=\"Seit 1999 in Betrieb\" data-e-action-hash=\"#elementor-action%3Aaction%3Dlightbox%26settings%3DeyJpZCI6MjU1NCwidXJsIjoiaHR0cHM6XC9cL3B1bHNhaXIubmV0XC93cC1jb250ZW50XC91cGxvYWRzXC8yMDIzXC8wOFwvQjlBMDIwNy1zY2FsZWQuanBnIn0%3D\">\n\t\t\t\t\t\t\t<img decoding=\"async\" width=\"1024\" height=\"683\" src=\"https:\/\/pulsair.net\/wp-content\/uploads\/2023\/08\/B9A0207-1024x683.jpg\" class=\"attachment-large size-large wp-image-2554\" alt=\"Seit 1999 in Betrieb\" srcset=\"https:\/\/pulsair.net\/wp-content\/uploads\/2023\/08\/B9A0207-1024x683.jpg 1024w, https:\/\/pulsair.net\/wp-content\/uploads\/2023\/08\/B9A0207-300x200.jpg 300w, https:\/\/pulsair.net\/wp-content\/uploads\/2023\/08\/B9A0207-768x512.jpg 768w, https:\/\/pulsair.net\/wp-content\/uploads\/2023\/08\/B9A0207-1536x1024.jpg 1536w, https:\/\/pulsair.net\/wp-content\/uploads\/2023\/08\/B9A0207-2048x1365.jpg 2048w, https:\/\/pulsair.net\/wp-content\/uploads\/2023\/08\/B9A0207-600x400.jpg 600w\" sizes=\"(max-width: 1024px) 100vw, 1024px\" \/>\t\t\t\t\t\t\t\t<\/a>\n\t\t\t\t\t\t\t\t\t\t\t\t\t\t\t<\/div>\n\t\t\t\t<\/div>\n\t\t\t\t\t<\/div>\n\t\t<\/div>\n\t\t\t\t<div class=\"elementor-column elementor-col-33 elementor-top-column elementor-element elementor-element-2c17cc8\" data-id=\"2c17cc8\" data-element_type=\"column\" data-e-type=\"column\">\n\t\t\t<div class=\"elementor-widget-wrap elementor-element-populated\">\n\t\t\t\t\t\t<div class=\"elementor-element elementor-element-670e3f3 elementor-widget elementor-widget-image\" data-id=\"670e3f3\" data-element_type=\"widget\" data-e-type=\"widget\" data-widget_type=\"image.default\">\n\t\t\t\t<div class=\"elementor-widget-container\">\n\t\t\t\t\t\t\t\t\t\t\t\t\t\t\t\t<a href=\"http:\/\/pulsair.net\/wp-content\/uploads\/2023\/08\/B9A0219-2.jpg\" data-elementor-open-lightbox=\"yes\" data-elementor-lightbox-title=\"_B9A0219-2\" data-e-action-hash=\"#elementor-action%3Aaction%3Dlightbox%26settings%3DeyJpZCI6MjU1NSwidXJsIjoiaHR0cHM6XC9cL3B1bHNhaXIubmV0XC93cC1jb250ZW50XC91cGxvYWRzXC8yMDIzXC8wOFwvQjlBMDIxOS0yLmpwZyJ9\">\n\t\t\t\t\t\t\t<img loading=\"lazy\" decoding=\"async\" width=\"1024\" height=\"729\" src=\"https:\/\/pulsair.net\/wp-content\/uploads\/2023\/08\/B9A0219-2-1024x729.jpg\" class=\"attachment-large size-large wp-image-2555\" alt=\"Innenansicht Autohaus Schmuck Leobersdorf\" srcset=\"https:\/\/pulsair.net\/wp-content\/uploads\/2023\/08\/B9A0219-2-1024x729.jpg 1024w, https:\/\/pulsair.net\/wp-content\/uploads\/2023\/08\/B9A0219-2-300x214.jpg 300w, https:\/\/pulsair.net\/wp-content\/uploads\/2023\/08\/B9A0219-2-768x547.jpg 768w, https:\/\/pulsair.net\/wp-content\/uploads\/2023\/08\/B9A0219-2-1536x1094.jpg 1536w, https:\/\/pulsair.net\/wp-content\/uploads\/2023\/08\/B9A0219-2-2048x1458.jpg 2048w, https:\/\/pulsair.net\/wp-content\/uploads\/2023\/08\/B9A0219-2-600x427.jpg 600w\" sizes=\"(max-width: 1024px) 100vw, 1024px\" \/>\t\t\t\t\t\t\t\t<\/a>\n\t\t\t\t\t\t\t\t\t\t\t\t\t\t\t<\/div>\n\t\t\t\t<\/div>\n\t\t\t\t\t<\/div>\n\t\t<\/div>\n\t\t\t\t\t<\/div>\n\t\t<\/section>\n\t\t\t\t<section class=\"elementor-section elementor-top-section elementor-element elementor-element-19aa3d5 elementor-section-boxed elementor-section-height-default elementor-section-height-default\" data-id=\"19aa3d5\" data-element_type=\"section\" data-e-type=\"section\" data-settings=\"{&quot;background_background&quot;:&quot;classic&quot;}\">\n\t\t\t\t\t\t<div class=\"elementor-container elementor-column-gap-default\">\n\t\t\t\t\t<div class=\"elementor-column elementor-col-100 elementor-top-column elementor-element elementor-element-b7f44eb\" data-id=\"b7f44eb\" data-element_type=\"column\" data-e-type=\"column\">\n\t\t\t<div class=\"elementor-widget-wrap elementor-element-populated\">\n\t\t\t\t\t\t<div class=\"elementor-element elementor-element-5f78d1e elementor-widget elementor-widget-text-editor\" data-id=\"5f78d1e\" data-element_type=\"widget\" data-e-type=\"widget\" data-widget_type=\"text-editor.default\">\n\t\t\t\t<div class=\"elementor-widget-container\">\n\t\t\t\t\t\t\t\t\t<h2>A \"decorative\" heating system<\/h2><p>Puls-air's economical heating appliances have been produced and sold directly in Tyrol since 1984. In most cases, up to 50 % of the previous heating costs are saved.<\/p><p>Combustion produces an oscillating column of gas that changes direction 63 times a second. Movement = heat, and pulsating combustion generates a lot of it. Puls-air makes use of this heat and has been heating workshops and halls throughout Europe for over 30 years.<\/p><h2>Why so economical?<\/h2><p>Puls-air is particularly efficient and economical for the following reasons:<\/p><p><strong>97 % Efficiency<\/strong>. This level of efficiency is unattainable for other heating solutions and is the result of the patented pulsating combustion.<\/p><p><strong>Physically correct positioning<\/strong>. The Puls-air heaters are placed on the floor of the room to be heated. The preheated air forms a slowly rotating thermal air roll in the room. This means that the preheated air is repeatedly drawn through the heater. This also saves heating costs.<\/p>\t\t\t\t\t\t\t\t<\/div>\n\t\t\t\t<\/div>\n\t\t\t\t\t<\/div>\n\t\t<\/div>\n\t\t\t\t\t<\/div>\n\t\t<\/section>\n\t\t\t\t<section class=\"elementor-section elementor-top-section elementor-element elementor-element-05d5797 elementor-section-boxed elementor-section-height-default elementor-section-height-default\" data-id=\"05d5797\" data-element_type=\"section\" data-e-type=\"section\">\n\t\t\t\t\t\t<div class=\"elementor-container elementor-column-gap-default\">\n\t\t\t\t\t<div class=\"elementor-column elementor-col-100 elementor-top-column elementor-element elementor-element-77a0251\" data-id=\"77a0251\" data-element_type=\"column\" data-e-type=\"column\">\n\t\t\t<div class=\"elementor-widget-wrap elementor-element-populated\">\n\t\t\t\t\t\t<div class=\"elementor-element elementor-element-06d753c elementor-widget elementor-widget-text-editor\" data-id=\"06d753c\" data-element_type=\"widget\" data-e-type=\"widget\" data-widget_type=\"text-editor.default\">\n\t\t\t\t<div class=\"elementor-widget-container\">\n\t\t\t\t\t\t\t\t\t<div class=\"titel_cst\"><div class=\"titel_cst_big\"><h2 class=\"Titel\">Further references:<\/h2><\/div><\/div>\t\t\t\t\t\t\t\t<\/div>\n\t\t\t\t<\/div>\n\t\t\t\t<div class=\"elementor-element elementor-element-cd53b0b elementor-grid-3 elementor-grid-tablet-2 elementor-grid-mobile-1 elementor-posts--thumbnail-top elementor-card-shadow-yes elementor-posts__hover-gradient elementor-widget elementor-widget-global elementor-global-1038 elementor-widget-posts\" data-id=\"cd53b0b\" data-element_type=\"widget\" data-e-type=\"widget\" data-settings=\"{&quot;cards_masonry&quot;:&quot;yes&quot;,&quot;cards_columns&quot;:&quot;3&quot;,&quot;cards_columns_tablet&quot;:&quot;2&quot;,&quot;cards_columns_mobile&quot;:&quot;1&quot;,&quot;cards_row_gap&quot;:{&quot;unit&quot;:&quot;px&quot;,&quot;size&quot;:35,&quot;sizes&quot;:[]},&quot;cards_row_gap_tablet&quot;:{&quot;unit&quot;:&quot;px&quot;,&quot;size&quot;:&quot;&quot;,&quot;sizes&quot;:[]},&quot;cards_row_gap_mobile&quot;:{&quot;unit&quot;:&quot;px&quot;,&quot;size&quot;:&quot;&quot;,&quot;sizes&quot;:[]}}\" data-widget_type=\"posts.cards\">\n\t\t\t\t<div class=\"elementor-widget-container\">\n\t\t\t\t\t\t\t<div class=\"elementor-posts-container elementor-posts elementor-posts--skin-cards elementor-grid\" role=\"list\">\n\t\t\t\t<article class=\"elementor-post elementor-grid-item post-5109 post type-post status-publish format-standard has-post-thumbnail hentry category-deutschland category-referenz\" role=\"listitem\">\n\t\t\t<div class=\"elementor-post__card\">\n\t\t\t\t<a class=\"elementor-post__thumbnail__link\" href=\"https:\/\/pulsair.net\/en\/referenz\/auto-lackier-center-bamberg\/\" tabindex=\"-1\" ><div class=\"elementor-post__thumbnail\"><img loading=\"lazy\" decoding=\"async\" width=\"640\" height=\"480\" src=\"https:\/\/pulsair.net\/wp-content\/uploads\/2026\/03\/unnamed-2.jpg\" class=\"attachment-full size-full wp-image-5111\" alt=\"\" srcset=\"https:\/\/pulsair.net\/wp-content\/uploads\/2026\/03\/unnamed-2.jpg 640w, https:\/\/pulsair.net\/wp-content\/uploads\/2026\/03\/unnamed-2-300x225.jpg 300w, https:\/\/pulsair.net\/wp-content\/uploads\/2026\/03\/unnamed-2-16x12.jpg 16w, https:\/\/pulsair.net\/wp-content\/uploads\/2026\/03\/unnamed-2-600x450.jpg 600w\" sizes=\"(max-width: 640px) 100vw, 640px\" \/><\/div><\/a>\n\t\t\t\t<div class=\"elementor-post__text\">\n\t\t\t\t<h3 class=\"elementor-post__title\">\n\t\t\t<a href=\"https:\/\/pulsair.net\/en\/referenz\/auto-lackier-center-bamberg\/\" >\n\t\t\t\tAUTO-LACKIER-CENTER &#038; KAROSSERIEFACHBETRIEB, Bamberg, Deutschland &#x1f1e9;&#x1f1ea;\t\t\t<\/a>\n\t\t<\/h3>\n\t\t\n\t\t<a class=\"elementor-post__read-more\" href=\"https:\/\/pulsair.net\/en\/referenz\/auto-lackier-center-bamberg\/\" aria-label=\"Read more about AUTO-LACKIER-CENTER &#038; KAROSSERIEFACHBETRIEB, Bamberg, Deutschland &#x1f1e9;&#x1f1ea;\" tabindex=\"-1\" >\n\t\t\tZur Referenz &gt;&gt;\t\t<\/a>\n\n\t\t\t\t<\/div>\n\t\t\t\t<div class=\"elementor-post__meta-data\">\n\t\t\t\t\t<span class=\"elementor-post-date\">\n\t\t\tMarch 30, 2026\t\t<\/span>\n\t\t\t\t<\/div>\n\t\t\t\t\t<\/div>\n\t\t<\/article>\n\t\t\t\t<article class=\"elementor-post elementor-grid-item post-5098 post type-post status-publish format-standard has-post-thumbnail hentry category-deutschland category-referenz\" role=\"listitem\">\n\t\t\t<div class=\"elementor-post__card\">\n\t\t\t\t<a class=\"elementor-post__thumbnail__link\" href=\"https:\/\/pulsair.net\/en\/referenz\/autohaus-schroeder-gmbh-bad-oldesloe\/\" tabindex=\"-1\" ><div class=\"elementor-post__thumbnail\"><img loading=\"lazy\" decoding=\"async\" width=\"1920\" height=\"1440\" src=\"https:\/\/pulsair.net\/wp-content\/uploads\/2026\/03\/P1280095-SchrAder-4.jpg\" class=\"attachment-full size-full wp-image-5100\" alt=\"\" srcset=\"https:\/\/pulsair.net\/wp-content\/uploads\/2026\/03\/P1280095-SchrAder-4.jpg 1920w, https:\/\/pulsair.net\/wp-content\/uploads\/2026\/03\/P1280095-SchrAder-4-300x225.jpg 300w, https:\/\/pulsair.net\/wp-content\/uploads\/2026\/03\/P1280095-SchrAder-4-1024x768.jpg 1024w, https:\/\/pulsair.net\/wp-content\/uploads\/2026\/03\/P1280095-SchrAder-4-768x576.jpg 768w, https:\/\/pulsair.net\/wp-content\/uploads\/2026\/03\/P1280095-SchrAder-4-1536x1152.jpg 1536w, https:\/\/pulsair.net\/wp-content\/uploads\/2026\/03\/P1280095-SchrAder-4-16x12.jpg 16w, https:\/\/pulsair.net\/wp-content\/uploads\/2026\/03\/P1280095-SchrAder-4-600x450.jpg 600w\" sizes=\"(max-width: 1920px) 100vw, 1920px\" \/><\/div><\/a>\n\t\t\t\t<div class=\"elementor-post__text\">\n\t\t\t\t<h3 class=\"elementor-post__title\">\n\t\t\t<a href=\"https:\/\/pulsair.net\/en\/referenz\/autohaus-schroeder-gmbh-bad-oldesloe\/\" >\n\t\t\t\tAutohaus Schr\u00f6der GmbH Bad Oldesloe, Deutschland &#x1f1e9;&#x1f1ea;\t\t\t<\/a>\n\t\t<\/h3>\n\t\t\n\t\t<a class=\"elementor-post__read-more\" href=\"https:\/\/pulsair.net\/en\/referenz\/autohaus-schroeder-gmbh-bad-oldesloe\/\" aria-label=\"Read more about Autohaus Schr\u00f6der GmbH Bad Oldesloe, Deutschland &#x1f1e9;&#x1f1ea;\" tabindex=\"-1\" >\n\t\t\tZur Referenz &gt;&gt;\t\t<\/a>\n\n\t\t\t\t<\/div>\n\t\t\t\t<div class=\"elementor-post__meta-data\">\n\t\t\t\t\t<span class=\"elementor-post-date\">\n\t\t\tMarch 26, 2026\t\t<\/span>\n\t\t\t\t<\/div>\n\t\t\t\t\t<\/div>\n\t\t<\/article>\n\t\t\t\t<article class=\"elementor-post elementor-grid-item post-5086 post type-post status-publish format-standard has-post-thumbnail hentry category-deutschland category-referenz\" role=\"listitem\">\n\t\t\t<div class=\"elementor-post__card\">\n\t\t\t\t<a class=\"elementor-post__thumbnail__link\" href=\"https:\/\/pulsair.net\/en\/referenz\/ts-carservice-thomas-stoss-schluechtern\/\" tabindex=\"-1\" ><div class=\"elementor-post__thumbnail\"><img loading=\"lazy\" decoding=\"async\" width=\"1280\" height=\"1920\" src=\"https:\/\/pulsair.net\/wp-content\/uploads\/2026\/03\/ts-pulsair_5063-ts-Car-Service-7.jpg\" class=\"attachment-full size-full wp-image-5088\" alt=\"\" srcset=\"https:\/\/pulsair.net\/wp-content\/uploads\/2026\/03\/ts-pulsair_5063-ts-Car-Service-7.jpg 1280w, https:\/\/pulsair.net\/wp-content\/uploads\/2026\/03\/ts-pulsair_5063-ts-Car-Service-7-200x300.jpg 200w, https:\/\/pulsair.net\/wp-content\/uploads\/2026\/03\/ts-pulsair_5063-ts-Car-Service-7-683x1024.jpg 683w, https:\/\/pulsair.net\/wp-content\/uploads\/2026\/03\/ts-pulsair_5063-ts-Car-Service-7-768x1152.jpg 768w, https:\/\/pulsair.net\/wp-content\/uploads\/2026\/03\/ts-pulsair_5063-ts-Car-Service-7-1024x1536.jpg 1024w, https:\/\/pulsair.net\/wp-content\/uploads\/2026\/03\/ts-pulsair_5063-ts-Car-Service-7-8x12.jpg 8w, https:\/\/pulsair.net\/wp-content\/uploads\/2026\/03\/ts-pulsair_5063-ts-Car-Service-7-600x900.jpg 600w\" sizes=\"(max-width: 1280px) 100vw, 1280px\" \/><\/div><\/a>\n\t\t\t\t<div class=\"elementor-post__text\">\n\t\t\t\t<h3 class=\"elementor-post__title\">\n\t\t\t<a href=\"https:\/\/pulsair.net\/en\/referenz\/ts-carservice-thomas-stoss-schluechtern\/\" >\n\t\t\t\tTS-Carservice Thomas Sto\u00df Schl\u00fcchtern, Deutschland &#x1f1e9;&#x1f1ea;\t\t\t<\/a>\n\t\t<\/h3>\n\t\t\n\t\t<a class=\"elementor-post__read-more\" href=\"https:\/\/pulsair.net\/en\/referenz\/ts-carservice-thomas-stoss-schluechtern\/\" aria-label=\"Read more about TS-Carservice Thomas Sto\u00df Schl\u00fcchtern, Deutschland &#x1f1e9;&#x1f1ea;\" tabindex=\"-1\" >\n\t\t\tZur Referenz &gt;&gt;\t\t<\/a>\n\n\t\t\t\t<\/div>\n\t\t\t\t<div class=\"elementor-post__meta-data\">\n\t\t\t\t\t<span class=\"elementor-post-date\">\n\t\t\tMarch 26, 2026\t\t<\/span>\n\t\t\t\t<\/div>\n\t\t\t\t\t<\/div>\n\t\t<\/article>\n\t\t\t\t<article class=\"elementor-post elementor-grid-item post-5074 post type-post status-publish format-standard has-post-thumbnail hentry category-deutschland category-referenz\" role=\"listitem\">\n\t\t\t<div class=\"elementor-post__card\">\n\t\t\t\t<a class=\"elementor-post__thumbnail__link\" href=\"https:\/\/pulsair.net\/en\/referenz\/autohaus-richter-gmbh-bitterfeld-wolfen\/\" tabindex=\"-1\" ><div class=\"elementor-post__thumbnail\"><img loading=\"lazy\" decoding=\"async\" width=\"1920\" height=\"1280\" src=\"https:\/\/pulsair.net\/wp-content\/uploads\/2026\/03\/foto-grehl-1MP-7246.jpg\" class=\"attachment-full size-full wp-image-5076\" alt=\"\" srcset=\"https:\/\/pulsair.net\/wp-content\/uploads\/2026\/03\/foto-grehl-1MP-7246.jpg 1920w, https:\/\/pulsair.net\/wp-content\/uploads\/2026\/03\/foto-grehl-1MP-7246-300x200.jpg 300w, https:\/\/pulsair.net\/wp-content\/uploads\/2026\/03\/foto-grehl-1MP-7246-1024x683.jpg 1024w, https:\/\/pulsair.net\/wp-content\/uploads\/2026\/03\/foto-grehl-1MP-7246-768x512.jpg 768w, https:\/\/pulsair.net\/wp-content\/uploads\/2026\/03\/foto-grehl-1MP-7246-1536x1024.jpg 1536w, https:\/\/pulsair.net\/wp-content\/uploads\/2026\/03\/foto-grehl-1MP-7246-18x12.jpg 18w, https:\/\/pulsair.net\/wp-content\/uploads\/2026\/03\/foto-grehl-1MP-7246-600x400.jpg 600w\" sizes=\"(max-width: 1920px) 100vw, 1920px\" \/><\/div><\/a>\n\t\t\t\t<div class=\"elementor-post__text\">\n\t\t\t\t<h3 class=\"elementor-post__title\">\n\t\t\t<a href=\"https:\/\/pulsair.net\/en\/referenz\/autohaus-richter-gmbh-bitterfeld-wolfen\/\" >\n\t\t\t\tAutohaus Richter GmbH Bitterfeld-Wolfen, Deutschland &#x1f1e9;&#x1f1ea;\t\t\t<\/a>\n\t\t<\/h3>\n\t\t\n\t\t<a class=\"elementor-post__read-more\" href=\"https:\/\/pulsair.net\/en\/referenz\/autohaus-richter-gmbh-bitterfeld-wolfen\/\" aria-label=\"Read more about Autohaus Richter GmbH Bitterfeld-Wolfen, Deutschland &#x1f1e9;&#x1f1ea;\" tabindex=\"-1\" >\n\t\t\tZur Referenz &gt;&gt;\t\t<\/a>\n\n\t\t\t\t<\/div>\n\t\t\t\t<div class=\"elementor-post__meta-data\">\n\t\t\t\t\t<span class=\"elementor-post-date\">\n\t\t\tMarch 26, 2026\t\t<\/span>\n\t\t\t\t<\/div>\n\t\t\t\t\t<\/div>\n\t\t<\/article>\n\t\t\t\t<article class=\"elementor-post elementor-grid-item post-5056 post type-post status-publish format-standard has-post-thumbnail hentry category-deutschland category-referenz\" role=\"listitem\">\n\t\t\t<div class=\"elementor-post__card\">\n\t\t\t\t<a class=\"elementor-post__thumbnail__link\" href=\"https:\/\/pulsair.net\/en\/referenz\/1a-autoservice-martin-distner-eslarn\/\" tabindex=\"-1\" ><div class=\"elementor-post__thumbnail\"><img loading=\"lazy\" decoding=\"async\" width=\"1709\" height=\"2560\" src=\"https:\/\/pulsair.net\/wp-content\/uploads\/2026\/03\/DSCF2467-scaled.jpg\" class=\"attachment-full size-full wp-image-5060\" alt=\"\" srcset=\"https:\/\/pulsair.net\/wp-content\/uploads\/2026\/03\/DSCF2467-scaled.jpg 1709w, https:\/\/pulsair.net\/wp-content\/uploads\/2026\/03\/DSCF2467-200x300.jpg 200w, https:\/\/pulsair.net\/wp-content\/uploads\/2026\/03\/DSCF2467-684x1024.jpg 684w, https:\/\/pulsair.net\/wp-content\/uploads\/2026\/03\/DSCF2467-768x1150.jpg 768w, https:\/\/pulsair.net\/wp-content\/uploads\/2026\/03\/DSCF2467-1025x1536.jpg 1025w, https:\/\/pulsair.net\/wp-content\/uploads\/2026\/03\/DSCF2467-1367x2048.jpg 1367w, https:\/\/pulsair.net\/wp-content\/uploads\/2026\/03\/DSCF2467-8x12.jpg 8w, https:\/\/pulsair.net\/wp-content\/uploads\/2026\/03\/DSCF2467-600x899.jpg 600w\" sizes=\"(max-width: 1709px) 100vw, 1709px\" \/><\/div><\/a>\n\t\t\t\t<div class=\"elementor-post__text\">\n\t\t\t\t<h3 class=\"elementor-post__title\">\n\t\t\t<a href=\"https:\/\/pulsair.net\/en\/referenz\/1a-autoservice-martin-distner-eslarn\/\" >\n\t\t\t\t1a autoservice Martin Distner Eslarn, Deutschland &#x1f1e9;&#x1f1ea;\t\t\t<\/a>\n\t\t<\/h3>\n\t\t\n\t\t<a class=\"elementor-post__read-more\" href=\"https:\/\/pulsair.net\/en\/referenz\/1a-autoservice-martin-distner-eslarn\/\" aria-label=\"Read more about 1a autoservice Martin Distner Eslarn, Deutschland &#x1f1e9;&#x1f1ea;\" tabindex=\"-1\" >\n\t\t\tZur Referenz &gt;&gt;\t\t<\/a>\n\n\t\t\t\t<\/div>\n\t\t\t\t<div class=\"elementor-post__meta-data\">\n\t\t\t\t\t<span class=\"elementor-post-date\">\n\t\t\tMarch 26, 2026\t\t<\/span>\n\t\t\t\t<\/div>\n\t\t\t\t\t<\/div>\n\t\t<\/article>\n\t\t\t\t<article class=\"elementor-post elementor-grid-item post-5047 post type-post status-publish format-standard has-post-thumbnail hentry category-deutschland category-referenz\" role=\"listitem\">\n\t\t\t<div class=\"elementor-post__card\">\n\t\t\t\t<a class=\"elementor-post__thumbnail__link\" href=\"https:\/\/pulsair.net\/en\/referenz\/autohaus-bacher-gmbh-ingolstadt\/\" tabindex=\"-1\" ><div class=\"elementor-post__thumbnail\"><img loading=\"lazy\" decoding=\"async\" width=\"1920\" height=\"1280\" src=\"https:\/\/pulsair.net\/wp-content\/uploads\/2026\/03\/Bild-004.jpg\" class=\"attachment-full size-full wp-image-5049\" alt=\"\" srcset=\"https:\/\/pulsair.net\/wp-content\/uploads\/2026\/03\/Bild-004.jpg 1920w, https:\/\/pulsair.net\/wp-content\/uploads\/2026\/03\/Bild-004-300x200.jpg 300w, https:\/\/pulsair.net\/wp-content\/uploads\/2026\/03\/Bild-004-1024x683.jpg 1024w, https:\/\/pulsair.net\/wp-content\/uploads\/2026\/03\/Bild-004-768x512.jpg 768w, https:\/\/pulsair.net\/wp-content\/uploads\/2026\/03\/Bild-004-1536x1024.jpg 1536w, https:\/\/pulsair.net\/wp-content\/uploads\/2026\/03\/Bild-004-18x12.jpg 18w, https:\/\/pulsair.net\/wp-content\/uploads\/2026\/03\/Bild-004-600x400.jpg 600w\" sizes=\"(max-width: 1920px) 100vw, 1920px\" \/><\/div><\/a>\n\t\t\t\t<div class=\"elementor-post__text\">\n\t\t\t\t<h3 class=\"elementor-post__title\">\n\t\t\t<a href=\"https:\/\/pulsair.net\/en\/referenz\/autohaus-bacher-gmbh-ingolstadt\/\" >\n\t\t\t\tAutohaus Bacher GmbH Ingolstadt, Deutschland &#x1f1e9;&#x1f1ea;\t\t\t<\/a>\n\t\t<\/h3>\n\t\t\n\t\t<a class=\"elementor-post__read-more\" href=\"https:\/\/pulsair.net\/en\/referenz\/autohaus-bacher-gmbh-ingolstadt\/\" aria-label=\"Read more about Autohaus Bacher GmbH Ingolstadt, Deutschland &#x1f1e9;&#x1f1ea;\" tabindex=\"-1\" >\n\t\t\tZur Referenz &gt;&gt;\t\t<\/a>\n\n\t\t\t\t<\/div>\n\t\t\t\t<div class=\"elementor-post__meta-data\">\n\t\t\t\t\t<span class=\"elementor-post-date\">\n\t\t\tMarch 26, 2026\t\t<\/span>\n\t\t\t\t<\/div>\n\t\t\t\t\t<\/div>\n\t\t<\/article>\n\t\t\t\t<article class=\"elementor-post elementor-grid-item post-4924 post type-post status-publish format-standard has-post-thumbnail hentry category-deutschland category-referenz\" role=\"listitem\">\n\t\t\t<div class=\"elementor-post__card\">\n\t\t\t\t<a class=\"elementor-post__thumbnail__link\" href=\"https:\/\/pulsair.net\/en\/referenz\/stefan-alt-reidenhausen\/\" tabindex=\"-1\" ><div class=\"elementor-post__thumbnail\"><img loading=\"lazy\" decoding=\"async\" width=\"1280\" height=\"1920\" src=\"https:\/\/pulsair.net\/wp-content\/uploads\/2026\/03\/2509Alt7-5068.jpg\" class=\"attachment-full size-full wp-image-4926\" alt=\"\" srcset=\"https:\/\/pulsair.net\/wp-content\/uploads\/2026\/03\/2509Alt7-5068.jpg 1280w, https:\/\/pulsair.net\/wp-content\/uploads\/2026\/03\/2509Alt7-5068-200x300.jpg 200w, https:\/\/pulsair.net\/wp-content\/uploads\/2026\/03\/2509Alt7-5068-683x1024.jpg 683w, https:\/\/pulsair.net\/wp-content\/uploads\/2026\/03\/2509Alt7-5068-768x1152.jpg 768w, https:\/\/pulsair.net\/wp-content\/uploads\/2026\/03\/2509Alt7-5068-1024x1536.jpg 1024w, https:\/\/pulsair.net\/wp-content\/uploads\/2026\/03\/2509Alt7-5068-8x12.jpg 8w, https:\/\/pulsair.net\/wp-content\/uploads\/2026\/03\/2509Alt7-5068-600x900.jpg 600w\" sizes=\"(max-width: 1280px) 100vw, 1280px\" \/><\/div><\/a>\n\t\t\t\t<div class=\"elementor-post__text\">\n\t\t\t\t<h3 class=\"elementor-post__title\">\n\t\t\t<a href=\"https:\/\/pulsair.net\/en\/referenz\/stefan-alt-reidenhausen\/\" >\n\t\t\t\tFree car repair shop Stefan Alt Reidenhausen Germany \ud83c\udde9\ud83c\uddea\t\t\t<\/a>\n\t\t<\/h3>\n\t\t\n\t\t<a class=\"elementor-post__read-more\" href=\"https:\/\/pulsair.net\/en\/referenz\/stefan-alt-reidenhausen\/\" aria-label=\"Read more about Freie Kfz-werkstatt Stefan Alt Reidenhausen Deutschland &#x1f1e9;&#x1f1ea;\" tabindex=\"-1\" >\n\t\t\tZur Referenz &gt;&gt;\t\t<\/a>\n\n\t\t\t\t<\/div>\n\t\t\t\t<div class=\"elementor-post__meta-data\">\n\t\t\t\t\t<span class=\"elementor-post-date\">\n\t\t\tMarch 24, 2026\t\t<\/span>\n\t\t\t\t<\/div>\n\t\t\t\t\t<\/div>\n\t\t<\/article>\n\t\t\t\t<article class=\"elementor-post elementor-grid-item post-4916 post type-post status-publish format-standard has-post-thumbnail hentry category-deutschland category-referenz\" role=\"listitem\">\n\t\t\t<div class=\"elementor-post__card\">\n\t\t\t\t<a class=\"elementor-post__thumbnail__link\" href=\"https:\/\/pulsair.net\/en\/referenz\/auto-wohlschlager-rohrdorf-achenmuehle\/\" tabindex=\"-1\" ><div class=\"elementor-post__thumbnail\"><img loading=\"lazy\" decoding=\"async\" width=\"1512\" height=\"2016\" src=\"https:\/\/pulsair.net\/wp-content\/uploads\/2026\/03\/bce832fd-18b0-42b4-a534-a2bbd5d6eb6b.jpg\" class=\"attachment-full size-full wp-image-4918\" alt=\"\" srcset=\"https:\/\/pulsair.net\/wp-content\/uploads\/2026\/03\/bce832fd-18b0-42b4-a534-a2bbd5d6eb6b.jpg 1512w, https:\/\/pulsair.net\/wp-content\/uploads\/2026\/03\/bce832fd-18b0-42b4-a534-a2bbd5d6eb6b-225x300.jpg 225w, https:\/\/pulsair.net\/wp-content\/uploads\/2026\/03\/bce832fd-18b0-42b4-a534-a2bbd5d6eb6b-768x1024.jpg 768w, https:\/\/pulsair.net\/wp-content\/uploads\/2026\/03\/bce832fd-18b0-42b4-a534-a2bbd5d6eb6b-1152x1536.jpg 1152w, https:\/\/pulsair.net\/wp-content\/uploads\/2026\/03\/bce832fd-18b0-42b4-a534-a2bbd5d6eb6b-9x12.jpg 9w, https:\/\/pulsair.net\/wp-content\/uploads\/2026\/03\/bce832fd-18b0-42b4-a534-a2bbd5d6eb6b-600x800.jpg 600w\" sizes=\"(max-width: 1512px) 100vw, 1512px\" \/><\/div><\/a>\n\t\t\t\t<div class=\"elementor-post__text\">\n\t\t\t\t<h3 class=\"elementor-post__title\">\n\t\t\t<a href=\"https:\/\/pulsair.net\/en\/referenz\/auto-wohlschlager-rohrdorf-achenmuehle\/\" >\n\t\t\t\tAuto Wohlschlager Rohrdorf-Achenm\u00fchle Germany \ud83c\udde9\ud83c\uddea\t\t\t<\/a>\n\t\t<\/h3>\n\t\t\n\t\t<a class=\"elementor-post__read-more\" href=\"https:\/\/pulsair.net\/en\/referenz\/auto-wohlschlager-rohrdorf-achenmuehle\/\" aria-label=\"Read more about Auto Wohlschlager Rohrdorf-Achenm\u00fchle Deutschland &#x1f1e9;&#x1f1ea;\" tabindex=\"-1\" >\n\t\t\tZur Referenz &gt;&gt;\t\t<\/a>\n\n\t\t\t\t<\/div>\n\t\t\t\t<div class=\"elementor-post__meta-data\">\n\t\t\t\t\t<span class=\"elementor-post-date\">\n\t\t\tMarch 24, 2026\t\t<\/span>\n\t\t\t\t<\/div>\n\t\t\t\t\t<\/div>\n\t\t<\/article>\n\t\t\t\t<article class=\"elementor-post elementor-grid-item post-4912 post type-post status-publish format-standard has-post-thumbnail hentry category-deutschland category-referenz\" role=\"listitem\">\n\t\t\t<div class=\"elementor-post__card\">\n\t\t\t\t<a class=\"elementor-post__thumbnail__link\" href=\"https:\/\/pulsair.net\/en\/referenz\/auto-reifenservice-wissemborski-ochtrup\/\" tabindex=\"-1\" ><div class=\"elementor-post__thumbnail\"><img loading=\"lazy\" decoding=\"async\" width=\"2560\" height=\"1920\" src=\"https:\/\/pulsair.net\/wp-content\/uploads\/2026\/03\/4096-3072-max-1-scaled.jpg\" class=\"attachment-full size-full wp-image-4914\" alt=\"\" srcset=\"https:\/\/pulsair.net\/wp-content\/uploads\/2026\/03\/4096-3072-max-1-scaled.jpg 2560w, https:\/\/pulsair.net\/wp-content\/uploads\/2026\/03\/4096-3072-max-1-300x225.jpg 300w, https:\/\/pulsair.net\/wp-content\/uploads\/2026\/03\/4096-3072-max-1-1024x768.jpg 1024w, https:\/\/pulsair.net\/wp-content\/uploads\/2026\/03\/4096-3072-max-1-768x576.jpg 768w, https:\/\/pulsair.net\/wp-content\/uploads\/2026\/03\/4096-3072-max-1-1536x1152.jpg 1536w, https:\/\/pulsair.net\/wp-content\/uploads\/2026\/03\/4096-3072-max-1-2048x1536.jpg 2048w, https:\/\/pulsair.net\/wp-content\/uploads\/2026\/03\/4096-3072-max-1-16x12.jpg 16w, https:\/\/pulsair.net\/wp-content\/uploads\/2026\/03\/4096-3072-max-1-600x450.jpg 600w\" sizes=\"(max-width: 2560px) 100vw, 2560px\" \/><\/div><\/a>\n\t\t\t\t<div class=\"elementor-post__text\">\n\t\t\t\t<h3 class=\"elementor-post__title\">\n\t\t\t<a href=\"https:\/\/pulsair.net\/en\/referenz\/auto-reifenservice-wissemborski-ochtrup\/\" >\n\t\t\t\tAuto and Tire Service Wissemborski Ochtrup Germany \ud83c\udde9\ud83c\uddea\t\t\t<\/a>\n\t\t<\/h3>\n\t\t\n\t\t<a class=\"elementor-post__read-more\" href=\"https:\/\/pulsair.net\/en\/referenz\/auto-reifenservice-wissemborski-ochtrup\/\" aria-label=\"Read more about Auto- u. Reifenservice Wissemborski Ochtrup Deutschland &#x1f1e9;&#x1f1ea;\" tabindex=\"-1\" >\n\t\t\tZur Referenz &gt;&gt;\t\t<\/a>\n\n\t\t\t\t<\/div>\n\t\t\t\t<div class=\"elementor-post__meta-data\">\n\t\t\t\t\t<span class=\"elementor-post-date\">\n\t\t\tMarch 24, 2026\t\t<\/span>\n\t\t\t\t<\/div>\n\t\t\t\t\t<\/div>\n\t\t<\/article>\n\t\t\t\t<article class=\"elementor-post elementor-grid-item post-4909 post type-post status-publish format-standard has-post-thumbnail hentry category-deutschland category-referenz\" role=\"listitem\">\n\t\t\t<div class=\"elementor-post__card\">\n\t\t\t\t<a class=\"elementor-post__thumbnail__link\" href=\"https:\/\/pulsair.net\/en\/referenz\/wilhelm-rosenberg-ohg-bad-wildungen\/\" tabindex=\"-1\" ><div class=\"elementor-post__thumbnail\"><img loading=\"lazy\" decoding=\"async\" width=\"794\" height=\"794\" src=\"https:\/\/pulsair.net\/wp-content\/uploads\/2026\/03\/Puls-air-Heizgeraet-vorne-rechtscut.png\" class=\"attachment-full size-full wp-image-4819\" alt=\"\" srcset=\"https:\/\/pulsair.net\/wp-content\/uploads\/2026\/03\/Puls-air-Heizgeraet-vorne-rechtscut.png 794w, https:\/\/pulsair.net\/wp-content\/uploads\/2026\/03\/Puls-air-Heizgeraet-vorne-rechtscut-300x300.png 300w, https:\/\/pulsair.net\/wp-content\/uploads\/2026\/03\/Puls-air-Heizgeraet-vorne-rechtscut-150x150.png 150w, https:\/\/pulsair.net\/wp-content\/uploads\/2026\/03\/Puls-air-Heizgeraet-vorne-rechtscut-768x768.png 768w, https:\/\/pulsair.net\/wp-content\/uploads\/2026\/03\/Puls-air-Heizgeraet-vorne-rechtscut-12x12.png 12w, https:\/\/pulsair.net\/wp-content\/uploads\/2026\/03\/Puls-air-Heizgeraet-vorne-rechtscut-600x600.png 600w, https:\/\/pulsair.net\/wp-content\/uploads\/2026\/03\/Puls-air-Heizgeraet-vorne-rechtscut-100x100.png 100w\" sizes=\"(max-width: 794px) 100vw, 794px\" \/><\/div><\/a>\n\t\t\t\t<div class=\"elementor-post__text\">\n\t\t\t\t<h3 class=\"elementor-post__title\">\n\t\t\t<a href=\"https:\/\/pulsair.net\/en\/referenz\/wilhelm-rosenberg-ohg-bad-wildungen\/\" >\n\t\t\t\tWilhelm Rosenberg OHG Bad Wildungen, Germany \ud83c\udde9\ud83c\uddea\t\t\t<\/a>\n\t\t<\/h3>\n\t\t\n\t\t<a class=\"elementor-post__read-more\" href=\"https:\/\/pulsair.net\/en\/referenz\/wilhelm-rosenberg-ohg-bad-wildungen\/\" aria-label=\"Read more about Wilhelm Rosenberg OHG Bad Wildungen, Deutschland &#x1f1e9;&#x1f1ea;\" tabindex=\"-1\" >\n\t\t\tZur Referenz &gt;&gt;\t\t<\/a>\n\n\t\t\t\t<\/div>\n\t\t\t\t<div class=\"elementor-post__meta-data\">\n\t\t\t\t\t<span class=\"elementor-post-date\">\n\t\t\tMarch 24, 2026\t\t<\/span>\n\t\t\t\t<\/div>\n\t\t\t\t\t<\/div>\n\t\t<\/article>\n\t\t\t\t<article class=\"elementor-post elementor-grid-item post-4906 post type-post status-publish format-standard has-post-thumbnail hentry category-deutschland category-referenz\" role=\"listitem\">\n\t\t\t<div class=\"elementor-post__card\">\n\t\t\t\t<a class=\"elementor-post__thumbnail__link\" href=\"https:\/\/pulsair.net\/en\/referenz\/fahrzeugtechnik-raab-langenleiten\/\" tabindex=\"-1\" ><div class=\"elementor-post__thumbnail\"><img loading=\"lazy\" decoding=\"async\" width=\"794\" height=\"794\" src=\"https:\/\/pulsair.net\/wp-content\/uploads\/2026\/03\/Puls-air-Heizgeraet-vorne-rechtscut.png\" class=\"attachment-full size-full wp-image-4819\" alt=\"\" srcset=\"https:\/\/pulsair.net\/wp-content\/uploads\/2026\/03\/Puls-air-Heizgeraet-vorne-rechtscut.png 794w, https:\/\/pulsair.net\/wp-content\/uploads\/2026\/03\/Puls-air-Heizgeraet-vorne-rechtscut-300x300.png 300w, https:\/\/pulsair.net\/wp-content\/uploads\/2026\/03\/Puls-air-Heizgeraet-vorne-rechtscut-150x150.png 150w, https:\/\/pulsair.net\/wp-content\/uploads\/2026\/03\/Puls-air-Heizgeraet-vorne-rechtscut-768x768.png 768w, https:\/\/pulsair.net\/wp-content\/uploads\/2026\/03\/Puls-air-Heizgeraet-vorne-rechtscut-12x12.png 12w, https:\/\/pulsair.net\/wp-content\/uploads\/2026\/03\/Puls-air-Heizgeraet-vorne-rechtscut-600x600.png 600w, https:\/\/pulsair.net\/wp-content\/uploads\/2026\/03\/Puls-air-Heizgeraet-vorne-rechtscut-100x100.png 100w\" sizes=\"(max-width: 794px) 100vw, 794px\" \/><\/div><\/a>\n\t\t\t\t<div class=\"elementor-post__text\">\n\t\t\t\t<h3 class=\"elementor-post__title\">\n\t\t\t<a href=\"https:\/\/pulsair.net\/en\/referenz\/fahrzeugtechnik-raab-langenleiten\/\" >\n\t\t\t\tVehicle Technology Raab Langenleiten Germany \ud83c\udde9\ud83c\uddea\t\t\t<\/a>\n\t\t<\/h3>\n\t\t\n\t\t<a class=\"elementor-post__read-more\" href=\"https:\/\/pulsair.net\/en\/referenz\/fahrzeugtechnik-raab-langenleiten\/\" aria-label=\"Read more about Fahrzeugtechnik Raab Langenleiten Deutschland &#x1f1e9;&#x1f1ea;\" tabindex=\"-1\" >\n\t\t\tZur Referenz &gt;&gt;\t\t<\/a>\n\n\t\t\t\t<\/div>\n\t\t\t\t<div class=\"elementor-post__meta-data\">\n\t\t\t\t\t<span class=\"elementor-post-date\">\n\t\t\tMarch 24, 2026\t\t<\/span>\n\t\t\t\t<\/div>\n\t\t\t\t\t<\/div>\n\t\t<\/article>\n\t\t\t\t<article class=\"elementor-post elementor-grid-item post-4902 post type-post status-publish format-standard has-post-thumbnail hentry category-deutschland category-referenz\" role=\"listitem\">\n\t\t\t<div class=\"elementor-post__card\">\n\t\t\t\t<a class=\"elementor-post__thumbnail__link\" href=\"https:\/\/pulsair.net\/en\/referenz\/michael-schuster-ramstein-miesenbach\/\" tabindex=\"-1\" ><div class=\"elementor-post__thumbnail\"><img loading=\"lazy\" decoding=\"async\" width=\"794\" height=\"794\" src=\"https:\/\/pulsair.net\/wp-content\/uploads\/2026\/03\/Puls-air-Heizgeraet-vorne-rechtscut.png\" class=\"attachment-full size-full wp-image-4819\" alt=\"\" srcset=\"https:\/\/pulsair.net\/wp-content\/uploads\/2026\/03\/Puls-air-Heizgeraet-vorne-rechtscut.png 794w, https:\/\/pulsair.net\/wp-content\/uploads\/2026\/03\/Puls-air-Heizgeraet-vorne-rechtscut-300x300.png 300w, https:\/\/pulsair.net\/wp-content\/uploads\/2026\/03\/Puls-air-Heizgeraet-vorne-rechtscut-150x150.png 150w, https:\/\/pulsair.net\/wp-content\/uploads\/2026\/03\/Puls-air-Heizgeraet-vorne-rechtscut-768x768.png 768w, https:\/\/pulsair.net\/wp-content\/uploads\/2026\/03\/Puls-air-Heizgeraet-vorne-rechtscut-12x12.png 12w, https:\/\/pulsair.net\/wp-content\/uploads\/2026\/03\/Puls-air-Heizgeraet-vorne-rechtscut-600x600.png 600w, https:\/\/pulsair.net\/wp-content\/uploads\/2026\/03\/Puls-air-Heizgeraet-vorne-rechtscut-100x100.png 100w\" sizes=\"(max-width: 794px) 100vw, 794px\" \/><\/div><\/a>\n\t\t\t\t<div class=\"elementor-post__text\">\n\t\t\t\t<h3 class=\"elementor-post__title\">\n\t\t\t<a href=\"https:\/\/pulsair.net\/en\/referenz\/michael-schuster-ramstein-miesenbach\/\" >\n\t\t\t\tMichael Schuster Ramstein-Miesenbach Germany \ud83c\udde9\ud83c\uddea\t\t\t<\/a>\n\t\t<\/h3>\n\t\t\n\t\t<a class=\"elementor-post__read-more\" href=\"https:\/\/pulsair.net\/en\/referenz\/michael-schuster-ramstein-miesenbach\/\" aria-label=\"Read more about Michael Schuster Ramstein-Miesenbach Deutschland &#x1f1e9;&#x1f1ea;\" tabindex=\"-1\" >\n\t\t\tZur Referenz &gt;&gt;\t\t<\/a>\n\n\t\t\t\t<\/div>\n\t\t\t\t<div class=\"elementor-post__meta-data\">\n\t\t\t\t\t<span class=\"elementor-post-date\">\n\t\t\tMarch 24, 2026\t\t<\/span>\n\t\t\t\t<\/div>\n\t\t\t\t\t<\/div>\n\t\t<\/article>\n\t\t\t\t<article class=\"elementor-post elementor-grid-item post-4899 post type-post status-publish format-standard has-post-thumbnail hentry category-deutschland category-referenz\" role=\"listitem\">\n\t\t\t<div class=\"elementor-post__card\">\n\t\t\t\t<a class=\"elementor-post__thumbnail__link\" href=\"https:\/\/pulsair.net\/en\/referenz\/auto-matzinger-gmbh-niederneuching\/\" tabindex=\"-1\" ><div class=\"elementor-post__thumbnail\"><img loading=\"lazy\" decoding=\"async\" width=\"794\" height=\"794\" src=\"https:\/\/pulsair.net\/wp-content\/uploads\/2026\/03\/Puls-air-Heizgeraet-vorne-rechtscut.png\" class=\"attachment-full size-full wp-image-4819\" alt=\"\" srcset=\"https:\/\/pulsair.net\/wp-content\/uploads\/2026\/03\/Puls-air-Heizgeraet-vorne-rechtscut.png 794w, https:\/\/pulsair.net\/wp-content\/uploads\/2026\/03\/Puls-air-Heizgeraet-vorne-rechtscut-300x300.png 300w, https:\/\/pulsair.net\/wp-content\/uploads\/2026\/03\/Puls-air-Heizgeraet-vorne-rechtscut-150x150.png 150w, https:\/\/pulsair.net\/wp-content\/uploads\/2026\/03\/Puls-air-Heizgeraet-vorne-rechtscut-768x768.png 768w, https:\/\/pulsair.net\/wp-content\/uploads\/2026\/03\/Puls-air-Heizgeraet-vorne-rechtscut-12x12.png 12w, https:\/\/pulsair.net\/wp-content\/uploads\/2026\/03\/Puls-air-Heizgeraet-vorne-rechtscut-600x600.png 600w, https:\/\/pulsair.net\/wp-content\/uploads\/2026\/03\/Puls-air-Heizgeraet-vorne-rechtscut-100x100.png 100w\" sizes=\"(max-width: 794px) 100vw, 794px\" \/><\/div><\/a>\n\t\t\t\t<div class=\"elementor-post__text\">\n\t\t\t\t<h3 class=\"elementor-post__title\">\n\t\t\t<a href=\"https:\/\/pulsair.net\/en\/referenz\/auto-matzinger-gmbh-niederneuching\/\" >\n\t\t\t\tAuto Matzinger GmbH&amp;Co.KG Niederneuching Germany \ud83c\udde9\ud83c\uddea\t\t\t<\/a>\n\t\t<\/h3>\n\t\t\n\t\t<a class=\"elementor-post__read-more\" href=\"https:\/\/pulsair.net\/en\/referenz\/auto-matzinger-gmbh-niederneuching\/\" aria-label=\"Read more about Auto Matzinger GmbH&#038;Co.KG Niederneuching Deutschland &#x1f1e9;&#x1f1ea;\" tabindex=\"-1\" >\n\t\t\tZur Referenz &gt;&gt;\t\t<\/a>\n\n\t\t\t\t<\/div>\n\t\t\t\t<div class=\"elementor-post__meta-data\">\n\t\t\t\t\t<span class=\"elementor-post-date\">\n\t\t\tMarch 24, 2026\t\t<\/span>\n\t\t\t\t<\/div>\n\t\t\t\t\t<\/div>\n\t\t<\/article>\n\t\t\t\t<article class=\"elementor-post elementor-grid-item post-4896 post type-post status-publish format-standard has-post-thumbnail hentry category-deutschland category-referenz\" role=\"listitem\">\n\t\t\t<div class=\"elementor-post__card\">\n\t\t\t\t<a class=\"elementor-post__thumbnail__link\" href=\"https:\/\/pulsair.net\/en\/referenz\/georg-mais-reil\/\" tabindex=\"-1\" ><div class=\"elementor-post__thumbnail\"><img loading=\"lazy\" decoding=\"async\" width=\"794\" height=\"794\" src=\"https:\/\/pulsair.net\/wp-content\/uploads\/2026\/03\/Puls-air-Heizgeraet-vorne-rechtscut.png\" class=\"attachment-full size-full wp-image-4819\" alt=\"\" srcset=\"https:\/\/pulsair.net\/wp-content\/uploads\/2026\/03\/Puls-air-Heizgeraet-vorne-rechtscut.png 794w, https:\/\/pulsair.net\/wp-content\/uploads\/2026\/03\/Puls-air-Heizgeraet-vorne-rechtscut-300x300.png 300w, https:\/\/pulsair.net\/wp-content\/uploads\/2026\/03\/Puls-air-Heizgeraet-vorne-rechtscut-150x150.png 150w, https:\/\/pulsair.net\/wp-content\/uploads\/2026\/03\/Puls-air-Heizgeraet-vorne-rechtscut-768x768.png 768w, https:\/\/pulsair.net\/wp-content\/uploads\/2026\/03\/Puls-air-Heizgeraet-vorne-rechtscut-12x12.png 12w, https:\/\/pulsair.net\/wp-content\/uploads\/2026\/03\/Puls-air-Heizgeraet-vorne-rechtscut-600x600.png 600w, https:\/\/pulsair.net\/wp-content\/uploads\/2026\/03\/Puls-air-Heizgeraet-vorne-rechtscut-100x100.png 100w\" sizes=\"(max-width: 794px) 100vw, 794px\" \/><\/div><\/a>\n\t\t\t\t<div class=\"elementor-post__text\">\n\t\t\t\t<h3 class=\"elementor-post__title\">\n\t\t\t<a href=\"https:\/\/pulsair.net\/en\/referenz\/georg-mais-reil\/\" >\n\t\t\t\tGeorg Mais Reil Germany \ud83c\udde9\ud83c\uddea\t\t\t<\/a>\n\t\t<\/h3>\n\t\t\n\t\t<a class=\"elementor-post__read-more\" href=\"https:\/\/pulsair.net\/en\/referenz\/georg-mais-reil\/\" aria-label=\"Read more about Georg Mais Reil Deutschland &#x1f1e9;&#x1f1ea;\" tabindex=\"-1\" >\n\t\t\tZur Referenz &gt;&gt;\t\t<\/a>\n\n\t\t\t\t<\/div>\n\t\t\t\t<div class=\"elementor-post__meta-data\">\n\t\t\t\t\t<span class=\"elementor-post-date\">\n\t\t\tMarch 24, 2026\t\t<\/span>\n\t\t\t\t<\/div>\n\t\t\t\t\t<\/div>\n\t\t<\/article>\n\t\t\t\t<article class=\"elementor-post elementor-grid-item post-4893 post type-post status-publish format-standard has-post-thumbnail hentry category-deutschland category-referenz\" role=\"listitem\">\n\t\t\t<div class=\"elementor-post__card\">\n\t\t\t\t<a class=\"elementor-post__thumbnail__link\" href=\"https:\/\/pulsair.net\/en\/referenz\/auto-leuner-dresden\/\" tabindex=\"-1\" ><div class=\"elementor-post__thumbnail\"><img loading=\"lazy\" decoding=\"async\" width=\"794\" height=\"794\" src=\"https:\/\/pulsair.net\/wp-content\/uploads\/2026\/03\/Puls-air-Heizgeraet-vorne-rechtscut.png\" class=\"attachment-full size-full wp-image-4819\" alt=\"\" srcset=\"https:\/\/pulsair.net\/wp-content\/uploads\/2026\/03\/Puls-air-Heizgeraet-vorne-rechtscut.png 794w, https:\/\/pulsair.net\/wp-content\/uploads\/2026\/03\/Puls-air-Heizgeraet-vorne-rechtscut-300x300.png 300w, https:\/\/pulsair.net\/wp-content\/uploads\/2026\/03\/Puls-air-Heizgeraet-vorne-rechtscut-150x150.png 150w, https:\/\/pulsair.net\/wp-content\/uploads\/2026\/03\/Puls-air-Heizgeraet-vorne-rechtscut-768x768.png 768w, https:\/\/pulsair.net\/wp-content\/uploads\/2026\/03\/Puls-air-Heizgeraet-vorne-rechtscut-12x12.png 12w, https:\/\/pulsair.net\/wp-content\/uploads\/2026\/03\/Puls-air-Heizgeraet-vorne-rechtscut-600x600.png 600w, https:\/\/pulsair.net\/wp-content\/uploads\/2026\/03\/Puls-air-Heizgeraet-vorne-rechtscut-100x100.png 100w\" sizes=\"(max-width: 794px) 100vw, 794px\" \/><\/div><\/a>\n\t\t\t\t<div class=\"elementor-post__text\">\n\t\t\t\t<h3 class=\"elementor-post__title\">\n\t\t\t<a href=\"https:\/\/pulsair.net\/en\/referenz\/auto-leuner-dresden\/\" >\n\t\t\t\tAuto Leuner Dresden Germany \ud83c\udde9\ud83c\uddea\t\t\t<\/a>\n\t\t<\/h3>\n\t\t\n\t\t<a class=\"elementor-post__read-more\" href=\"https:\/\/pulsair.net\/en\/referenz\/auto-leuner-dresden\/\" aria-label=\"Read more about Auto Leuner Dresden Deutschland &#x1f1e9;&#x1f1ea;\" tabindex=\"-1\" >\n\t\t\tZur Referenz &gt;&gt;\t\t<\/a>\n\n\t\t\t\t<\/div>\n\t\t\t\t<div class=\"elementor-post__meta-data\">\n\t\t\t\t\t<span class=\"elementor-post-date\">\n\t\t\tMarch 24, 2026\t\t<\/span>\n\t\t\t\t<\/div>\n\t\t\t\t\t<\/div>\n\t\t<\/article>\n\t\t\t\t<article class=\"elementor-post elementor-grid-item post-4890 post type-post status-publish format-standard has-post-thumbnail hentry category-deutschland category-referenz\" role=\"listitem\">\n\t\t\t<div class=\"elementor-post__card\">\n\t\t\t\t<a class=\"elementor-post__thumbnail__link\" href=\"https:\/\/pulsair.net\/en\/referenz\/holzdesign-michael-foehr-bruggen\/\" tabindex=\"-1\" ><div class=\"elementor-post__thumbnail\"><img loading=\"lazy\" decoding=\"async\" width=\"794\" height=\"794\" src=\"https:\/\/pulsair.net\/wp-content\/uploads\/2026\/03\/Puls-air-Heizgeraet-vorne-rechtscut.png\" class=\"attachment-full size-full wp-image-4819\" alt=\"\" srcset=\"https:\/\/pulsair.net\/wp-content\/uploads\/2026\/03\/Puls-air-Heizgeraet-vorne-rechtscut.png 794w, https:\/\/pulsair.net\/wp-content\/uploads\/2026\/03\/Puls-air-Heizgeraet-vorne-rechtscut-300x300.png 300w, https:\/\/pulsair.net\/wp-content\/uploads\/2026\/03\/Puls-air-Heizgeraet-vorne-rechtscut-150x150.png 150w, https:\/\/pulsair.net\/wp-content\/uploads\/2026\/03\/Puls-air-Heizgeraet-vorne-rechtscut-768x768.png 768w, https:\/\/pulsair.net\/wp-content\/uploads\/2026\/03\/Puls-air-Heizgeraet-vorne-rechtscut-12x12.png 12w, https:\/\/pulsair.net\/wp-content\/uploads\/2026\/03\/Puls-air-Heizgeraet-vorne-rechtscut-600x600.png 600w, https:\/\/pulsair.net\/wp-content\/uploads\/2026\/03\/Puls-air-Heizgeraet-vorne-rechtscut-100x100.png 100w\" sizes=\"(max-width: 794px) 100vw, 794px\" \/><\/div><\/a>\n\t\t\t\t<div class=\"elementor-post__text\">\n\t\t\t\t<h3 class=\"elementor-post__title\">\n\t\t\t<a href=\"https:\/\/pulsair.net\/en\/referenz\/holzdesign-michael-foehr-bruggen\/\" >\n\t\t\t\tWood design Michael F\u00f6hr Burggen Germany \ud83c\udde9\ud83c\uddea\t\t\t<\/a>\n\t\t<\/h3>\n\t\t\n\t\t<a class=\"elementor-post__read-more\" href=\"https:\/\/pulsair.net\/en\/referenz\/holzdesign-michael-foehr-bruggen\/\" aria-label=\"Read more about Holzdesign Michael F\u00f6hr Burggen Deutschland &#x1f1e9;&#x1f1ea;\" tabindex=\"-1\" >\n\t\t\tZur Referenz &gt;&gt;\t\t<\/a>\n\n\t\t\t\t<\/div>\n\t\t\t\t<div class=\"elementor-post__meta-data\">\n\t\t\t\t\t<span class=\"elementor-post-date\">\n\t\t\tMarch 24, 2026\t\t<\/span>\n\t\t\t\t<\/div>\n\t\t\t\t\t<\/div>\n\t\t<\/article>\n\t\t\t\t<article class=\"elementor-post elementor-grid-item post-4885 post type-post status-publish format-standard has-post-thumbnail hentry category-deutschland category-referenz\" role=\"listitem\">\n\t\t\t<div class=\"elementor-post__card\">\n\t\t\t\t<a class=\"elementor-post__thumbnail__link\" href=\"https:\/\/pulsair.net\/en\/referenz\/stefan-held-gmbh-loerrach\/\" tabindex=\"-1\" ><div class=\"elementor-post__thumbnail\"><img loading=\"lazy\" decoding=\"async\" width=\"794\" height=\"794\" src=\"https:\/\/pulsair.net\/wp-content\/uploads\/2026\/03\/Puls-air-Heizgeraet-vorne-rechtscut.png\" class=\"attachment-full size-full wp-image-4819\" alt=\"\" srcset=\"https:\/\/pulsair.net\/wp-content\/uploads\/2026\/03\/Puls-air-Heizgeraet-vorne-rechtscut.png 794w, https:\/\/pulsair.net\/wp-content\/uploads\/2026\/03\/Puls-air-Heizgeraet-vorne-rechtscut-300x300.png 300w, https:\/\/pulsair.net\/wp-content\/uploads\/2026\/03\/Puls-air-Heizgeraet-vorne-rechtscut-150x150.png 150w, https:\/\/pulsair.net\/wp-content\/uploads\/2026\/03\/Puls-air-Heizgeraet-vorne-rechtscut-768x768.png 768w, https:\/\/pulsair.net\/wp-content\/uploads\/2026\/03\/Puls-air-Heizgeraet-vorne-rechtscut-12x12.png 12w, https:\/\/pulsair.net\/wp-content\/uploads\/2026\/03\/Puls-air-Heizgeraet-vorne-rechtscut-600x600.png 600w, https:\/\/pulsair.net\/wp-content\/uploads\/2026\/03\/Puls-air-Heizgeraet-vorne-rechtscut-100x100.png 100w\" sizes=\"(max-width: 794px) 100vw, 794px\" \/><\/div><\/a>\n\t\t\t\t<div class=\"elementor-post__text\">\n\t\t\t\t<h3 class=\"elementor-post__title\">\n\t\t\t<a href=\"https:\/\/pulsair.net\/en\/referenz\/stefan-held-gmbh-loerrach\/\" >\n\t\t\t\tPremio Reifen + Autoservice Stefan Held GmbH L\u00f6rrach Germany \ud83c\udde9\ud83c\uddea\t\t\t<\/a>\n\t\t<\/h3>\n\t\t\n\t\t<a class=\"elementor-post__read-more\" href=\"https:\/\/pulsair.net\/en\/referenz\/stefan-held-gmbh-loerrach\/\" aria-label=\"Read more about Premio Reifen + Autoservice Stefan Held GmbH L\u00f6rrach Deutschland &#x1f1e9;&#x1f1ea;\" tabindex=\"-1\" >\n\t\t\tZur Referenz &gt;&gt;\t\t<\/a>\n\n\t\t\t\t<\/div>\n\t\t\t\t<div class=\"elementor-post__meta-data\">\n\t\t\t\t\t<span class=\"elementor-post-date\">\n\t\t\tMarch 24, 2026\t\t<\/span>\n\t\t\t\t<\/div>\n\t\t\t\t\t<\/div>\n\t\t<\/article>\n\t\t\t\t<article class=\"elementor-post elementor-grid-item post-4872 post type-post status-publish format-standard has-post-thumbnail hentry category-deutschland category-referenz\" role=\"listitem\">\n\t\t\t<div class=\"elementor-post__card\">\n\t\t\t\t<a class=\"elementor-post__thumbnail__link\" href=\"https:\/\/pulsair.net\/en\/referenz\/auto-ferres-gmbh-wittilich\/\" tabindex=\"-1\" ><div class=\"elementor-post__thumbnail\"><img loading=\"lazy\" decoding=\"async\" width=\"794\" height=\"794\" src=\"https:\/\/pulsair.net\/wp-content\/uploads\/2026\/03\/Puls-air-Heizgeraet-vorne-rechtscut.png\" class=\"attachment-full size-full wp-image-4819\" alt=\"\" srcset=\"https:\/\/pulsair.net\/wp-content\/uploads\/2026\/03\/Puls-air-Heizgeraet-vorne-rechtscut.png 794w, https:\/\/pulsair.net\/wp-content\/uploads\/2026\/03\/Puls-air-Heizgeraet-vorne-rechtscut-300x300.png 300w, https:\/\/pulsair.net\/wp-content\/uploads\/2026\/03\/Puls-air-Heizgeraet-vorne-rechtscut-150x150.png 150w, https:\/\/pulsair.net\/wp-content\/uploads\/2026\/03\/Puls-air-Heizgeraet-vorne-rechtscut-768x768.png 768w, https:\/\/pulsair.net\/wp-content\/uploads\/2026\/03\/Puls-air-Heizgeraet-vorne-rechtscut-12x12.png 12w, https:\/\/pulsair.net\/wp-content\/uploads\/2026\/03\/Puls-air-Heizgeraet-vorne-rechtscut-600x600.png 600w, https:\/\/pulsair.net\/wp-content\/uploads\/2026\/03\/Puls-air-Heizgeraet-vorne-rechtscut-100x100.png 100w\" sizes=\"(max-width: 794px) 100vw, 794px\" \/><\/div><\/a>\n\t\t\t\t<div class=\"elementor-post__text\">\n\t\t\t\t<h3 class=\"elementor-post__title\">\n\t\t\t<a href=\"https:\/\/pulsair.net\/en\/referenz\/auto-ferres-gmbh-wittilich\/\" >\n\t\t\t\tAuto Ferres GmbH Wittlich Germany \ud83c\udde9\ud83c\uddea\t\t\t<\/a>\n\t\t<\/h3>\n\t\t\n\t\t<a class=\"elementor-post__read-more\" href=\"https:\/\/pulsair.net\/en\/referenz\/auto-ferres-gmbh-wittilich\/\" aria-label=\"Read more about Auto Ferres GmbH Wittlich Deutschland &#x1f1e9;&#x1f1ea;\" tabindex=\"-1\" >\n\t\t\tZur Referenz &gt;&gt;\t\t<\/a>\n\n\t\t\t\t<\/div>\n\t\t\t\t<div class=\"elementor-post__meta-data\">\n\t\t\t\t\t<span class=\"elementor-post-date\">\n\t\t\tMarch 24, 2026\t\t<\/span>\n\t\t\t\t<\/div>\n\t\t\t\t\t<\/div>\n\t\t<\/article>\n\t\t\t\t<\/div>\n\t\t\n\t\t\t\t\t\t<\/div>\n\t\t\t\t<\/div>\n\t\t\t\t\t<\/div>\n\t\t<\/div>\n\t\t\t\t\t<\/div>\n\t\t<\/section>\n\t\t\t\t<\/div>","protected":false},"excerpt":{"rendered":"<p>Kundenreferenz Autohaus Schmuck in Leobersdorf setzt auf Puls-air Zuverl\u00e4ssig heizen seit \u00fcber 20 Jahren Steiner<\/p>","protected":false},"author":2,"featured_media":2552,"comment_status":"closed","ping_status":"closed","sticky":false,"template":"","format":"standard","meta":{"_joinchat":[],"footnotes":""},"categories":[47,44],"tags":[],"class_list":["post-2550","post","type-post","status-publish","format-standard","has-post-thumbnail","hentry","category-oesterreich","category-referenz"],"yoast_head":"<!-- This site is optimized with the Yoast SEO plugin v27.4 - https:\/\/yoast.com\/product\/yoast-seo-wordpress\/ -->\n<title>Autohaus Schmuck Leobersdorf\/Bezirk Baden\/Nieder\u00f6sterreich &#x1f1e6;&#x1f1f9; - Puls-air Hallen und Werkstattheizung<\/title>\n<meta name=\"robots\" content=\"index, follow, max-snippet:-1, max-image-preview:large, max-video-preview:-1\" \/>\n<link rel=\"canonical\" href=\"https:\/\/pulsair.net\/en\/referenz\/autohaus-schmuck-leobersdorf\/\" \/>\n<meta property=\"og:locale\" content=\"en_US\" \/>\n<meta property=\"og:type\" content=\"article\" \/>\n<meta property=\"og:title\" content=\"Autohaus Schmuck Leobersdorf\/Bezirk Baden\/Nieder\u00f6sterreich &#x1f1e6;&#x1f1f9; - Puls-air Hallen und Werkstattheizung\" \/>\n<meta property=\"og:description\" content=\"Kundenreferenz Autohaus Schmuck in Leobersdorf setzt auf Puls-air Zuverl\u00e4ssig heizen seit \u00fcber 20 Jahren Steiner\" \/>\n<meta property=\"og:url\" content=\"https:\/\/pulsair.net\/en\/referenz\/autohaus-schmuck-leobersdorf\/\" \/>\n<meta property=\"og:site_name\" content=\"Puls-air Hallen und Werkstattheizung\" \/>\n<meta property=\"article:published_time\" content=\"2023-08-23T13:52:04+00:00\" \/>\n<meta property=\"article:modified_time\" content=\"2024-11-12T07:24:18+00:00\" \/>\n<meta property=\"og:image\" content=\"https:\/\/pulsair.net\/wp-content\/uploads\/2023\/08\/B9A0203-scaled.jpg\" \/>\n\t<meta property=\"og:image:width\" content=\"2560\" \/>\n\t<meta property=\"og:image:height\" content=\"1707\" \/>\n\t<meta property=\"og:image:type\" content=\"image\/jpeg\" \/>\n<meta name=\"author\" content=\"Luca Pletzer\" \/>\n<meta name=\"twitter:card\" content=\"summary_large_image\" \/>\n<meta name=\"twitter:label1\" content=\"Written by\" \/>\n\t<meta name=\"twitter:data1\" content=\"Luca Pletzer\" \/>\n\t<meta name=\"twitter:label2\" content=\"Est. reading time\" \/>\n\t<meta name=\"twitter:data2\" content=\"2 minutes\" \/>\n<script type=\"application\/ld+json\" class=\"yoast-schema-graph\">{\"@context\":\"https:\\\/\\\/schema.org\",\"@graph\":[{\"@type\":\"Article\",\"@id\":\"https:\\\/\\\/pulsair.net\\\/referenz\\\/autohaus-schmuck-leobersdorf\\\/#article\",\"isPartOf\":{\"@id\":\"https:\\\/\\\/pulsair.net\\\/referenz\\\/autohaus-schmuck-leobersdorf\\\/\"},\"author\":{\"name\":\"Luca Pletzer\",\"@id\":\"https:\\\/\\\/pulsair.net\\\/#\\\/schema\\\/person\\\/8ce7e42b60cd860146fe9332b1599b80\"},\"headline\":\"Autohaus Schmuck Leobersdorf\\\/Bezirk Baden\\\/Nieder\u00f6sterreich &#x1f1e6;&#x1f1f9;\",\"datePublished\":\"2023-08-23T13:52:04+00:00\",\"dateModified\":\"2024-11-12T07:24:18+00:00\",\"mainEntityOfPage\":{\"@id\":\"https:\\\/\\\/pulsair.net\\\/referenz\\\/autohaus-schmuck-leobersdorf\\\/\"},\"wordCount\":331,\"publisher\":{\"@id\":\"https:\\\/\\\/pulsair.net\\\/#organization\"},\"image\":{\"@id\":\"https:\\\/\\\/pulsair.net\\\/referenz\\\/autohaus-schmuck-leobersdorf\\\/#primaryimage\"},\"thumbnailUrl\":\"https:\\\/\\\/pulsair.net\\\/wp-content\\\/uploads\\\/2023\\\/08\\\/B9A0203-scaled.jpg\",\"articleSection\":[\"\u00d6sterreich\",\"Referenz\"],\"inLanguage\":\"en-US\"},{\"@type\":\"WebPage\",\"@id\":\"https:\\\/\\\/pulsair.net\\\/referenz\\\/autohaus-schmuck-leobersdorf\\\/\",\"url\":\"https:\\\/\\\/pulsair.net\\\/referenz\\\/autohaus-schmuck-leobersdorf\\\/\",\"name\":\"Autohaus Schmuck Leobersdorf\\\/Bezirk Baden\\\/Nieder\u00f6sterreich &#x1f1e6;&#x1f1f9; - Puls-air Hallen und Werkstattheizung\",\"isPartOf\":{\"@id\":\"https:\\\/\\\/pulsair.net\\\/#website\"},\"primaryImageOfPage\":{\"@id\":\"https:\\\/\\\/pulsair.net\\\/referenz\\\/autohaus-schmuck-leobersdorf\\\/#primaryimage\"},\"image\":{\"@id\":\"https:\\\/\\\/pulsair.net\\\/referenz\\\/autohaus-schmuck-leobersdorf\\\/#primaryimage\"},\"thumbnailUrl\":\"https:\\\/\\\/pulsair.net\\\/wp-content\\\/uploads\\\/2023\\\/08\\\/B9A0203-scaled.jpg\",\"datePublished\":\"2023-08-23T13:52:04+00:00\",\"dateModified\":\"2024-11-12T07:24:18+00:00\",\"breadcrumb\":{\"@id\":\"https:\\\/\\\/pulsair.net\\\/referenz\\\/autohaus-schmuck-leobersdorf\\\/#breadcrumb\"},\"inLanguage\":\"en-US\",\"potentialAction\":[{\"@type\":\"ReadAction\",\"target\":[\"https:\\\/\\\/pulsair.net\\\/referenz\\\/autohaus-schmuck-leobersdorf\\\/\"]}]},{\"@type\":\"ImageObject\",\"inLanguage\":\"en-US\",\"@id\":\"https:\\\/\\\/pulsair.net\\\/referenz\\\/autohaus-schmuck-leobersdorf\\\/#primaryimage\",\"url\":\"https:\\\/\\\/pulsair.net\\\/wp-content\\\/uploads\\\/2023\\\/08\\\/B9A0203-scaled.jpg\",\"contentUrl\":\"https:\\\/\\\/pulsair.net\\\/wp-content\\\/uploads\\\/2023\\\/08\\\/B9A0203-scaled.jpg\",\"width\":2560,\"height\":1707,\"caption\":\"Gesch\u00e4ftsf\u00fchrer des Autohaus Schmuck in Leobersdorf Phillip Steiner mit dem Puls-air Heizger\u00e4t\"},{\"@type\":\"BreadcrumbList\",\"@id\":\"https:\\\/\\\/pulsair.net\\\/referenz\\\/autohaus-schmuck-leobersdorf\\\/#breadcrumb\",\"itemListElement\":[{\"@type\":\"ListItem\",\"position\":1,\"name\":\"Startseite\",\"item\":\"https:\\\/\\\/pulsair.net\\\/\"},{\"@type\":\"ListItem\",\"position\":2,\"name\":\"Autohaus Schmuck Leobersdorf\\\/Bezirk Baden\\\/Nieder\u00f6sterreich &#x1f1e6;&#x1f1f9;\"}]},{\"@type\":\"WebSite\",\"@id\":\"https:\\\/\\\/pulsair.net\\\/#website\",\"url\":\"https:\\\/\\\/pulsair.net\\\/\",\"name\":\"Puls-air Hallen und Werkstattheizung\",\"description\":\"50 % Heizkosten sparen\",\"publisher\":{\"@id\":\"https:\\\/\\\/pulsair.net\\\/#organization\"},\"potentialAction\":[{\"@type\":\"SearchAction\",\"target\":{\"@type\":\"EntryPoint\",\"urlTemplate\":\"https:\\\/\\\/pulsair.net\\\/?s={search_term_string}\"},\"query-input\":{\"@type\":\"PropertyValueSpecification\",\"valueRequired\":true,\"valueName\":\"search_term_string\"}}],\"inLanguage\":\"en-US\"},{\"@type\":\"Organization\",\"@id\":\"https:\\\/\\\/pulsair.net\\\/#organization\",\"name\":\"Puls-air Hallen und Werkstattheizung\",\"url\":\"https:\\\/\\\/pulsair.net\\\/\",\"logo\":{\"@type\":\"ImageObject\",\"inLanguage\":\"en-US\",\"@id\":\"https:\\\/\\\/pulsair.net\\\/#\\\/schema\\\/logo\\\/image\\\/\",\"url\":\"https:\\\/\\\/pulsair.net\\\/wp-content\\\/uploads\\\/2020\\\/07\\\/cropped-cropped-Rotation-alleine-500x500-1.png\",\"contentUrl\":\"https:\\\/\\\/pulsair.net\\\/wp-content\\\/uploads\\\/2020\\\/07\\\/cropped-cropped-Rotation-alleine-500x500-1.png\",\"width\":512,\"height\":512,\"caption\":\"Puls-air Hallen und Werkstattheizung\"},\"image\":{\"@id\":\"https:\\\/\\\/pulsair.net\\\/#\\\/schema\\\/logo\\\/image\\\/\"}},{\"@type\":\"Person\",\"@id\":\"https:\\\/\\\/pulsair.net\\\/#\\\/schema\\\/person\\\/8ce7e42b60cd860146fe9332b1599b80\",\"name\":\"Luca Pletzer\",\"image\":{\"@type\":\"ImageObject\",\"inLanguage\":\"en-US\",\"@id\":\"https:\\\/\\\/secure.gravatar.com\\\/avatar\\\/b3b43e1d42dc536d7696b8f044b5439fd2b2b4ca770a94409f7058813516f41a?s=96&d=mm&r=g\",\"url\":\"https:\\\/\\\/secure.gravatar.com\\\/avatar\\\/b3b43e1d42dc536d7696b8f044b5439fd2b2b4ca770a94409f7058813516f41a?s=96&d=mm&r=g\",\"contentUrl\":\"https:\\\/\\\/secure.gravatar.com\\\/avatar\\\/b3b43e1d42dc536d7696b8f044b5439fd2b2b4ca770a94409f7058813516f41a?s=96&d=mm&r=g\",\"caption\":\"Luca Pletzer\"},\"url\":\"https:\\\/\\\/pulsair.net\\\/en\\\/author\\\/onlinemarketingluca-pletzer-com\\\/\"}]}<\/script>\n<!-- \/ Yoast SEO plugin. -->","yoast_head_json":{"title":"Autohaus Schmuck Leobersdorf\/Bezirk Baden\/Nieder\u00f6sterreich &#x1f1e6;&#x1f1f9; - Puls-air Hallen und Werkstattheizung","robots":{"index":"index","follow":"follow","max-snippet":"max-snippet:-1","max-image-preview":"max-image-preview:large","max-video-preview":"max-video-preview:-1"},"canonical":"https:\/\/pulsair.net\/en\/referenz\/autohaus-schmuck-leobersdorf\/","og_locale":"en_US","og_type":"article","og_title":"Autohaus Schmuck Leobersdorf\/Bezirk Baden\/Nieder\u00f6sterreich &#x1f1e6;&#x1f1f9; - Puls-air Hallen und Werkstattheizung","og_description":"Kundenreferenz Autohaus Schmuck in Leobersdorf setzt auf Puls-air Zuverl\u00e4ssig heizen seit \u00fcber 20 Jahren Steiner","og_url":"https:\/\/pulsair.net\/en\/referenz\/autohaus-schmuck-leobersdorf\/","og_site_name":"Puls-air Hallen und Werkstattheizung","article_published_time":"2023-08-23T13:52:04+00:00","article_modified_time":"2024-11-12T07:24:18+00:00","og_image":[{"width":2560,"height":1707,"url":"https:\/\/pulsair.net\/wp-content\/uploads\/2023\/08\/B9A0203-scaled.jpg","type":"image\/jpeg"}],"author":"Luca Pletzer","twitter_card":"summary_large_image","twitter_misc":{"Written by":"Luca Pletzer","Est. reading time":"2 minutes"},"schema":{"@context":"https:\/\/schema.org","@graph":[{"@type":"Article","@id":"https:\/\/pulsair.net\/referenz\/autohaus-schmuck-leobersdorf\/#article","isPartOf":{"@id":"https:\/\/pulsair.net\/referenz\/autohaus-schmuck-leobersdorf\/"},"author":{"name":"Luca Pletzer","@id":"https:\/\/pulsair.net\/#\/schema\/person\/8ce7e42b60cd860146fe9332b1599b80"},"headline":"Autohaus Schmuck Leobersdorf\/Bezirk Baden\/Nieder\u00f6sterreich &#x1f1e6;&#x1f1f9;","datePublished":"2023-08-23T13:52:04+00:00","dateModified":"2024-11-12T07:24:18+00:00","mainEntityOfPage":{"@id":"https:\/\/pulsair.net\/referenz\/autohaus-schmuck-leobersdorf\/"},"wordCount":331,"publisher":{"@id":"https:\/\/pulsair.net\/#organization"},"image":{"@id":"https:\/\/pulsair.net\/referenz\/autohaus-schmuck-leobersdorf\/#primaryimage"},"thumbnailUrl":"https:\/\/pulsair.net\/wp-content\/uploads\/2023\/08\/B9A0203-scaled.jpg","articleSection":["\u00d6sterreich","Referenz"],"inLanguage":"en-US"},{"@type":"WebPage","@id":"https:\/\/pulsair.net\/referenz\/autohaus-schmuck-leobersdorf\/","url":"https:\/\/pulsair.net\/referenz\/autohaus-schmuck-leobersdorf\/","name":"Autohaus Schmuck Leobersdorf\/Bezirk Baden\/Nieder\u00f6sterreich &#x1f1e6;&#x1f1f9; - Puls-air Hallen und Werkstattheizung","isPartOf":{"@id":"https:\/\/pulsair.net\/#website"},"primaryImageOfPage":{"@id":"https:\/\/pulsair.net\/referenz\/autohaus-schmuck-leobersdorf\/#primaryimage"},"image":{"@id":"https:\/\/pulsair.net\/referenz\/autohaus-schmuck-leobersdorf\/#primaryimage"},"thumbnailUrl":"https:\/\/pulsair.net\/wp-content\/uploads\/2023\/08\/B9A0203-scaled.jpg","datePublished":"2023-08-23T13:52:04+00:00","dateModified":"2024-11-12T07:24:18+00:00","breadcrumb":{"@id":"https:\/\/pulsair.net\/referenz\/autohaus-schmuck-leobersdorf\/#breadcrumb"},"inLanguage":"en-US","potentialAction":[{"@type":"ReadAction","target":["https:\/\/pulsair.net\/referenz\/autohaus-schmuck-leobersdorf\/"]}]},{"@type":"ImageObject","inLanguage":"en-US","@id":"https:\/\/pulsair.net\/referenz\/autohaus-schmuck-leobersdorf\/#primaryimage","url":"https:\/\/pulsair.net\/wp-content\/uploads\/2023\/08\/B9A0203-scaled.jpg","contentUrl":"https:\/\/pulsair.net\/wp-content\/uploads\/2023\/08\/B9A0203-scaled.jpg","width":2560,"height":1707,"caption":"Gesch\u00e4ftsf\u00fchrer des Autohaus Schmuck in Leobersdorf Phillip Steiner mit dem Puls-air Heizger\u00e4t"},{"@type":"BreadcrumbList","@id":"https:\/\/pulsair.net\/referenz\/autohaus-schmuck-leobersdorf\/#breadcrumb","itemListElement":[{"@type":"ListItem","position":1,"name":"Startseite","item":"https:\/\/pulsair.net\/"},{"@type":"ListItem","position":2,"name":"Autohaus Schmuck Leobersdorf\/Bezirk Baden\/Nieder\u00f6sterreich &#x1f1e6;&#x1f1f9;"}]},{"@type":"WebSite","@id":"https:\/\/pulsair.net\/#website","url":"https:\/\/pulsair.net\/","name":"Puls-air Hallen und Werkstattheizung","description":"50 % Heizkosten sparen","publisher":{"@id":"https:\/\/pulsair.net\/#organization"},"potentialAction":[{"@type":"SearchAction","target":{"@type":"EntryPoint","urlTemplate":"https:\/\/pulsair.net\/?s={search_term_string}"},"query-input":{"@type":"PropertyValueSpecification","valueRequired":true,"valueName":"search_term_string"}}],"inLanguage":"en-US"},{"@type":"Organization","@id":"https:\/\/pulsair.net\/#organization","name":"Puls-air Hallen und Werkstattheizung","url":"https:\/\/pulsair.net\/","logo":{"@type":"ImageObject","inLanguage":"en-US","@id":"https:\/\/pulsair.net\/#\/schema\/logo\/image\/","url":"https:\/\/pulsair.net\/wp-content\/uploads\/2020\/07\/cropped-cropped-Rotation-alleine-500x500-1.png","contentUrl":"https:\/\/pulsair.net\/wp-content\/uploads\/2020\/07\/cropped-cropped-Rotation-alleine-500x500-1.png","width":512,"height":512,"caption":"Puls-air Hallen und Werkstattheizung"},"image":{"@id":"https:\/\/pulsair.net\/#\/schema\/logo\/image\/"}},{"@type":"Person","@id":"https:\/\/pulsair.net\/#\/schema\/person\/8ce7e42b60cd860146fe9332b1599b80","name":"Luca Pletzer","image":{"@type":"ImageObject","inLanguage":"en-US","@id":"https:\/\/secure.gravatar.com\/avatar\/b3b43e1d42dc536d7696b8f044b5439fd2b2b4ca770a94409f7058813516f41a?s=96&d=mm&r=g","url":"https:\/\/secure.gravatar.com\/avatar\/b3b43e1d42dc536d7696b8f044b5439fd2b2b4ca770a94409f7058813516f41a?s=96&d=mm&r=g","contentUrl":"https:\/\/secure.gravatar.com\/avatar\/b3b43e1d42dc536d7696b8f044b5439fd2b2b4ca770a94409f7058813516f41a?s=96&d=mm&r=g","caption":"Luca Pletzer"},"url":"https:\/\/pulsair.net\/en\/author\/onlinemarketingluca-pletzer-com\/"}]}},"_links":{"self":[{"href":"https:\/\/pulsair.net\/en\/wp-json\/wp\/v2\/posts\/2550","targetHints":{"allow":["GET"]}}],"collection":[{"href":"https:\/\/pulsair.net\/en\/wp-json\/wp\/v2\/posts"}],"about":[{"href":"https:\/\/pulsair.net\/en\/wp-json\/wp\/v2\/types\/post"}],"author":[{"embeddable":true,"href":"https:\/\/pulsair.net\/en\/wp-json\/wp\/v2\/users\/2"}],"replies":[{"embeddable":true,"href":"https:\/\/pulsair.net\/en\/wp-json\/wp\/v2\/comments?post=2550"}],"version-history":[{"count":8,"href":"https:\/\/pulsair.net\/en\/wp-json\/wp\/v2\/posts\/2550\/revisions"}],"predecessor-version":[{"id":3859,"href":"https:\/\/pulsair.net\/en\/wp-json\/wp\/v2\/posts\/2550\/revisions\/3859"}],"wp:featuredmedia":[{"embeddable":true,"href":"https:\/\/pulsair.net\/en\/wp-json\/wp\/v2\/media\/2552"}],"wp:attachment":[{"href":"https:\/\/pulsair.net\/en\/wp-json\/wp\/v2\/media?parent=2550"}],"wp:term":[{"taxonomy":"category","embeddable":true,"href":"https:\/\/pulsair.net\/en\/wp-json\/wp\/v2\/categories?post=2550"},{"taxonomy":"post_tag","embeddable":true,"href":"https:\/\/pulsair.net\/en\/wp-json\/wp\/v2\/tags?post=2550"}],"curies":[{"name":"wp","href":"https:\/\/api.w.org\/{rel}","templated":true}]}}