{"id":2738,"date":"2023-10-10T12:54:28","date_gmt":"2023-10-10T12:54:28","guid":{"rendered":"https:\/\/pulsair.net\/?p=2738"},"modified":"2024-11-12T07:26:40","modified_gmt":"2024-11-12T07:26:40","slug":"mocker-selb","status":"publish","type":"post","link":"https:\/\/pulsair.net\/fr\/referenz\/mocker-selb\/","title":{"rendered":"Mocker Selb Oberfranken\/Bayern\/Deutschland &#x1f1e9;&#x1f1ea;"},"content":{"rendered":"<div data-elementor-type=\"wp-post\" data-elementor-id=\"2738\" class=\"elementor elementor-2738\" data-elementor-post-type=\"post\">\n\t\t\t\t\t\t<section class=\"elementor-section elementor-top-section elementor-element elementor-element-2e6d971 elementor-section-boxed elementor-section-height-default elementor-section-height-default\" data-id=\"2e6d971\" data-element_type=\"section\" data-e-type=\"section\" data-settings=\"{&quot;background_background&quot;:&quot;classic&quot;}\">\n\t\t\t\t\t\t<div class=\"elementor-container elementor-column-gap-default\">\n\t\t\t\t\t<div class=\"elementor-column elementor-col-100 elementor-top-column elementor-element elementor-element-82f10df\" data-id=\"82f10df\" data-element_type=\"column\" data-e-type=\"column\">\n\t\t\t<div class=\"elementor-widget-wrap elementor-element-populated\">\n\t\t\t\t\t\t<div class=\"elementor-element elementor-element-5574a4b elementor-widget elementor-widget-image\" data-id=\"5574a4b\" data-element_type=\"widget\" data-e-type=\"widget\" data-widget_type=\"image.default\">\n\t\t\t\t<div class=\"elementor-widget-container\">\n\t\t\t\t\t\t\t\t\t\t\t\t\t\t\t\t<a href=\"http:\/\/pulsair.net\/wp-content\/uploads\/2023\/10\/DSC3226.jpg\" data-elementor-open-lightbox=\"yes\" data-elementor-lightbox-title=\"_DSC3226\" data-elementor-lightbox-description=\"Au\u00dfenansicht Autohaus Mocker in Selb\" data-e-action-hash=\"#elementor-action%3Aaction%3Dlightbox%26settings%3DeyJpZCI6Mjc0NywidXJsIjoiaHR0cHM6XC9cL3B1bHNhaXIubmV0XC93cC1jb250ZW50XC91cGxvYWRzXC8yMDIzXC8xMFwvRFNDMzIyNi5qcGcifQ%3D%3D\">\n\t\t\t\t\t\t\t<img fetchpriority=\"high\" decoding=\"async\" width=\"1024\" height=\"549\" src=\"https:\/\/pulsair.net\/wp-content\/uploads\/2023\/10\/DSC3226-1024x549.jpg\" class=\"attachment-large size-large wp-image-2747\" alt=\"Au\u00dfenansicht Autohaus Mocker in Selb\" srcset=\"https:\/\/pulsair.net\/wp-content\/uploads\/2023\/10\/DSC3226-1024x549.jpg 1024w, https:\/\/pulsair.net\/wp-content\/uploads\/2023\/10\/DSC3226-300x161.jpg 300w, https:\/\/pulsair.net\/wp-content\/uploads\/2023\/10\/DSC3226-768x412.jpg 768w, https:\/\/pulsair.net\/wp-content\/uploads\/2023\/10\/DSC3226-1536x823.jpg 1536w, https:\/\/pulsair.net\/wp-content\/uploads\/2023\/10\/DSC3226-600x322.jpg 600w, https:\/\/pulsair.net\/wp-content\/uploads\/2023\/10\/DSC3226.jpg 1920w\" sizes=\"(max-width: 1024px) 100vw, 1024px\" \/>\t\t\t\t\t\t\t\t<\/a>\n\t\t\t\t\t\t\t\t\t\t\t\t\t\t\t<\/div>\n\t\t\t\t<\/div>\n\t\t\t\t\t<\/div>\n\t\t<\/div>\n\t\t\t\t\t<\/div>\n\t\t<\/section>\n\t\t\t\t<section class=\"elementor-section elementor-top-section elementor-element elementor-element-b326046 elementor-reverse-tablet elementor-reverse-mobile elementor-section-boxed elementor-section-height-default elementor-section-height-default\" data-id=\"b326046\" data-element_type=\"section\" data-e-type=\"section\" data-settings=\"{&quot;background_background&quot;:&quot;classic&quot;}\">\n\t\t\t\t\t\t<div class=\"elementor-container elementor-column-gap-default\">\n\t\t\t\t\t<div class=\"elementor-column elementor-col-50 elementor-top-column elementor-element elementor-element-48afff31\" data-id=\"48afff31\" data-element_type=\"column\" data-e-type=\"column\">\n\t\t\t<div class=\"elementor-widget-wrap elementor-element-populated\">\n\t\t\t\t\t\t<div class=\"elementor-element elementor-element-47098b0f elementor-widget elementor-widget-text-editor\" data-id=\"47098b0f\" data-element_type=\"widget\" data-e-type=\"widget\" data-widget_type=\"text-editor.default\">\n\t\t\t\t<div class=\"elementor-widget-container\">\n\t\t\t\t\t\t\t\t\t<div class=\"titel_cst_small smallTitle TitelKlein\">T\u00e9moignage d'un client<\/div>\t\t\t\t\t\t\t\t<\/div>\n\t\t\t\t<\/div>\n\t\t\t\t<div class=\"elementor-element elementor-element-10354a02 elementor-widget elementor-widget-text-editor\" data-id=\"10354a02\" data-element_type=\"widget\" data-e-type=\"widget\" data-widget_type=\"text-editor.default\">\n\t\t\t\t<div class=\"elementor-widget-container\">\n\t\t\t\t\t\t\t\t\t<p><em>Zufrieden mit sparsamem Heizger\u00e4t aus \u00d6sterreich<\/em><\/p>\t\t\t\t\t\t\t\t<\/div>\n\t\t\t\t<\/div>\n\t\t\t\t<div class=\"elementor-element elementor-element-555652b4 elementor-widget elementor-widget-text-editor\" data-id=\"555652b4\" data-element_type=\"widget\" data-e-type=\"widget\" data-widget_type=\"text-editor.default\">\n\t\t\t\t<div class=\"elementor-widget-container\">\n\t\t\t\t\t\t\t\t\t<div class=\"titel_cst\"><div class=\"titel_cst_big\"><h1>\u201eSeit 10 Jahren jedes Monat 50 % weniger Heizkosten\u201c<\/h1><\/div><\/div>\t\t\t\t\t\t\t\t<\/div>\n\t\t\t\t<\/div>\n\t\t\t\t<div class=\"elementor-element elementor-element-971f3ac elementor-widget elementor-widget-text-editor\" data-id=\"971f3ac\" data-element_type=\"widget\" data-e-type=\"widget\" data-widget_type=\"text-editor.default\">\n\t\t\t\t<div class=\"elementor-widget-container\">\n\t\t\t\t\t\t\t\t\t<p><strong>Gesch\u00e4ftsf\u00fchrer und Mechaniker Meister Martin Mocker empfiehlt die Puls-air Heizger\u00e4te.<\/strong><\/p><p>Bei einem telefonischen Interview im Sommer 2020 schildert Martin Mocker, Inhaber und Kfz-Meister, seine Erfahrungen mit dem Puls-air Heizger\u00e4t aus \u00d6sterreich.<\/p><p>Seit 10 Jahren freut sich Inhaber und Kfz-Meister Martin Mocker jeden Monat im Winter \u00fcber die Ersparnis von 200 Euro, die er durch die Puls-air Werkstattheizung aus \u00d6sterreich im Vergleich zu seiner vorherigen Heizmethode (Heizk\u00f6rper) erzielt. Im gesamten Winter ben\u00f6tigt er f\u00fcr die Erw\u00e4rmung seiner Werkstatt nur 1000 \u2013 1200 Liter Heiz\u00f6l bei 2.134 Kubikmeter.<\/p>\t\t\t\t\t\t\t\t<\/div>\n\t\t\t\t<\/div>\n\t\t\t\t\t<\/div>\n\t\t<\/div>\n\t\t\t\t<div class=\"elementor-column elementor-col-50 elementor-top-column elementor-element elementor-element-3fd23096\" data-id=\"3fd23096\" data-element_type=\"column\" data-e-type=\"column\">\n\t\t\t<div class=\"elementor-widget-wrap elementor-element-populated\">\n\t\t\t\t\t\t<div class=\"elementor-element elementor-element-cfb7898 elementor-widget elementor-widget-image\" data-id=\"cfb7898\" data-element_type=\"widget\" data-e-type=\"widget\" data-widget_type=\"image.default\">\n\t\t\t\t<div class=\"elementor-widget-container\">\n\t\t\t\t\t\t\t\t\t\t\t\t\t\t\t\t<a href=\"http:\/\/pulsair.net\/wp-content\/uploads\/2023\/10\/DSC3220-2.jpg\" data-elementor-open-lightbox=\"yes\" data-elementor-lightbox-title=\"_DSC3220\" data-elementor-lightbox-description=\"Martin Mocker vom Autohaus Mocker in Selb mit Puls-air Heizger\u00e4t\" data-e-action-hash=\"#elementor-action%3Aaction%3Dlightbox%26settings%3DeyJpZCI6Mjc0NiwidXJsIjoiaHR0cHM6XC9cL3B1bHNhaXIubmV0XC93cC1jb250ZW50XC91cGxvYWRzXC8yMDIzXC8xMFwvRFNDMzIyMC0yLmpwZyJ9\">\n\t\t\t\t\t\t\t<img decoding=\"async\" width=\"726\" height=\"1024\" src=\"https:\/\/pulsair.net\/wp-content\/uploads\/2023\/10\/DSC3220-2-726x1024.jpg\" class=\"attachment-large size-large wp-image-2746\" alt=\"Martin Mocker vom Autohaus Mocker in Selb mit Puls-air Heizger\u00e4t\" srcset=\"https:\/\/pulsair.net\/wp-content\/uploads\/2023\/10\/DSC3220-2-726x1024.jpg 726w, https:\/\/pulsair.net\/wp-content\/uploads\/2023\/10\/DSC3220-2-213x300.jpg 213w, https:\/\/pulsair.net\/wp-content\/uploads\/2023\/10\/DSC3220-2-768x1083.jpg 768w, https:\/\/pulsair.net\/wp-content\/uploads\/2023\/10\/DSC3220-2-1090x1536.jpg 1090w, https:\/\/pulsair.net\/wp-content\/uploads\/2023\/10\/DSC3220-2-600x846.jpg 600w, https:\/\/pulsair.net\/wp-content\/uploads\/2023\/10\/DSC3220-2.jpg 1362w\" sizes=\"(max-width: 726px) 100vw, 726px\" \/>\t\t\t\t\t\t\t\t<\/a>\n\t\t\t\t\t\t\t\t\t\t\t\t\t\t\t<\/div>\n\t\t\t\t<\/div>\n\t\t\t\t\t<\/div>\n\t\t<\/div>\n\t\t\t\t\t<\/div>\n\t\t<\/section>\n\t\t\t\t<section class=\"elementor-section elementor-top-section elementor-element elementor-element-7ebf292 elementor-section-boxed elementor-section-height-default elementor-section-height-default\" data-id=\"7ebf292\" data-element_type=\"section\" data-e-type=\"section\" data-settings=\"{&quot;background_background&quot;:&quot;classic&quot;}\">\n\t\t\t\t\t\t<div class=\"elementor-container elementor-column-gap-default\">\n\t\t\t\t\t<div class=\"elementor-column elementor-col-100 elementor-top-column elementor-element elementor-element-daa0f45\" data-id=\"daa0f45\" data-element_type=\"column\" data-e-type=\"column\">\n\t\t\t<div class=\"elementor-widget-wrap elementor-element-populated\">\n\t\t\t\t\t\t<div class=\"elementor-element elementor-element-1c1ffa7 elementor-widget elementor-widget-text-editor\" data-id=\"1c1ffa7\" data-element_type=\"widget\" data-e-type=\"widget\" data-widget_type=\"text-editor.default\">\n\t\t\t\t<div class=\"elementor-widget-container\">\n\t\t\t\t\t\t\t\t\t<p>Der Betrieb von Martin Mocker wurde 1990 gegr\u00fcndet, verf\u00fcgt \u00fcber 15 Mitarbeiter und eine Werkstatt mit 6 Arbeitspl\u00e4tzen. 2013 wurde das Unternehmen in eine GmbH umfirmiert, 2008 ist Mocker mit seinem Team in einen gr\u00f6\u00dferen Betrieb umgezogen. Aus der fr\u00fcheren Daihatsu Vertragswerkstatt ist jetzt ein Vertragsh\u00e4ndler f\u00fcr die Marken Kia, Isuzu und Piaggio geworden. \u201eDie Pers\u00f6nlichkeit vor Ort zeichnet unser Unternehmen aus!\u201c so Mocker.<\/p><h2>Mitarbeiter und Inhaber schw\u00e4rmen in h\u00f6chsten T\u00f6nen<\/h2><p>\u201eEinfach zu bedienen\u201c, \u201eMacht sch\u00f6n warm\u201c, \u201eSch\u00f6ne W\u00e4rmeverteilung\u201c, \u201eMan steht nicht im Luftstrom\u201c, \u201eTor offen, gleich wieder warm\u201c, \u201eWerkstatt schnell aufgeheizt\u201c, \u201eGute Qualit\u00e4t\u201c. Dies sind einige Aussagen der Mitarbeiter von Herrn Mocker, die er extra f\u00fcr das Puls-air Interview sammelte. Mocker selbst erw\u00e4hnt, dass der Anschaffungspreis des Heizger\u00e4tes moderat ist und es sich durch die enormen Heizkostenersparnisse quasi von selbst amortisiert.<\/p><h2>Wartung gleich 0<\/h2><p>\u201eWir haben hin und wieder die D\u00fcse selbst gereinigt, aber sonst mussten wir seit 10 Jahren nichts an dem Ger\u00e4t machen. Einmal haben wir das Ger\u00e4t ein wenig verschoben, dabei ist der Abgasschlauch aus dem Flansch gerutscht. Dies ist einer Woche niemandem aufgefallen, weil das Ger\u00e4t kaum Abgase produziert. Eine unvergleichbar saubere Verbrennung\u201c.<\/p><h2>In unter 10 Minuten warm<\/h2><p>\u201eDer erste Mitarbeiter, der am Morgen den Betrieb betritt, dreht das Thermostat auf 18 Grad und in nicht einmal 10 Minuten ist die 2.134 Kubikmeter gro\u00dfe Werkstatt angenehm warm. \u00dcber Nacht drehen wir das Ger\u00e4t als Frostschutz auf eine geringe Temperatur zur\u00fcck. Praktisch ist auch, dass das Ger\u00e4t an einen externen Heiz\u00f6ltank anschlie\u00dfbar ist, somit m\u00fcssen wir maximal einmal pro Winter f\u00fcr Heiz\u00f6l sorgen\u201c, erkl\u00e4rt der Mechaniker-Meister.<\/p><h2>Inbetriebnahme?<\/h2><p>Daran kann sich Inhaber Mocker nicht mehr erinnern, weil es so wenig Aufwand gewesen sei. Auf jeden Fall habe er das wenige Abgas, das anf\u00e4llt einfach durch die Wand ins Freie geleitet, das Ger\u00e4t mit einem externen \u00d6ltank verbunden, den Strom angeschlossen und fertig. \u201eIch wei\u00df es nicht mehr genau, weil es so einfach war.\u201c<\/p><h2>Die Gr\u00fcnde f\u00fcr die Effizienz von Puls-air:<\/h2><ul><li>Wirkungsgrad von 97 % durch die patentierte pulsierende Verbrennung,<\/li><li>Die vom Ger\u00e4t erzeugte thermische Luftwalze und<\/li><li>Die physisch richtige Positionierung des Ger\u00e4tes auf dem Boden der zu beheizenden R\u00e4umlichkeit<\/li><\/ul><h2>Puls-air in 3 Worten<\/h2><p>\u201eBeschreiben Sie das Puls-air Heizger\u00e4t in 3 Worten:\u201c<\/p><p>Mocker: \u201eSuper \u2013 klasse &#8211; immerwieder\u201c<\/p>\t\t\t\t\t\t\t\t<\/div>\n\t\t\t\t<\/div>\n\t\t\t\t\t<\/div>\n\t\t<\/div>\n\t\t\t\t\t<\/div>\n\t\t<\/section>\n\t\t\t\t<section class=\"elementor-section elementor-top-section elementor-element elementor-element-a5cc4db elementor-hidden-desktop elementor-hidden-tablet elementor-hidden-phone elementor-section-boxed elementor-section-height-default elementor-section-height-default\" data-id=\"a5cc4db\" data-element_type=\"section\" data-e-type=\"section\">\n\t\t\t\t\t\t<div class=\"elementor-container elementor-column-gap-default\">\n\t\t\t\t\t<div class=\"elementor-column elementor-col-33 elementor-top-column elementor-element elementor-element-a933b9e\" data-id=\"a933b9e\" data-element_type=\"column\" data-e-type=\"column\">\n\t\t\t<div class=\"elementor-widget-wrap elementor-element-populated\">\n\t\t\t\t\t\t<div class=\"elementor-element elementor-element-12357de elementor-widget elementor-widget-image\" data-id=\"12357de\" data-element_type=\"widget\" data-e-type=\"widget\" data-widget_type=\"image.default\">\n\t\t\t\t<div class=\"elementor-widget-container\">\n\t\t\t\t\t\t\t\t\t\t\t\t\t\t\t\t<a href=\"http:\/\/pulsair.net\/wp-content\/uploads\/2023\/10\/kimsperspektive-22.jpg\" data-elementor-open-lightbox=\"yes\" data-elementor-lightbox-title=\"Kim\u2018s Perspektive - KIM MANGELS FOTOGRAFIE\" data-elementor-lightbox-description=\"Puls-air Werkstattheizung 23,5 kW bei KFZ Service Hayko\" data-e-action-hash=\"#elementor-action%3Aaction%3Dlightbox%26settings%3DeyJpZCI6MjczMiwidXJsIjoiaHR0cHM6XC9cL3B1bHNhaXIubmV0XC93cC1jb250ZW50XC91cGxvYWRzXC8yMDIzXC8xMFwva2ltc3BlcnNwZWt0aXZlLTIyLmpwZyJ9\">\n\t\t\t\t\t\t\t<img decoding=\"async\" width=\"1024\" height=\"683\" src=\"https:\/\/pulsair.net\/wp-content\/uploads\/2023\/10\/kimsperspektive-22-1024x683.jpg\" class=\"attachment-large size-large wp-image-2732\" alt=\"Puls-air Werkstattheizung 23,5 kW bei KFZ Service Hayko\" srcset=\"https:\/\/pulsair.net\/wp-content\/uploads\/2023\/10\/kimsperspektive-22-1024x683.jpg 1024w, https:\/\/pulsair.net\/wp-content\/uploads\/2023\/10\/kimsperspektive-22-300x200.jpg 300w, https:\/\/pulsair.net\/wp-content\/uploads\/2023\/10\/kimsperspektive-22-768x512.jpg 768w, https:\/\/pulsair.net\/wp-content\/uploads\/2023\/10\/kimsperspektive-22-1536x1024.jpg 1536w, https:\/\/pulsair.net\/wp-content\/uploads\/2023\/10\/kimsperspektive-22-600x400.jpg 600w, https:\/\/pulsair.net\/wp-content\/uploads\/2023\/10\/kimsperspektive-22.jpg 1920w\" sizes=\"(max-width: 1024px) 100vw, 1024px\" \/>\t\t\t\t\t\t\t\t<\/a>\n\t\t\t\t\t\t\t\t\t\t\t\t\t\t\t<\/div>\n\t\t\t\t<\/div>\n\t\t\t\t\t<\/div>\n\t\t<\/div>\n\t\t\t\t<div class=\"elementor-column elementor-col-33 elementor-top-column elementor-element elementor-element-391c405\" data-id=\"391c405\" data-element_type=\"column\" data-e-type=\"column\">\n\t\t\t<div class=\"elementor-widget-wrap elementor-element-populated\">\n\t\t\t\t\t\t<div class=\"elementor-element elementor-element-9e0d99b elementor-widget elementor-widget-image\" data-id=\"9e0d99b\" data-element_type=\"widget\" data-e-type=\"widget\" data-widget_type=\"image.default\">\n\t\t\t\t<div class=\"elementor-widget-container\">\n\t\t\t\t\t\t\t\t\t\t\t\t\t\t\t\t<a href=\"http:\/\/pulsair.net\/wp-content\/uploads\/2023\/10\/kimsperspektive-23.jpg\" data-elementor-open-lightbox=\"yes\" data-elementor-lightbox-title=\"Kim\u2018s Perspektive - KIM MANGELS FOTOGRAFIE\" data-elementor-lightbox-description=\"Puls-air Heizung mit Abgasanlage\" data-e-action-hash=\"#elementor-action%3Aaction%3Dlightbox%26settings%3DeyJpZCI6MjczMywidXJsIjoiaHR0cHM6XC9cL3B1bHNhaXIubmV0XC93cC1jb250ZW50XC91cGxvYWRzXC8yMDIzXC8xMFwva2ltc3BlcnNwZWt0aXZlLTIzLmpwZyJ9\">\n\t\t\t\t\t\t\t<img loading=\"lazy\" decoding=\"async\" width=\"1024\" height=\"683\" src=\"https:\/\/pulsair.net\/wp-content\/uploads\/2023\/10\/kimsperspektive-23-1024x683.jpg\" class=\"attachment-large size-large wp-image-2733\" alt=\"Puls-air Heizung mit Abgasanlage\" srcset=\"https:\/\/pulsair.net\/wp-content\/uploads\/2023\/10\/kimsperspektive-23-1024x683.jpg 1024w, https:\/\/pulsair.net\/wp-content\/uploads\/2023\/10\/kimsperspektive-23-300x200.jpg 300w, https:\/\/pulsair.net\/wp-content\/uploads\/2023\/10\/kimsperspektive-23-768x512.jpg 768w, https:\/\/pulsair.net\/wp-content\/uploads\/2023\/10\/kimsperspektive-23-1536x1024.jpg 1536w, https:\/\/pulsair.net\/wp-content\/uploads\/2023\/10\/kimsperspektive-23-600x400.jpg 600w, https:\/\/pulsair.net\/wp-content\/uploads\/2023\/10\/kimsperspektive-23.jpg 1920w\" sizes=\"(max-width: 1024px) 100vw, 1024px\" \/>\t\t\t\t\t\t\t\t<\/a>\n\t\t\t\t\t\t\t\t\t\t\t\t\t\t\t<\/div>\n\t\t\t\t<\/div>\n\t\t\t\t\t<\/div>\n\t\t<\/div>\n\t\t\t\t<div class=\"elementor-column elementor-col-33 elementor-top-column elementor-element elementor-element-2c17cc8\" data-id=\"2c17cc8\" data-element_type=\"column\" data-e-type=\"column\">\n\t\t\t<div class=\"elementor-widget-wrap elementor-element-populated\">\n\t\t\t\t\t\t<div class=\"elementor-element elementor-element-670e3f3 elementor-widget elementor-widget-image\" data-id=\"670e3f3\" data-element_type=\"widget\" data-e-type=\"widget\" data-widget_type=\"image.default\">\n\t\t\t\t<div class=\"elementor-widget-container\">\n\t\t\t\t\t\t\t\t\t\t\t\t\t\t\t\t<a href=\"http:\/\/pulsair.net\/wp-content\/uploads\/2023\/10\/kimsperspektive-33.jpg\" data-elementor-open-lightbox=\"yes\" data-elementor-lightbox-title=\"Kim\u2018s Perspektive - KIM MANGELS FOTOGRAFIE\" data-elementor-lightbox-description=\"Au\u00dfenansicht KFZ Service Hayko\" data-e-action-hash=\"#elementor-action%3Aaction%3Dlightbox%26settings%3DeyJpZCI6MjczNCwidXJsIjoiaHR0cHM6XC9cL3B1bHNhaXIubmV0XC93cC1jb250ZW50XC91cGxvYWRzXC8yMDIzXC8xMFwva2ltc3BlcnNwZWt0aXZlLTMzLmpwZyJ9\">\n\t\t\t\t\t\t\t<img loading=\"lazy\" decoding=\"async\" width=\"1024\" height=\"683\" src=\"https:\/\/pulsair.net\/wp-content\/uploads\/2023\/10\/kimsperspektive-33-1024x683.jpg\" class=\"attachment-large size-large wp-image-2734\" alt=\"Au\u00dfenansicht KFZ Service Hayko\" srcset=\"https:\/\/pulsair.net\/wp-content\/uploads\/2023\/10\/kimsperspektive-33-1024x683.jpg 1024w, https:\/\/pulsair.net\/wp-content\/uploads\/2023\/10\/kimsperspektive-33-300x200.jpg 300w, https:\/\/pulsair.net\/wp-content\/uploads\/2023\/10\/kimsperspektive-33-768x512.jpg 768w, https:\/\/pulsair.net\/wp-content\/uploads\/2023\/10\/kimsperspektive-33-1536x1024.jpg 1536w, https:\/\/pulsair.net\/wp-content\/uploads\/2023\/10\/kimsperspektive-33-600x400.jpg 600w, https:\/\/pulsair.net\/wp-content\/uploads\/2023\/10\/kimsperspektive-33.jpg 1920w\" sizes=\"(max-width: 1024px) 100vw, 1024px\" \/>\t\t\t\t\t\t\t\t<\/a>\n\t\t\t\t\t\t\t\t\t\t\t\t\t\t\t<\/div>\n\t\t\t\t<\/div>\n\t\t\t\t\t<\/div>\n\t\t<\/div>\n\t\t\t\t\t<\/div>\n\t\t<\/section>\n\t\t\t\t<section class=\"elementor-section elementor-top-section elementor-element elementor-element-05d5797 elementor-section-boxed elementor-section-height-default elementor-section-height-default\" data-id=\"05d5797\" data-element_type=\"section\" data-e-type=\"section\">\n\t\t\t\t\t\t<div class=\"elementor-container elementor-column-gap-default\">\n\t\t\t\t\t<div class=\"elementor-column elementor-col-100 elementor-top-column elementor-element elementor-element-77a0251\" data-id=\"77a0251\" data-element_type=\"column\" data-e-type=\"column\">\n\t\t\t<div class=\"elementor-widget-wrap elementor-element-populated\">\n\t\t\t\t\t\t<div class=\"elementor-element elementor-element-06d753c elementor-widget elementor-widget-text-editor\" data-id=\"06d753c\" data-element_type=\"widget\" data-e-type=\"widget\" data-widget_type=\"text-editor.default\">\n\t\t\t\t<div class=\"elementor-widget-container\">\n\t\t\t\t\t\t\t\t\t<div class=\"titel_cst\"><div class=\"titel_cst_big\"><h2 class=\"Titel\">Autres r\u00e9f\u00e9rences :<\/h2><\/div><\/div>\t\t\t\t\t\t\t\t<\/div>\n\t\t\t\t<\/div>\n\t\t\t\t<div class=\"elementor-element elementor-element-cd53b0b elementor-grid-3 elementor-grid-tablet-2 elementor-grid-mobile-1 elementor-posts--thumbnail-top elementor-card-shadow-yes elementor-posts__hover-gradient elementor-widget elementor-widget-global elementor-global-1038 elementor-widget-posts\" data-id=\"cd53b0b\" data-element_type=\"widget\" data-e-type=\"widget\" data-settings=\"{&quot;cards_masonry&quot;:&quot;yes&quot;,&quot;cards_columns&quot;:&quot;3&quot;,&quot;cards_columns_tablet&quot;:&quot;2&quot;,&quot;cards_columns_mobile&quot;:&quot;1&quot;,&quot;cards_row_gap&quot;:{&quot;unit&quot;:&quot;px&quot;,&quot;size&quot;:35,&quot;sizes&quot;:[]},&quot;cards_row_gap_tablet&quot;:{&quot;unit&quot;:&quot;px&quot;,&quot;size&quot;:&quot;&quot;,&quot;sizes&quot;:[]},&quot;cards_row_gap_mobile&quot;:{&quot;unit&quot;:&quot;px&quot;,&quot;size&quot;:&quot;&quot;,&quot;sizes&quot;:[]}}\" data-widget_type=\"posts.cards\">\n\t\t\t\t<div class=\"elementor-widget-container\">\n\t\t\t\t\t\t\t<div class=\"elementor-posts-container elementor-posts elementor-posts--skin-cards elementor-grid\" role=\"list\">\n\t\t\t\t<article class=\"elementor-post elementor-grid-item post-5109 post type-post status-publish format-standard has-post-thumbnail hentry category-deutschland category-referenz\" role=\"listitem\">\n\t\t\t<div class=\"elementor-post__card\">\n\t\t\t\t<a class=\"elementor-post__thumbnail__link\" href=\"https:\/\/pulsair.net\/fr\/referenz\/auto-lackier-center-bamberg\/\" tabindex=\"-1\" ><div class=\"elementor-post__thumbnail\"><img loading=\"lazy\" decoding=\"async\" width=\"640\" height=\"480\" src=\"https:\/\/pulsair.net\/wp-content\/uploads\/2026\/03\/unnamed-2.jpg\" class=\"attachment-full size-full wp-image-5111\" alt=\"\" srcset=\"https:\/\/pulsair.net\/wp-content\/uploads\/2026\/03\/unnamed-2.jpg 640w, https:\/\/pulsair.net\/wp-content\/uploads\/2026\/03\/unnamed-2-300x225.jpg 300w, https:\/\/pulsair.net\/wp-content\/uploads\/2026\/03\/unnamed-2-16x12.jpg 16w, https:\/\/pulsair.net\/wp-content\/uploads\/2026\/03\/unnamed-2-600x450.jpg 600w\" sizes=\"(max-width: 640px) 100vw, 640px\" \/><\/div><\/a>\n\t\t\t\t<div class=\"elementor-post__text\">\n\t\t\t\t<h3 class=\"elementor-post__title\">\n\t\t\t<a href=\"https:\/\/pulsair.net\/fr\/referenz\/auto-lackier-center-bamberg\/\" >\n\t\t\t\tAUTO-LACKIER-CENTER &#038; KAROSSERIEFACHBETRIEB, Bamberg, Deutschland &#x1f1e9;&#x1f1ea;\t\t\t<\/a>\n\t\t<\/h3>\n\t\t\n\t\t<a class=\"elementor-post__read-more\" href=\"https:\/\/pulsair.net\/fr\/referenz\/auto-lackier-center-bamberg\/\" aria-label=\"Read more about AUTO-LACKIER-CENTER &#038; KAROSSERIEFACHBETRIEB, Bamberg, Deutschland &#x1f1e9;&#x1f1ea;\" tabindex=\"-1\" >\n\t\t\tZur Referenz &gt;&gt;\t\t<\/a>\n\n\t\t\t\t<\/div>\n\t\t\t\t<div class=\"elementor-post__meta-data\">\n\t\t\t\t\t<span class=\"elementor-post-date\">\n\t\t\tmars 30, 2026\t\t<\/span>\n\t\t\t\t<\/div>\n\t\t\t\t\t<\/div>\n\t\t<\/article>\n\t\t\t\t<article class=\"elementor-post elementor-grid-item post-5098 post type-post status-publish format-standard has-post-thumbnail hentry category-deutschland category-referenz\" role=\"listitem\">\n\t\t\t<div class=\"elementor-post__card\">\n\t\t\t\t<a class=\"elementor-post__thumbnail__link\" href=\"https:\/\/pulsair.net\/fr\/referenz\/autohaus-schroeder-gmbh-bad-oldesloe\/\" tabindex=\"-1\" ><div class=\"elementor-post__thumbnail\"><img loading=\"lazy\" decoding=\"async\" width=\"1920\" height=\"1440\" src=\"https:\/\/pulsair.net\/wp-content\/uploads\/2026\/03\/P1280095-SchrAder-4.jpg\" class=\"attachment-full size-full wp-image-5100\" alt=\"\" srcset=\"https:\/\/pulsair.net\/wp-content\/uploads\/2026\/03\/P1280095-SchrAder-4.jpg 1920w, https:\/\/pulsair.net\/wp-content\/uploads\/2026\/03\/P1280095-SchrAder-4-300x225.jpg 300w, https:\/\/pulsair.net\/wp-content\/uploads\/2026\/03\/P1280095-SchrAder-4-1024x768.jpg 1024w, https:\/\/pulsair.net\/wp-content\/uploads\/2026\/03\/P1280095-SchrAder-4-768x576.jpg 768w, https:\/\/pulsair.net\/wp-content\/uploads\/2026\/03\/P1280095-SchrAder-4-1536x1152.jpg 1536w, https:\/\/pulsair.net\/wp-content\/uploads\/2026\/03\/P1280095-SchrAder-4-16x12.jpg 16w, https:\/\/pulsair.net\/wp-content\/uploads\/2026\/03\/P1280095-SchrAder-4-600x450.jpg 600w\" sizes=\"(max-width: 1920px) 100vw, 1920px\" \/><\/div><\/a>\n\t\t\t\t<div class=\"elementor-post__text\">\n\t\t\t\t<h3 class=\"elementor-post__title\">\n\t\t\t<a href=\"https:\/\/pulsair.net\/fr\/referenz\/autohaus-schroeder-gmbh-bad-oldesloe\/\" >\n\t\t\t\tAutohaus Schr\u00f6der GmbH Bad Oldesloe, Deutschland &#x1f1e9;&#x1f1ea;\t\t\t<\/a>\n\t\t<\/h3>\n\t\t\n\t\t<a class=\"elementor-post__read-more\" href=\"https:\/\/pulsair.net\/fr\/referenz\/autohaus-schroeder-gmbh-bad-oldesloe\/\" aria-label=\"Read more about Autohaus Schr\u00f6der GmbH Bad Oldesloe, Deutschland &#x1f1e9;&#x1f1ea;\" tabindex=\"-1\" >\n\t\t\tZur Referenz &gt;&gt;\t\t<\/a>\n\n\t\t\t\t<\/div>\n\t\t\t\t<div class=\"elementor-post__meta-data\">\n\t\t\t\t\t<span class=\"elementor-post-date\">\n\t\t\tmars 26, 2026\t\t<\/span>\n\t\t\t\t<\/div>\n\t\t\t\t\t<\/div>\n\t\t<\/article>\n\t\t\t\t<article class=\"elementor-post elementor-grid-item post-5086 post type-post status-publish format-standard has-post-thumbnail hentry category-deutschland category-referenz\" role=\"listitem\">\n\t\t\t<div class=\"elementor-post__card\">\n\t\t\t\t<a class=\"elementor-post__thumbnail__link\" href=\"https:\/\/pulsair.net\/fr\/referenz\/ts-carservice-thomas-stoss-schluechtern\/\" tabindex=\"-1\" ><div class=\"elementor-post__thumbnail\"><img loading=\"lazy\" decoding=\"async\" width=\"1280\" height=\"1920\" src=\"https:\/\/pulsair.net\/wp-content\/uploads\/2026\/03\/ts-pulsair_5063-ts-Car-Service-7.jpg\" class=\"attachment-full size-full wp-image-5088\" alt=\"\" srcset=\"https:\/\/pulsair.net\/wp-content\/uploads\/2026\/03\/ts-pulsair_5063-ts-Car-Service-7.jpg 1280w, https:\/\/pulsair.net\/wp-content\/uploads\/2026\/03\/ts-pulsair_5063-ts-Car-Service-7-200x300.jpg 200w, https:\/\/pulsair.net\/wp-content\/uploads\/2026\/03\/ts-pulsair_5063-ts-Car-Service-7-683x1024.jpg 683w, https:\/\/pulsair.net\/wp-content\/uploads\/2026\/03\/ts-pulsair_5063-ts-Car-Service-7-768x1152.jpg 768w, https:\/\/pulsair.net\/wp-content\/uploads\/2026\/03\/ts-pulsair_5063-ts-Car-Service-7-1024x1536.jpg 1024w, https:\/\/pulsair.net\/wp-content\/uploads\/2026\/03\/ts-pulsair_5063-ts-Car-Service-7-8x12.jpg 8w, https:\/\/pulsair.net\/wp-content\/uploads\/2026\/03\/ts-pulsair_5063-ts-Car-Service-7-600x900.jpg 600w\" sizes=\"(max-width: 1280px) 100vw, 1280px\" \/><\/div><\/a>\n\t\t\t\t<div class=\"elementor-post__text\">\n\t\t\t\t<h3 class=\"elementor-post__title\">\n\t\t\t<a href=\"https:\/\/pulsair.net\/fr\/referenz\/ts-carservice-thomas-stoss-schluechtern\/\" >\n\t\t\t\tTS-Carservice Thomas Sto\u00df Schl\u00fcchtern, Deutschland &#x1f1e9;&#x1f1ea;\t\t\t<\/a>\n\t\t<\/h3>\n\t\t\n\t\t<a class=\"elementor-post__read-more\" href=\"https:\/\/pulsair.net\/fr\/referenz\/ts-carservice-thomas-stoss-schluechtern\/\" aria-label=\"Read more about TS-Carservice Thomas Sto\u00df Schl\u00fcchtern, Deutschland &#x1f1e9;&#x1f1ea;\" tabindex=\"-1\" >\n\t\t\tZur Referenz &gt;&gt;\t\t<\/a>\n\n\t\t\t\t<\/div>\n\t\t\t\t<div class=\"elementor-post__meta-data\">\n\t\t\t\t\t<span class=\"elementor-post-date\">\n\t\t\tmars 26, 2026\t\t<\/span>\n\t\t\t\t<\/div>\n\t\t\t\t\t<\/div>\n\t\t<\/article>\n\t\t\t\t<article class=\"elementor-post elementor-grid-item post-5074 post type-post status-publish format-standard has-post-thumbnail hentry category-deutschland category-referenz\" role=\"listitem\">\n\t\t\t<div class=\"elementor-post__card\">\n\t\t\t\t<a class=\"elementor-post__thumbnail__link\" href=\"https:\/\/pulsair.net\/fr\/referenz\/autohaus-richter-gmbh-bitterfeld-wolfen\/\" tabindex=\"-1\" ><div class=\"elementor-post__thumbnail\"><img loading=\"lazy\" decoding=\"async\" width=\"1920\" height=\"1280\" src=\"https:\/\/pulsair.net\/wp-content\/uploads\/2026\/03\/foto-grehl-1MP-7246.jpg\" class=\"attachment-full size-full wp-image-5076\" alt=\"\" srcset=\"https:\/\/pulsair.net\/wp-content\/uploads\/2026\/03\/foto-grehl-1MP-7246.jpg 1920w, https:\/\/pulsair.net\/wp-content\/uploads\/2026\/03\/foto-grehl-1MP-7246-300x200.jpg 300w, https:\/\/pulsair.net\/wp-content\/uploads\/2026\/03\/foto-grehl-1MP-7246-1024x683.jpg 1024w, https:\/\/pulsair.net\/wp-content\/uploads\/2026\/03\/foto-grehl-1MP-7246-768x512.jpg 768w, https:\/\/pulsair.net\/wp-content\/uploads\/2026\/03\/foto-grehl-1MP-7246-1536x1024.jpg 1536w, https:\/\/pulsair.net\/wp-content\/uploads\/2026\/03\/foto-grehl-1MP-7246-18x12.jpg 18w, https:\/\/pulsair.net\/wp-content\/uploads\/2026\/03\/foto-grehl-1MP-7246-600x400.jpg 600w\" sizes=\"(max-width: 1920px) 100vw, 1920px\" \/><\/div><\/a>\n\t\t\t\t<div class=\"elementor-post__text\">\n\t\t\t\t<h3 class=\"elementor-post__title\">\n\t\t\t<a href=\"https:\/\/pulsair.net\/fr\/referenz\/autohaus-richter-gmbh-bitterfeld-wolfen\/\" >\n\t\t\t\tAutohaus Richter GmbH Bitterfeld-Wolfen, Deutschland &#x1f1e9;&#x1f1ea;\t\t\t<\/a>\n\t\t<\/h3>\n\t\t\n\t\t<a class=\"elementor-post__read-more\" href=\"https:\/\/pulsair.net\/fr\/referenz\/autohaus-richter-gmbh-bitterfeld-wolfen\/\" aria-label=\"Read more about Autohaus Richter GmbH Bitterfeld-Wolfen, Deutschland &#x1f1e9;&#x1f1ea;\" tabindex=\"-1\" >\n\t\t\tZur Referenz &gt;&gt;\t\t<\/a>\n\n\t\t\t\t<\/div>\n\t\t\t\t<div class=\"elementor-post__meta-data\">\n\t\t\t\t\t<span class=\"elementor-post-date\">\n\t\t\tmars 26, 2026\t\t<\/span>\n\t\t\t\t<\/div>\n\t\t\t\t\t<\/div>\n\t\t<\/article>\n\t\t\t\t<article class=\"elementor-post elementor-grid-item post-5056 post type-post status-publish format-standard has-post-thumbnail hentry category-deutschland category-referenz\" role=\"listitem\">\n\t\t\t<div class=\"elementor-post__card\">\n\t\t\t\t<a class=\"elementor-post__thumbnail__link\" href=\"https:\/\/pulsair.net\/fr\/referenz\/1a-autoservice-martin-distner-eslarn\/\" tabindex=\"-1\" ><div class=\"elementor-post__thumbnail\"><img loading=\"lazy\" decoding=\"async\" width=\"1709\" height=\"2560\" src=\"https:\/\/pulsair.net\/wp-content\/uploads\/2026\/03\/DSCF2467-scaled.jpg\" class=\"attachment-full size-full wp-image-5060\" alt=\"\" srcset=\"https:\/\/pulsair.net\/wp-content\/uploads\/2026\/03\/DSCF2467-scaled.jpg 1709w, https:\/\/pulsair.net\/wp-content\/uploads\/2026\/03\/DSCF2467-200x300.jpg 200w, https:\/\/pulsair.net\/wp-content\/uploads\/2026\/03\/DSCF2467-684x1024.jpg 684w, https:\/\/pulsair.net\/wp-content\/uploads\/2026\/03\/DSCF2467-768x1150.jpg 768w, https:\/\/pulsair.net\/wp-content\/uploads\/2026\/03\/DSCF2467-1025x1536.jpg 1025w, https:\/\/pulsair.net\/wp-content\/uploads\/2026\/03\/DSCF2467-1367x2048.jpg 1367w, https:\/\/pulsair.net\/wp-content\/uploads\/2026\/03\/DSCF2467-8x12.jpg 8w, https:\/\/pulsair.net\/wp-content\/uploads\/2026\/03\/DSCF2467-600x899.jpg 600w\" sizes=\"(max-width: 1709px) 100vw, 1709px\" \/><\/div><\/a>\n\t\t\t\t<div class=\"elementor-post__text\">\n\t\t\t\t<h3 class=\"elementor-post__title\">\n\t\t\t<a href=\"https:\/\/pulsair.net\/fr\/referenz\/1a-autoservice-martin-distner-eslarn\/\" >\n\t\t\t\t1a autoservice Martin Distner Eslarn, Deutschland &#x1f1e9;&#x1f1ea;\t\t\t<\/a>\n\t\t<\/h3>\n\t\t\n\t\t<a class=\"elementor-post__read-more\" href=\"https:\/\/pulsair.net\/fr\/referenz\/1a-autoservice-martin-distner-eslarn\/\" aria-label=\"Read more about 1a autoservice Martin Distner Eslarn, Deutschland &#x1f1e9;&#x1f1ea;\" tabindex=\"-1\" >\n\t\t\tZur Referenz &gt;&gt;\t\t<\/a>\n\n\t\t\t\t<\/div>\n\t\t\t\t<div class=\"elementor-post__meta-data\">\n\t\t\t\t\t<span class=\"elementor-post-date\">\n\t\t\tmars 26, 2026\t\t<\/span>\n\t\t\t\t<\/div>\n\t\t\t\t\t<\/div>\n\t\t<\/article>\n\t\t\t\t<article class=\"elementor-post elementor-grid-item post-5047 post type-post status-publish format-standard has-post-thumbnail hentry category-deutschland category-referenz\" role=\"listitem\">\n\t\t\t<div class=\"elementor-post__card\">\n\t\t\t\t<a class=\"elementor-post__thumbnail__link\" href=\"https:\/\/pulsair.net\/fr\/referenz\/autohaus-bacher-gmbh-ingolstadt\/\" tabindex=\"-1\" ><div class=\"elementor-post__thumbnail\"><img loading=\"lazy\" decoding=\"async\" width=\"1920\" height=\"1280\" src=\"https:\/\/pulsair.net\/wp-content\/uploads\/2026\/03\/Bild-004.jpg\" class=\"attachment-full size-full wp-image-5049\" alt=\"\" srcset=\"https:\/\/pulsair.net\/wp-content\/uploads\/2026\/03\/Bild-004.jpg 1920w, https:\/\/pulsair.net\/wp-content\/uploads\/2026\/03\/Bild-004-300x200.jpg 300w, https:\/\/pulsair.net\/wp-content\/uploads\/2026\/03\/Bild-004-1024x683.jpg 1024w, https:\/\/pulsair.net\/wp-content\/uploads\/2026\/03\/Bild-004-768x512.jpg 768w, https:\/\/pulsair.net\/wp-content\/uploads\/2026\/03\/Bild-004-1536x1024.jpg 1536w, https:\/\/pulsair.net\/wp-content\/uploads\/2026\/03\/Bild-004-18x12.jpg 18w, https:\/\/pulsair.net\/wp-content\/uploads\/2026\/03\/Bild-004-600x400.jpg 600w\" sizes=\"(max-width: 1920px) 100vw, 1920px\" \/><\/div><\/a>\n\t\t\t\t<div class=\"elementor-post__text\">\n\t\t\t\t<h3 class=\"elementor-post__title\">\n\t\t\t<a href=\"https:\/\/pulsair.net\/fr\/referenz\/autohaus-bacher-gmbh-ingolstadt\/\" >\n\t\t\t\tAutohaus Bacher GmbH Ingolstadt, Deutschland &#x1f1e9;&#x1f1ea;\t\t\t<\/a>\n\t\t<\/h3>\n\t\t\n\t\t<a class=\"elementor-post__read-more\" href=\"https:\/\/pulsair.net\/fr\/referenz\/autohaus-bacher-gmbh-ingolstadt\/\" aria-label=\"Read more about Autohaus Bacher GmbH Ingolstadt, Deutschland &#x1f1e9;&#x1f1ea;\" tabindex=\"-1\" >\n\t\t\tZur Referenz &gt;&gt;\t\t<\/a>\n\n\t\t\t\t<\/div>\n\t\t\t\t<div class=\"elementor-post__meta-data\">\n\t\t\t\t\t<span class=\"elementor-post-date\">\n\t\t\tmars 26, 2026\t\t<\/span>\n\t\t\t\t<\/div>\n\t\t\t\t\t<\/div>\n\t\t<\/article>\n\t\t\t\t<article class=\"elementor-post elementor-grid-item post-4924 post type-post status-publish format-standard has-post-thumbnail hentry category-deutschland category-referenz\" role=\"listitem\">\n\t\t\t<div class=\"elementor-post__card\">\n\t\t\t\t<a class=\"elementor-post__thumbnail__link\" href=\"https:\/\/pulsair.net\/fr\/referenz\/stefan-alt-reidenhausen\/\" tabindex=\"-1\" ><div class=\"elementor-post__thumbnail\"><img loading=\"lazy\" decoding=\"async\" width=\"1280\" height=\"1920\" src=\"https:\/\/pulsair.net\/wp-content\/uploads\/2026\/03\/2509Alt7-5068.jpg\" class=\"attachment-full size-full wp-image-4926\" alt=\"\" srcset=\"https:\/\/pulsair.net\/wp-content\/uploads\/2026\/03\/2509Alt7-5068.jpg 1280w, https:\/\/pulsair.net\/wp-content\/uploads\/2026\/03\/2509Alt7-5068-200x300.jpg 200w, https:\/\/pulsair.net\/wp-content\/uploads\/2026\/03\/2509Alt7-5068-683x1024.jpg 683w, https:\/\/pulsair.net\/wp-content\/uploads\/2026\/03\/2509Alt7-5068-768x1152.jpg 768w, https:\/\/pulsair.net\/wp-content\/uploads\/2026\/03\/2509Alt7-5068-1024x1536.jpg 1024w, https:\/\/pulsair.net\/wp-content\/uploads\/2026\/03\/2509Alt7-5068-8x12.jpg 8w, https:\/\/pulsair.net\/wp-content\/uploads\/2026\/03\/2509Alt7-5068-600x900.jpg 600w\" sizes=\"(max-width: 1280px) 100vw, 1280px\" \/><\/div><\/a>\n\t\t\t\t<div class=\"elementor-post__text\">\n\t\t\t\t<h3 class=\"elementor-post__title\">\n\t\t\t<a href=\"https:\/\/pulsair.net\/fr\/referenz\/stefan-alt-reidenhausen\/\" >\n\t\t\t\tAtelier automobile ind\u00e9pendant Stefan Alt Reidenhausen Allemagne \ud83c\udde9\ud83c\uddea\t\t\t<\/a>\n\t\t<\/h3>\n\t\t\n\t\t<a class=\"elementor-post__read-more\" href=\"https:\/\/pulsair.net\/fr\/referenz\/stefan-alt-reidenhausen\/\" aria-label=\"Read more about Freie Kfz-werkstatt Stefan Alt Reidenhausen Deutschland &#x1f1e9;&#x1f1ea;\" tabindex=\"-1\" >\n\t\t\tZur Referenz &gt;&gt;\t\t<\/a>\n\n\t\t\t\t<\/div>\n\t\t\t\t<div class=\"elementor-post__meta-data\">\n\t\t\t\t\t<span class=\"elementor-post-date\">\n\t\t\tmars 24, 2026\t\t<\/span>\n\t\t\t\t<\/div>\n\t\t\t\t\t<\/div>\n\t\t<\/article>\n\t\t\t\t<article class=\"elementor-post elementor-grid-item post-4916 post type-post status-publish format-standard has-post-thumbnail hentry category-deutschland category-referenz\" role=\"listitem\">\n\t\t\t<div class=\"elementor-post__card\">\n\t\t\t\t<a class=\"elementor-post__thumbnail__link\" href=\"https:\/\/pulsair.net\/fr\/referenz\/auto-wohlschlager-rohrdorf-achenmuehle\/\" tabindex=\"-1\" ><div class=\"elementor-post__thumbnail\"><img loading=\"lazy\" decoding=\"async\" width=\"1512\" height=\"2016\" src=\"https:\/\/pulsair.net\/wp-content\/uploads\/2026\/03\/bce832fd-18b0-42b4-a534-a2bbd5d6eb6b.jpg\" class=\"attachment-full size-full wp-image-4918\" alt=\"\" srcset=\"https:\/\/pulsair.net\/wp-content\/uploads\/2026\/03\/bce832fd-18b0-42b4-a534-a2bbd5d6eb6b.jpg 1512w, https:\/\/pulsair.net\/wp-content\/uploads\/2026\/03\/bce832fd-18b0-42b4-a534-a2bbd5d6eb6b-225x300.jpg 225w, https:\/\/pulsair.net\/wp-content\/uploads\/2026\/03\/bce832fd-18b0-42b4-a534-a2bbd5d6eb6b-768x1024.jpg 768w, https:\/\/pulsair.net\/wp-content\/uploads\/2026\/03\/bce832fd-18b0-42b4-a534-a2bbd5d6eb6b-1152x1536.jpg 1152w, https:\/\/pulsair.net\/wp-content\/uploads\/2026\/03\/bce832fd-18b0-42b4-a534-a2bbd5d6eb6b-9x12.jpg 9w, https:\/\/pulsair.net\/wp-content\/uploads\/2026\/03\/bce832fd-18b0-42b4-a534-a2bbd5d6eb6b-600x800.jpg 600w\" sizes=\"(max-width: 1512px) 100vw, 1512px\" \/><\/div><\/a>\n\t\t\t\t<div class=\"elementor-post__text\">\n\t\t\t\t<h3 class=\"elementor-post__title\">\n\t\t\t<a href=\"https:\/\/pulsair.net\/fr\/referenz\/auto-wohlschlager-rohrdorf-achenmuehle\/\" >\n\t\t\t\tAuto Wohlschlager Rohrdorf-Achenm\u00fchle Allemagne \ud83c\udde9\ud83c\uddea\t\t\t<\/a>\n\t\t<\/h3>\n\t\t\n\t\t<a class=\"elementor-post__read-more\" href=\"https:\/\/pulsair.net\/fr\/referenz\/auto-wohlschlager-rohrdorf-achenmuehle\/\" aria-label=\"Read more about Auto Wohlschlager Rohrdorf-Achenm\u00fchle Deutschland &#x1f1e9;&#x1f1ea;\" tabindex=\"-1\" >\n\t\t\tZur Referenz &gt;&gt;\t\t<\/a>\n\n\t\t\t\t<\/div>\n\t\t\t\t<div class=\"elementor-post__meta-data\">\n\t\t\t\t\t<span class=\"elementor-post-date\">\n\t\t\tmars 24, 2026\t\t<\/span>\n\t\t\t\t<\/div>\n\t\t\t\t\t<\/div>\n\t\t<\/article>\n\t\t\t\t<article class=\"elementor-post elementor-grid-item post-4912 post type-post status-publish format-standard has-post-thumbnail hentry category-deutschland category-referenz\" role=\"listitem\">\n\t\t\t<div class=\"elementor-post__card\">\n\t\t\t\t<a class=\"elementor-post__thumbnail__link\" href=\"https:\/\/pulsair.net\/fr\/referenz\/auto-reifenservice-wissemborski-ochtrup\/\" tabindex=\"-1\" ><div class=\"elementor-post__thumbnail\"><img loading=\"lazy\" decoding=\"async\" width=\"2560\" height=\"1920\" src=\"https:\/\/pulsair.net\/wp-content\/uploads\/2026\/03\/4096-3072-max-1-scaled.jpg\" class=\"attachment-full size-full wp-image-4914\" alt=\"\" srcset=\"https:\/\/pulsair.net\/wp-content\/uploads\/2026\/03\/4096-3072-max-1-scaled.jpg 2560w, https:\/\/pulsair.net\/wp-content\/uploads\/2026\/03\/4096-3072-max-1-300x225.jpg 300w, https:\/\/pulsair.net\/wp-content\/uploads\/2026\/03\/4096-3072-max-1-1024x768.jpg 1024w, https:\/\/pulsair.net\/wp-content\/uploads\/2026\/03\/4096-3072-max-1-768x576.jpg 768w, https:\/\/pulsair.net\/wp-content\/uploads\/2026\/03\/4096-3072-max-1-1536x1152.jpg 1536w, https:\/\/pulsair.net\/wp-content\/uploads\/2026\/03\/4096-3072-max-1-2048x1536.jpg 2048w, https:\/\/pulsair.net\/wp-content\/uploads\/2026\/03\/4096-3072-max-1-16x12.jpg 16w, https:\/\/pulsair.net\/wp-content\/uploads\/2026\/03\/4096-3072-max-1-600x450.jpg 600w\" sizes=\"(max-width: 2560px) 100vw, 2560px\" \/><\/div><\/a>\n\t\t\t\t<div class=\"elementor-post__text\">\n\t\t\t\t<h3 class=\"elementor-post__title\">\n\t\t\t<a href=\"https:\/\/pulsair.net\/fr\/referenz\/auto-reifenservice-wissemborski-ochtrup\/\" >\n\t\t\t\tAuto- u. Reifenservice Wissemborski Ochtrup Allemagne \ud83c\udde9\ud83c\uddea\t\t\t<\/a>\n\t\t<\/h3>\n\t\t\n\t\t<a class=\"elementor-post__read-more\" href=\"https:\/\/pulsair.net\/fr\/referenz\/auto-reifenservice-wissemborski-ochtrup\/\" aria-label=\"Read more about Auto- u. Reifenservice Wissemborski Ochtrup Deutschland &#x1f1e9;&#x1f1ea;\" tabindex=\"-1\" >\n\t\t\tZur Referenz &gt;&gt;\t\t<\/a>\n\n\t\t\t\t<\/div>\n\t\t\t\t<div class=\"elementor-post__meta-data\">\n\t\t\t\t\t<span class=\"elementor-post-date\">\n\t\t\tmars 24, 2026\t\t<\/span>\n\t\t\t\t<\/div>\n\t\t\t\t\t<\/div>\n\t\t<\/article>\n\t\t\t\t<article class=\"elementor-post elementor-grid-item post-4909 post type-post status-publish format-standard has-post-thumbnail hentry category-deutschland category-referenz\" role=\"listitem\">\n\t\t\t<div class=\"elementor-post__card\">\n\t\t\t\t<a class=\"elementor-post__thumbnail__link\" href=\"https:\/\/pulsair.net\/fr\/referenz\/wilhelm-rosenberg-ohg-bad-wildungen\/\" tabindex=\"-1\" ><div class=\"elementor-post__thumbnail\"><img loading=\"lazy\" decoding=\"async\" width=\"794\" height=\"794\" src=\"https:\/\/pulsair.net\/wp-content\/uploads\/2026\/03\/Puls-air-Heizgeraet-vorne-rechtscut.png\" class=\"attachment-full size-full wp-image-4819\" alt=\"\" srcset=\"https:\/\/pulsair.net\/wp-content\/uploads\/2026\/03\/Puls-air-Heizgeraet-vorne-rechtscut.png 794w, https:\/\/pulsair.net\/wp-content\/uploads\/2026\/03\/Puls-air-Heizgeraet-vorne-rechtscut-300x300.png 300w, https:\/\/pulsair.net\/wp-content\/uploads\/2026\/03\/Puls-air-Heizgeraet-vorne-rechtscut-150x150.png 150w, https:\/\/pulsair.net\/wp-content\/uploads\/2026\/03\/Puls-air-Heizgeraet-vorne-rechtscut-768x768.png 768w, https:\/\/pulsair.net\/wp-content\/uploads\/2026\/03\/Puls-air-Heizgeraet-vorne-rechtscut-12x12.png 12w, https:\/\/pulsair.net\/wp-content\/uploads\/2026\/03\/Puls-air-Heizgeraet-vorne-rechtscut-600x600.png 600w, https:\/\/pulsair.net\/wp-content\/uploads\/2026\/03\/Puls-air-Heizgeraet-vorne-rechtscut-100x100.png 100w\" sizes=\"(max-width: 794px) 100vw, 794px\" \/><\/div><\/a>\n\t\t\t\t<div class=\"elementor-post__text\">\n\t\t\t\t<h3 class=\"elementor-post__title\">\n\t\t\t<a href=\"https:\/\/pulsair.net\/fr\/referenz\/wilhelm-rosenberg-ohg-bad-wildungen\/\" >\n\t\t\t\tWilhelm Rosenberg KG Bad Wildungen, Allemagne \ud83c\udde9\ud83c\uddea\t\t\t<\/a>\n\t\t<\/h3>\n\t\t\n\t\t<a class=\"elementor-post__read-more\" href=\"https:\/\/pulsair.net\/fr\/referenz\/wilhelm-rosenberg-ohg-bad-wildungen\/\" aria-label=\"Read more about Wilhelm Rosenberg OHG Bad Wildungen, Deutschland &#x1f1e9;&#x1f1ea;\" tabindex=\"-1\" >\n\t\t\tZur Referenz &gt;&gt;\t\t<\/a>\n\n\t\t\t\t<\/div>\n\t\t\t\t<div class=\"elementor-post__meta-data\">\n\t\t\t\t\t<span class=\"elementor-post-date\">\n\t\t\tmars 24, 2026\t\t<\/span>\n\t\t\t\t<\/div>\n\t\t\t\t\t<\/div>\n\t\t<\/article>\n\t\t\t\t<article class=\"elementor-post elementor-grid-item post-4906 post type-post status-publish format-standard has-post-thumbnail hentry category-deutschland category-referenz\" role=\"listitem\">\n\t\t\t<div class=\"elementor-post__card\">\n\t\t\t\t<a class=\"elementor-post__thumbnail__link\" href=\"https:\/\/pulsair.net\/fr\/referenz\/fahrzeugtechnik-raab-langenleiten\/\" tabindex=\"-1\" ><div class=\"elementor-post__thumbnail\"><img loading=\"lazy\" decoding=\"async\" width=\"794\" height=\"794\" src=\"https:\/\/pulsair.net\/wp-content\/uploads\/2026\/03\/Puls-air-Heizgeraet-vorne-rechtscut.png\" class=\"attachment-full size-full wp-image-4819\" alt=\"\" srcset=\"https:\/\/pulsair.net\/wp-content\/uploads\/2026\/03\/Puls-air-Heizgeraet-vorne-rechtscut.png 794w, https:\/\/pulsair.net\/wp-content\/uploads\/2026\/03\/Puls-air-Heizgeraet-vorne-rechtscut-300x300.png 300w, https:\/\/pulsair.net\/wp-content\/uploads\/2026\/03\/Puls-air-Heizgeraet-vorne-rechtscut-150x150.png 150w, https:\/\/pulsair.net\/wp-content\/uploads\/2026\/03\/Puls-air-Heizgeraet-vorne-rechtscut-768x768.png 768w, https:\/\/pulsair.net\/wp-content\/uploads\/2026\/03\/Puls-air-Heizgeraet-vorne-rechtscut-12x12.png 12w, https:\/\/pulsair.net\/wp-content\/uploads\/2026\/03\/Puls-air-Heizgeraet-vorne-rechtscut-600x600.png 600w, https:\/\/pulsair.net\/wp-content\/uploads\/2026\/03\/Puls-air-Heizgeraet-vorne-rechtscut-100x100.png 100w\" sizes=\"(max-width: 794px) 100vw, 794px\" \/><\/div><\/a>\n\t\t\t\t<div class=\"elementor-post__text\">\n\t\t\t\t<h3 class=\"elementor-post__title\">\n\t\t\t<a href=\"https:\/\/pulsair.net\/fr\/referenz\/fahrzeugtechnik-raab-langenleiten\/\" >\n\t\t\t\tTechnologie automobile Raab Langenleiten Allemagne \ud83c\udde9\ud83c\uddea\t\t\t<\/a>\n\t\t<\/h3>\n\t\t\n\t\t<a class=\"elementor-post__read-more\" href=\"https:\/\/pulsair.net\/fr\/referenz\/fahrzeugtechnik-raab-langenleiten\/\" aria-label=\"Read more about Fahrzeugtechnik Raab Langenleiten Deutschland &#x1f1e9;&#x1f1ea;\" tabindex=\"-1\" >\n\t\t\tZur Referenz &gt;&gt;\t\t<\/a>\n\n\t\t\t\t<\/div>\n\t\t\t\t<div class=\"elementor-post__meta-data\">\n\t\t\t\t\t<span class=\"elementor-post-date\">\n\t\t\tmars 24, 2026\t\t<\/span>\n\t\t\t\t<\/div>\n\t\t\t\t\t<\/div>\n\t\t<\/article>\n\t\t\t\t<article class=\"elementor-post elementor-grid-item post-4902 post type-post status-publish format-standard has-post-thumbnail hentry category-deutschland category-referenz\" role=\"listitem\">\n\t\t\t<div class=\"elementor-post__card\">\n\t\t\t\t<a class=\"elementor-post__thumbnail__link\" href=\"https:\/\/pulsair.net\/fr\/referenz\/michael-schuster-ramstein-miesenbach\/\" tabindex=\"-1\" ><div class=\"elementor-post__thumbnail\"><img loading=\"lazy\" decoding=\"async\" width=\"794\" height=\"794\" src=\"https:\/\/pulsair.net\/wp-content\/uploads\/2026\/03\/Puls-air-Heizgeraet-vorne-rechtscut.png\" class=\"attachment-full size-full wp-image-4819\" alt=\"\" srcset=\"https:\/\/pulsair.net\/wp-content\/uploads\/2026\/03\/Puls-air-Heizgeraet-vorne-rechtscut.png 794w, https:\/\/pulsair.net\/wp-content\/uploads\/2026\/03\/Puls-air-Heizgeraet-vorne-rechtscut-300x300.png 300w, https:\/\/pulsair.net\/wp-content\/uploads\/2026\/03\/Puls-air-Heizgeraet-vorne-rechtscut-150x150.png 150w, https:\/\/pulsair.net\/wp-content\/uploads\/2026\/03\/Puls-air-Heizgeraet-vorne-rechtscut-768x768.png 768w, https:\/\/pulsair.net\/wp-content\/uploads\/2026\/03\/Puls-air-Heizgeraet-vorne-rechtscut-12x12.png 12w, https:\/\/pulsair.net\/wp-content\/uploads\/2026\/03\/Puls-air-Heizgeraet-vorne-rechtscut-600x600.png 600w, https:\/\/pulsair.net\/wp-content\/uploads\/2026\/03\/Puls-air-Heizgeraet-vorne-rechtscut-100x100.png 100w\" sizes=\"(max-width: 794px) 100vw, 794px\" \/><\/div><\/a>\n\t\t\t\t<div class=\"elementor-post__text\">\n\t\t\t\t<h3 class=\"elementor-post__title\">\n\t\t\t<a href=\"https:\/\/pulsair.net\/fr\/referenz\/michael-schuster-ramstein-miesenbach\/\" >\n\t\t\t\tMichael Schuster Ramstein-Miesenbach Allemagne \ud83c\udde9\ud83c\uddea\t\t\t<\/a>\n\t\t<\/h3>\n\t\t\n\t\t<a class=\"elementor-post__read-more\" href=\"https:\/\/pulsair.net\/fr\/referenz\/michael-schuster-ramstein-miesenbach\/\" aria-label=\"Read more about Michael Schuster Ramstein-Miesenbach Deutschland &#x1f1e9;&#x1f1ea;\" tabindex=\"-1\" >\n\t\t\tZur Referenz &gt;&gt;\t\t<\/a>\n\n\t\t\t\t<\/div>\n\t\t\t\t<div class=\"elementor-post__meta-data\">\n\t\t\t\t\t<span class=\"elementor-post-date\">\n\t\t\tmars 24, 2026\t\t<\/span>\n\t\t\t\t<\/div>\n\t\t\t\t\t<\/div>\n\t\t<\/article>\n\t\t\t\t<article class=\"elementor-post elementor-grid-item post-4899 post type-post status-publish format-standard has-post-thumbnail hentry category-deutschland category-referenz\" role=\"listitem\">\n\t\t\t<div class=\"elementor-post__card\">\n\t\t\t\t<a class=\"elementor-post__thumbnail__link\" href=\"https:\/\/pulsair.net\/fr\/referenz\/auto-matzinger-gmbh-niederneuching\/\" tabindex=\"-1\" ><div class=\"elementor-post__thumbnail\"><img loading=\"lazy\" decoding=\"async\" width=\"794\" height=\"794\" src=\"https:\/\/pulsair.net\/wp-content\/uploads\/2026\/03\/Puls-air-Heizgeraet-vorne-rechtscut.png\" class=\"attachment-full size-full wp-image-4819\" alt=\"\" srcset=\"https:\/\/pulsair.net\/wp-content\/uploads\/2026\/03\/Puls-air-Heizgeraet-vorne-rechtscut.png 794w, https:\/\/pulsair.net\/wp-content\/uploads\/2026\/03\/Puls-air-Heizgeraet-vorne-rechtscut-300x300.png 300w, https:\/\/pulsair.net\/wp-content\/uploads\/2026\/03\/Puls-air-Heizgeraet-vorne-rechtscut-150x150.png 150w, https:\/\/pulsair.net\/wp-content\/uploads\/2026\/03\/Puls-air-Heizgeraet-vorne-rechtscut-768x768.png 768w, https:\/\/pulsair.net\/wp-content\/uploads\/2026\/03\/Puls-air-Heizgeraet-vorne-rechtscut-12x12.png 12w, https:\/\/pulsair.net\/wp-content\/uploads\/2026\/03\/Puls-air-Heizgeraet-vorne-rechtscut-600x600.png 600w, https:\/\/pulsair.net\/wp-content\/uploads\/2026\/03\/Puls-air-Heizgeraet-vorne-rechtscut-100x100.png 100w\" sizes=\"(max-width: 794px) 100vw, 794px\" \/><\/div><\/a>\n\t\t\t\t<div class=\"elementor-post__text\">\n\t\t\t\t<h3 class=\"elementor-post__title\">\n\t\t\t<a href=\"https:\/\/pulsair.net\/fr\/referenz\/auto-matzinger-gmbh-niederneuching\/\" >\n\t\t\t\tAuto Matzinger GmbH&amp;Co.KG Niederneuching Allemagne \ud83c\udde9\ud83c\uddea\t\t\t<\/a>\n\t\t<\/h3>\n\t\t\n\t\t<a class=\"elementor-post__read-more\" href=\"https:\/\/pulsair.net\/fr\/referenz\/auto-matzinger-gmbh-niederneuching\/\" aria-label=\"Read more about Auto Matzinger GmbH&#038;Co.KG Niederneuching Deutschland &#x1f1e9;&#x1f1ea;\" tabindex=\"-1\" >\n\t\t\tZur Referenz &gt;&gt;\t\t<\/a>\n\n\t\t\t\t<\/div>\n\t\t\t\t<div class=\"elementor-post__meta-data\">\n\t\t\t\t\t<span class=\"elementor-post-date\">\n\t\t\tmars 24, 2026\t\t<\/span>\n\t\t\t\t<\/div>\n\t\t\t\t\t<\/div>\n\t\t<\/article>\n\t\t\t\t<article class=\"elementor-post elementor-grid-item post-4896 post type-post status-publish format-standard has-post-thumbnail hentry category-deutschland category-referenz\" role=\"listitem\">\n\t\t\t<div class=\"elementor-post__card\">\n\t\t\t\t<a class=\"elementor-post__thumbnail__link\" href=\"https:\/\/pulsair.net\/fr\/referenz\/georg-mais-reil\/\" tabindex=\"-1\" ><div class=\"elementor-post__thumbnail\"><img loading=\"lazy\" decoding=\"async\" width=\"794\" height=\"794\" src=\"https:\/\/pulsair.net\/wp-content\/uploads\/2026\/03\/Puls-air-Heizgeraet-vorne-rechtscut.png\" class=\"attachment-full size-full wp-image-4819\" alt=\"\" srcset=\"https:\/\/pulsair.net\/wp-content\/uploads\/2026\/03\/Puls-air-Heizgeraet-vorne-rechtscut.png 794w, https:\/\/pulsair.net\/wp-content\/uploads\/2026\/03\/Puls-air-Heizgeraet-vorne-rechtscut-300x300.png 300w, https:\/\/pulsair.net\/wp-content\/uploads\/2026\/03\/Puls-air-Heizgeraet-vorne-rechtscut-150x150.png 150w, https:\/\/pulsair.net\/wp-content\/uploads\/2026\/03\/Puls-air-Heizgeraet-vorne-rechtscut-768x768.png 768w, https:\/\/pulsair.net\/wp-content\/uploads\/2026\/03\/Puls-air-Heizgeraet-vorne-rechtscut-12x12.png 12w, https:\/\/pulsair.net\/wp-content\/uploads\/2026\/03\/Puls-air-Heizgeraet-vorne-rechtscut-600x600.png 600w, https:\/\/pulsair.net\/wp-content\/uploads\/2026\/03\/Puls-air-Heizgeraet-vorne-rechtscut-100x100.png 100w\" sizes=\"(max-width: 794px) 100vw, 794px\" \/><\/div><\/a>\n\t\t\t\t<div class=\"elementor-post__text\">\n\t\t\t\t<h3 class=\"elementor-post__title\">\n\t\t\t<a href=\"https:\/\/pulsair.net\/fr\/referenz\/georg-mais-reil\/\" >\n\t\t\t\tGeorg Mais Reil Allemagne \ud83c\udde9\ud83c\uddea\t\t\t<\/a>\n\t\t<\/h3>\n\t\t\n\t\t<a class=\"elementor-post__read-more\" href=\"https:\/\/pulsair.net\/fr\/referenz\/georg-mais-reil\/\" aria-label=\"Read more about Georg Mais Reil Deutschland &#x1f1e9;&#x1f1ea;\" tabindex=\"-1\" >\n\t\t\tZur Referenz &gt;&gt;\t\t<\/a>\n\n\t\t\t\t<\/div>\n\t\t\t\t<div class=\"elementor-post__meta-data\">\n\t\t\t\t\t<span class=\"elementor-post-date\">\n\t\t\tmars 24, 2026\t\t<\/span>\n\t\t\t\t<\/div>\n\t\t\t\t\t<\/div>\n\t\t<\/article>\n\t\t\t\t<article class=\"elementor-post elementor-grid-item post-4893 post type-post status-publish format-standard has-post-thumbnail hentry category-deutschland category-referenz\" role=\"listitem\">\n\t\t\t<div class=\"elementor-post__card\">\n\t\t\t\t<a class=\"elementor-post__thumbnail__link\" href=\"https:\/\/pulsair.net\/fr\/referenz\/auto-leuner-dresden\/\" tabindex=\"-1\" ><div class=\"elementor-post__thumbnail\"><img loading=\"lazy\" decoding=\"async\" width=\"794\" height=\"794\" src=\"https:\/\/pulsair.net\/wp-content\/uploads\/2026\/03\/Puls-air-Heizgeraet-vorne-rechtscut.png\" class=\"attachment-full size-full wp-image-4819\" alt=\"\" srcset=\"https:\/\/pulsair.net\/wp-content\/uploads\/2026\/03\/Puls-air-Heizgeraet-vorne-rechtscut.png 794w, https:\/\/pulsair.net\/wp-content\/uploads\/2026\/03\/Puls-air-Heizgeraet-vorne-rechtscut-300x300.png 300w, https:\/\/pulsair.net\/wp-content\/uploads\/2026\/03\/Puls-air-Heizgeraet-vorne-rechtscut-150x150.png 150w, https:\/\/pulsair.net\/wp-content\/uploads\/2026\/03\/Puls-air-Heizgeraet-vorne-rechtscut-768x768.png 768w, https:\/\/pulsair.net\/wp-content\/uploads\/2026\/03\/Puls-air-Heizgeraet-vorne-rechtscut-12x12.png 12w, https:\/\/pulsair.net\/wp-content\/uploads\/2026\/03\/Puls-air-Heizgeraet-vorne-rechtscut-600x600.png 600w, https:\/\/pulsair.net\/wp-content\/uploads\/2026\/03\/Puls-air-Heizgeraet-vorne-rechtscut-100x100.png 100w\" sizes=\"(max-width: 794px) 100vw, 794px\" \/><\/div><\/a>\n\t\t\t\t<div class=\"elementor-post__text\">\n\t\t\t\t<h3 class=\"elementor-post__title\">\n\t\t\t<a href=\"https:\/\/pulsair.net\/fr\/referenz\/auto-leuner-dresden\/\" >\n\t\t\t\tAuto Leuner Dresde Allemagne \ud83c\udde9\ud83c\uddea\t\t\t<\/a>\n\t\t<\/h3>\n\t\t\n\t\t<a class=\"elementor-post__read-more\" href=\"https:\/\/pulsair.net\/fr\/referenz\/auto-leuner-dresden\/\" aria-label=\"Read more about Auto Leuner Dresden Deutschland &#x1f1e9;&#x1f1ea;\" tabindex=\"-1\" >\n\t\t\tZur Referenz &gt;&gt;\t\t<\/a>\n\n\t\t\t\t<\/div>\n\t\t\t\t<div class=\"elementor-post__meta-data\">\n\t\t\t\t\t<span class=\"elementor-post-date\">\n\t\t\tmars 24, 2026\t\t<\/span>\n\t\t\t\t<\/div>\n\t\t\t\t\t<\/div>\n\t\t<\/article>\n\t\t\t\t<article class=\"elementor-post elementor-grid-item post-4890 post type-post status-publish format-standard has-post-thumbnail hentry category-deutschland category-referenz\" role=\"listitem\">\n\t\t\t<div class=\"elementor-post__card\">\n\t\t\t\t<a class=\"elementor-post__thumbnail__link\" href=\"https:\/\/pulsair.net\/fr\/referenz\/holzdesign-michael-foehr-bruggen\/\" tabindex=\"-1\" ><div class=\"elementor-post__thumbnail\"><img loading=\"lazy\" decoding=\"async\" width=\"794\" height=\"794\" src=\"https:\/\/pulsair.net\/wp-content\/uploads\/2026\/03\/Puls-air-Heizgeraet-vorne-rechtscut.png\" class=\"attachment-full size-full wp-image-4819\" alt=\"\" srcset=\"https:\/\/pulsair.net\/wp-content\/uploads\/2026\/03\/Puls-air-Heizgeraet-vorne-rechtscut.png 794w, https:\/\/pulsair.net\/wp-content\/uploads\/2026\/03\/Puls-air-Heizgeraet-vorne-rechtscut-300x300.png 300w, https:\/\/pulsair.net\/wp-content\/uploads\/2026\/03\/Puls-air-Heizgeraet-vorne-rechtscut-150x150.png 150w, https:\/\/pulsair.net\/wp-content\/uploads\/2026\/03\/Puls-air-Heizgeraet-vorne-rechtscut-768x768.png 768w, https:\/\/pulsair.net\/wp-content\/uploads\/2026\/03\/Puls-air-Heizgeraet-vorne-rechtscut-12x12.png 12w, https:\/\/pulsair.net\/wp-content\/uploads\/2026\/03\/Puls-air-Heizgeraet-vorne-rechtscut-600x600.png 600w, https:\/\/pulsair.net\/wp-content\/uploads\/2026\/03\/Puls-air-Heizgeraet-vorne-rechtscut-100x100.png 100w\" sizes=\"(max-width: 794px) 100vw, 794px\" \/><\/div><\/a>\n\t\t\t\t<div class=\"elementor-post__text\">\n\t\t\t\t<h3 class=\"elementor-post__title\">\n\t\t\t<a href=\"https:\/\/pulsair.net\/fr\/referenz\/holzdesign-michael-foehr-bruggen\/\" >\n\t\t\t\tHolzdesign Michael F\u00f6hr Burggen Allemagne \ud83c\udde9\ud83c\uddea\t\t\t<\/a>\n\t\t<\/h3>\n\t\t\n\t\t<a class=\"elementor-post__read-more\" href=\"https:\/\/pulsair.net\/fr\/referenz\/holzdesign-michael-foehr-bruggen\/\" aria-label=\"Read more about Holzdesign Michael F\u00f6hr Burggen Deutschland &#x1f1e9;&#x1f1ea;\" tabindex=\"-1\" >\n\t\t\tZur Referenz &gt;&gt;\t\t<\/a>\n\n\t\t\t\t<\/div>\n\t\t\t\t<div class=\"elementor-post__meta-data\">\n\t\t\t\t\t<span class=\"elementor-post-date\">\n\t\t\tmars 24, 2026\t\t<\/span>\n\t\t\t\t<\/div>\n\t\t\t\t\t<\/div>\n\t\t<\/article>\n\t\t\t\t<article class=\"elementor-post elementor-grid-item post-4885 post type-post status-publish format-standard has-post-thumbnail hentry category-deutschland category-referenz\" role=\"listitem\">\n\t\t\t<div class=\"elementor-post__card\">\n\t\t\t\t<a class=\"elementor-post__thumbnail__link\" href=\"https:\/\/pulsair.net\/fr\/referenz\/stefan-held-gmbh-loerrach\/\" tabindex=\"-1\" ><div class=\"elementor-post__thumbnail\"><img loading=\"lazy\" decoding=\"async\" width=\"794\" height=\"794\" src=\"https:\/\/pulsair.net\/wp-content\/uploads\/2026\/03\/Puls-air-Heizgeraet-vorne-rechtscut.png\" class=\"attachment-full size-full wp-image-4819\" alt=\"\" srcset=\"https:\/\/pulsair.net\/wp-content\/uploads\/2026\/03\/Puls-air-Heizgeraet-vorne-rechtscut.png 794w, https:\/\/pulsair.net\/wp-content\/uploads\/2026\/03\/Puls-air-Heizgeraet-vorne-rechtscut-300x300.png 300w, https:\/\/pulsair.net\/wp-content\/uploads\/2026\/03\/Puls-air-Heizgeraet-vorne-rechtscut-150x150.png 150w, https:\/\/pulsair.net\/wp-content\/uploads\/2026\/03\/Puls-air-Heizgeraet-vorne-rechtscut-768x768.png 768w, https:\/\/pulsair.net\/wp-content\/uploads\/2026\/03\/Puls-air-Heizgeraet-vorne-rechtscut-12x12.png 12w, https:\/\/pulsair.net\/wp-content\/uploads\/2026\/03\/Puls-air-Heizgeraet-vorne-rechtscut-600x600.png 600w, https:\/\/pulsair.net\/wp-content\/uploads\/2026\/03\/Puls-air-Heizgeraet-vorne-rechtscut-100x100.png 100w\" sizes=\"(max-width: 794px) 100vw, 794px\" \/><\/div><\/a>\n\t\t\t\t<div class=\"elementor-post__text\">\n\t\t\t\t<h3 class=\"elementor-post__title\">\n\t\t\t<a href=\"https:\/\/pulsair.net\/fr\/referenz\/stefan-held-gmbh-loerrach\/\" >\n\t\t\t\tPremio Reifen + Autoservice Stefan Held GmbH L\u00f6rrach Allemagne \ud83c\udde9\ud83c\uddea\t\t\t<\/a>\n\t\t<\/h3>\n\t\t\n\t\t<a class=\"elementor-post__read-more\" href=\"https:\/\/pulsair.net\/fr\/referenz\/stefan-held-gmbh-loerrach\/\" aria-label=\"Read more about Premio Reifen + Autoservice Stefan Held GmbH L\u00f6rrach Deutschland &#x1f1e9;&#x1f1ea;\" tabindex=\"-1\" >\n\t\t\tZur Referenz &gt;&gt;\t\t<\/a>\n\n\t\t\t\t<\/div>\n\t\t\t\t<div class=\"elementor-post__meta-data\">\n\t\t\t\t\t<span class=\"elementor-post-date\">\n\t\t\tmars 24, 2026\t\t<\/span>\n\t\t\t\t<\/div>\n\t\t\t\t\t<\/div>\n\t\t<\/article>\n\t\t\t\t<article class=\"elementor-post elementor-grid-item post-4872 post type-post status-publish format-standard has-post-thumbnail hentry category-deutschland category-referenz\" role=\"listitem\">\n\t\t\t<div class=\"elementor-post__card\">\n\t\t\t\t<a class=\"elementor-post__thumbnail__link\" href=\"https:\/\/pulsair.net\/fr\/referenz\/auto-ferres-gmbh-wittilich\/\" tabindex=\"-1\" ><div class=\"elementor-post__thumbnail\"><img loading=\"lazy\" decoding=\"async\" width=\"794\" height=\"794\" src=\"https:\/\/pulsair.net\/wp-content\/uploads\/2026\/03\/Puls-air-Heizgeraet-vorne-rechtscut.png\" class=\"attachment-full size-full wp-image-4819\" alt=\"\" srcset=\"https:\/\/pulsair.net\/wp-content\/uploads\/2026\/03\/Puls-air-Heizgeraet-vorne-rechtscut.png 794w, https:\/\/pulsair.net\/wp-content\/uploads\/2026\/03\/Puls-air-Heizgeraet-vorne-rechtscut-300x300.png 300w, https:\/\/pulsair.net\/wp-content\/uploads\/2026\/03\/Puls-air-Heizgeraet-vorne-rechtscut-150x150.png 150w, https:\/\/pulsair.net\/wp-content\/uploads\/2026\/03\/Puls-air-Heizgeraet-vorne-rechtscut-768x768.png 768w, https:\/\/pulsair.net\/wp-content\/uploads\/2026\/03\/Puls-air-Heizgeraet-vorne-rechtscut-12x12.png 12w, https:\/\/pulsair.net\/wp-content\/uploads\/2026\/03\/Puls-air-Heizgeraet-vorne-rechtscut-600x600.png 600w, https:\/\/pulsair.net\/wp-content\/uploads\/2026\/03\/Puls-air-Heizgeraet-vorne-rechtscut-100x100.png 100w\" sizes=\"(max-width: 794px) 100vw, 794px\" \/><\/div><\/a>\n\t\t\t\t<div class=\"elementor-post__text\">\n\t\t\t\t<h3 class=\"elementor-post__title\">\n\t\t\t<a href=\"https:\/\/pulsair.net\/fr\/referenz\/auto-ferres-gmbh-wittilich\/\" >\n\t\t\t\tAuto Ferres GmbH Wittlich Allemagne \ud83c\udde9\ud83c\uddea\t\t\t<\/a>\n\t\t<\/h3>\n\t\t\n\t\t<a class=\"elementor-post__read-more\" href=\"https:\/\/pulsair.net\/fr\/referenz\/auto-ferres-gmbh-wittilich\/\" aria-label=\"Read more about Auto Ferres GmbH Wittlich Deutschland &#x1f1e9;&#x1f1ea;\" tabindex=\"-1\" >\n\t\t\tZur Referenz &gt;&gt;\t\t<\/a>\n\n\t\t\t\t<\/div>\n\t\t\t\t<div class=\"elementor-post__meta-data\">\n\t\t\t\t\t<span class=\"elementor-post-date\">\n\t\t\tmars 24, 2026\t\t<\/span>\n\t\t\t\t<\/div>\n\t\t\t\t\t<\/div>\n\t\t<\/article>\n\t\t\t\t<\/div>\n\t\t\n\t\t\t\t\t\t<\/div>\n\t\t\t\t<\/div>\n\t\t\t\t\t<\/div>\n\t\t<\/div>\n\t\t\t\t\t<\/div>\n\t\t<\/section>\n\t\t\t\t<\/div>","protected":false},"excerpt":{"rendered":"<p>Kundenreferenz Zufrieden mit sparsamem Heizger\u00e4t aus \u00d6sterreich \u201eSeit 10 Jahren jedes Monat 50 % weniger<\/p>","protected":false},"author":2,"featured_media":2746,"comment_status":"closed","ping_status":"closed","sticky":false,"template":"","format":"standard","meta":{"_joinchat":[],"footnotes":""},"categories":[48,44],"tags":[],"class_list":["post-2738","post","type-post","status-publish","format-standard","has-post-thumbnail","hentry","category-deutschland","category-referenz"],"yoast_head":"<!-- This site is optimized with the Yoast SEO plugin v27.4 - https:\/\/yoast.com\/product\/yoast-seo-wordpress\/ -->\n<title>Mocker Selb Oberfranken\/Bayern\/Deutschland &#x1f1e9;&#x1f1ea; - Puls-air Hallen und Werkstattheizung<\/title>\n<meta name=\"robots\" content=\"index, follow, max-snippet:-1, max-image-preview:large, max-video-preview:-1\" \/>\n<link rel=\"canonical\" href=\"https:\/\/pulsair.net\/fr\/referenz\/mocker-selb\/\" \/>\n<meta property=\"og:locale\" content=\"fr_FR\" \/>\n<meta property=\"og:type\" content=\"article\" \/>\n<meta property=\"og:title\" content=\"Mocker Selb Oberfranken\/Bayern\/Deutschland &#x1f1e9;&#x1f1ea; - Puls-air Hallen und Werkstattheizung\" \/>\n<meta property=\"og:description\" content=\"Kundenreferenz Zufrieden mit sparsamem Heizger\u00e4t aus \u00d6sterreich \u201eSeit 10 Jahren jedes Monat 50 % weniger\" \/>\n<meta property=\"og:url\" content=\"https:\/\/pulsair.net\/fr\/referenz\/mocker-selb\/\" \/>\n<meta property=\"og:site_name\" content=\"Puls-air Hallen und Werkstattheizung\" \/>\n<meta property=\"article:published_time\" content=\"2023-10-10T12:54:28+00:00\" \/>\n<meta property=\"article:modified_time\" content=\"2024-11-12T07:26:40+00:00\" \/>\n<meta property=\"og:image\" content=\"https:\/\/pulsair.net\/wp-content\/uploads\/2023\/10\/DSC3220-2.jpg\" \/>\n\t<meta property=\"og:image:width\" content=\"1362\" \/>\n\t<meta property=\"og:image:height\" content=\"1920\" \/>\n\t<meta property=\"og:image:type\" content=\"image\/jpeg\" \/>\n<meta name=\"author\" content=\"Luca Pletzer\" \/>\n<meta name=\"twitter:card\" content=\"summary_large_image\" \/>\n<meta name=\"twitter:label1\" content=\"Written by\" \/>\n\t<meta name=\"twitter:data1\" content=\"Luca Pletzer\" \/>\n\t<meta name=\"twitter:label2\" content=\"Est. reading time\" \/>\n\t<meta name=\"twitter:data2\" content=\"2 minutes\" \/>\n<script type=\"application\/ld+json\" class=\"yoast-schema-graph\">{\"@context\":\"https:\\\/\\\/schema.org\",\"@graph\":[{\"@type\":\"Article\",\"@id\":\"https:\\\/\\\/pulsair.net\\\/referenz\\\/mocker-selb\\\/#article\",\"isPartOf\":{\"@id\":\"https:\\\/\\\/pulsair.net\\\/referenz\\\/mocker-selb\\\/\"},\"author\":{\"name\":\"Luca Pletzer\",\"@id\":\"https:\\\/\\\/pulsair.net\\\/#\\\/schema\\\/person\\\/8ce7e42b60cd860146fe9332b1599b80\"},\"headline\":\"Mocker Selb Oberfranken\\\/Bayern\\\/Deutschland &#x1f1e9;&#x1f1ea;\",\"datePublished\":\"2023-10-10T12:54:28+00:00\",\"dateModified\":\"2024-11-12T07:26:40+00:00\",\"mainEntityOfPage\":{\"@id\":\"https:\\\/\\\/pulsair.net\\\/referenz\\\/mocker-selb\\\/\"},\"wordCount\":509,\"publisher\":{\"@id\":\"https:\\\/\\\/pulsair.net\\\/#organization\"},\"image\":{\"@id\":\"https:\\\/\\\/pulsair.net\\\/referenz\\\/mocker-selb\\\/#primaryimage\"},\"thumbnailUrl\":\"https:\\\/\\\/pulsair.net\\\/wp-content\\\/uploads\\\/2023\\\/10\\\/DSC3220-2.jpg\",\"articleSection\":[\"Deutschland\",\"Referenz\"],\"inLanguage\":\"fr-FR\"},{\"@type\":\"WebPage\",\"@id\":\"https:\\\/\\\/pulsair.net\\\/referenz\\\/mocker-selb\\\/\",\"url\":\"https:\\\/\\\/pulsair.net\\\/referenz\\\/mocker-selb\\\/\",\"name\":\"Mocker Selb Oberfranken\\\/Bayern\\\/Deutschland &#x1f1e9;&#x1f1ea; - Puls-air Hallen und Werkstattheizung\",\"isPartOf\":{\"@id\":\"https:\\\/\\\/pulsair.net\\\/#website\"},\"primaryImageOfPage\":{\"@id\":\"https:\\\/\\\/pulsair.net\\\/referenz\\\/mocker-selb\\\/#primaryimage\"},\"image\":{\"@id\":\"https:\\\/\\\/pulsair.net\\\/referenz\\\/mocker-selb\\\/#primaryimage\"},\"thumbnailUrl\":\"https:\\\/\\\/pulsair.net\\\/wp-content\\\/uploads\\\/2023\\\/10\\\/DSC3220-2.jpg\",\"datePublished\":\"2023-10-10T12:54:28+00:00\",\"dateModified\":\"2024-11-12T07:26:40+00:00\",\"breadcrumb\":{\"@id\":\"https:\\\/\\\/pulsair.net\\\/referenz\\\/mocker-selb\\\/#breadcrumb\"},\"inLanguage\":\"fr-FR\",\"potentialAction\":[{\"@type\":\"ReadAction\",\"target\":[\"https:\\\/\\\/pulsair.net\\\/referenz\\\/mocker-selb\\\/\"]}]},{\"@type\":\"ImageObject\",\"inLanguage\":\"fr-FR\",\"@id\":\"https:\\\/\\\/pulsair.net\\\/referenz\\\/mocker-selb\\\/#primaryimage\",\"url\":\"https:\\\/\\\/pulsair.net\\\/wp-content\\\/uploads\\\/2023\\\/10\\\/DSC3220-2.jpg\",\"contentUrl\":\"https:\\\/\\\/pulsair.net\\\/wp-content\\\/uploads\\\/2023\\\/10\\\/DSC3220-2.jpg\",\"width\":1362,\"height\":1920,\"caption\":\"Martin Mocker vom Autohaus Mocker in Selb mit Puls-air Heizger\u00e4t\"},{\"@type\":\"BreadcrumbList\",\"@id\":\"https:\\\/\\\/pulsair.net\\\/referenz\\\/mocker-selb\\\/#breadcrumb\",\"itemListElement\":[{\"@type\":\"ListItem\",\"position\":1,\"name\":\"Startseite\",\"item\":\"https:\\\/\\\/pulsair.net\\\/\"},{\"@type\":\"ListItem\",\"position\":2,\"name\":\"Mocker Selb Oberfranken\\\/Bayern\\\/Deutschland &#x1f1e9;&#x1f1ea;\"}]},{\"@type\":\"WebSite\",\"@id\":\"https:\\\/\\\/pulsair.net\\\/#website\",\"url\":\"https:\\\/\\\/pulsair.net\\\/\",\"name\":\"Puls-air Hallen und Werkstattheizung\",\"description\":\"50 % Heizkosten sparen\",\"publisher\":{\"@id\":\"https:\\\/\\\/pulsair.net\\\/#organization\"},\"potentialAction\":[{\"@type\":\"SearchAction\",\"target\":{\"@type\":\"EntryPoint\",\"urlTemplate\":\"https:\\\/\\\/pulsair.net\\\/?s={search_term_string}\"},\"query-input\":{\"@type\":\"PropertyValueSpecification\",\"valueRequired\":true,\"valueName\":\"search_term_string\"}}],\"inLanguage\":\"fr-FR\"},{\"@type\":\"Organization\",\"@id\":\"https:\\\/\\\/pulsair.net\\\/#organization\",\"name\":\"Puls-air Hallen und Werkstattheizung\",\"url\":\"https:\\\/\\\/pulsair.net\\\/\",\"logo\":{\"@type\":\"ImageObject\",\"inLanguage\":\"fr-FR\",\"@id\":\"https:\\\/\\\/pulsair.net\\\/#\\\/schema\\\/logo\\\/image\\\/\",\"url\":\"https:\\\/\\\/pulsair.net\\\/wp-content\\\/uploads\\\/2020\\\/07\\\/cropped-cropped-Rotation-alleine-500x500-1.png\",\"contentUrl\":\"https:\\\/\\\/pulsair.net\\\/wp-content\\\/uploads\\\/2020\\\/07\\\/cropped-cropped-Rotation-alleine-500x500-1.png\",\"width\":512,\"height\":512,\"caption\":\"Puls-air Hallen und Werkstattheizung\"},\"image\":{\"@id\":\"https:\\\/\\\/pulsair.net\\\/#\\\/schema\\\/logo\\\/image\\\/\"}},{\"@type\":\"Person\",\"@id\":\"https:\\\/\\\/pulsair.net\\\/#\\\/schema\\\/person\\\/8ce7e42b60cd860146fe9332b1599b80\",\"name\":\"Luca Pletzer\",\"image\":{\"@type\":\"ImageObject\",\"inLanguage\":\"fr-FR\",\"@id\":\"https:\\\/\\\/secure.gravatar.com\\\/avatar\\\/b3b43e1d42dc536d7696b8f044b5439fd2b2b4ca770a94409f7058813516f41a?s=96&d=mm&r=g\",\"url\":\"https:\\\/\\\/secure.gravatar.com\\\/avatar\\\/b3b43e1d42dc536d7696b8f044b5439fd2b2b4ca770a94409f7058813516f41a?s=96&d=mm&r=g\",\"contentUrl\":\"https:\\\/\\\/secure.gravatar.com\\\/avatar\\\/b3b43e1d42dc536d7696b8f044b5439fd2b2b4ca770a94409f7058813516f41a?s=96&d=mm&r=g\",\"caption\":\"Luca Pletzer\"},\"url\":\"https:\\\/\\\/pulsair.net\\\/fr\\\/author\\\/onlinemarketingluca-pletzer-com\\\/\"}]}<\/script>\n<!-- \/ Yoast SEO plugin. -->","yoast_head_json":{"title":"Mocker Selb Oberfranken\/Bayern\/Deutschland &#x1f1e9;&#x1f1ea; - Puls-air Hallen und Werkstattheizung","robots":{"index":"index","follow":"follow","max-snippet":"max-snippet:-1","max-image-preview":"max-image-preview:large","max-video-preview":"max-video-preview:-1"},"canonical":"https:\/\/pulsair.net\/fr\/referenz\/mocker-selb\/","og_locale":"fr_FR","og_type":"article","og_title":"Mocker Selb Oberfranken\/Bayern\/Deutschland &#x1f1e9;&#x1f1ea; - Puls-air Hallen und Werkstattheizung","og_description":"Kundenreferenz Zufrieden mit sparsamem Heizger\u00e4t aus \u00d6sterreich \u201eSeit 10 Jahren jedes Monat 50 % weniger","og_url":"https:\/\/pulsair.net\/fr\/referenz\/mocker-selb\/","og_site_name":"Puls-air Hallen und Werkstattheizung","article_published_time":"2023-10-10T12:54:28+00:00","article_modified_time":"2024-11-12T07:26:40+00:00","og_image":[{"width":1362,"height":1920,"url":"https:\/\/pulsair.net\/wp-content\/uploads\/2023\/10\/DSC3220-2.jpg","type":"image\/jpeg"}],"author":"Luca Pletzer","twitter_card":"summary_large_image","twitter_misc":{"Written by":"Luca Pletzer","Est. reading time":"2 minutes"},"schema":{"@context":"https:\/\/schema.org","@graph":[{"@type":"Article","@id":"https:\/\/pulsair.net\/referenz\/mocker-selb\/#article","isPartOf":{"@id":"https:\/\/pulsair.net\/referenz\/mocker-selb\/"},"author":{"name":"Luca Pletzer","@id":"https:\/\/pulsair.net\/#\/schema\/person\/8ce7e42b60cd860146fe9332b1599b80"},"headline":"Mocker Selb Oberfranken\/Bayern\/Deutschland &#x1f1e9;&#x1f1ea;","datePublished":"2023-10-10T12:54:28+00:00","dateModified":"2024-11-12T07:26:40+00:00","mainEntityOfPage":{"@id":"https:\/\/pulsair.net\/referenz\/mocker-selb\/"},"wordCount":509,"publisher":{"@id":"https:\/\/pulsair.net\/#organization"},"image":{"@id":"https:\/\/pulsair.net\/referenz\/mocker-selb\/#primaryimage"},"thumbnailUrl":"https:\/\/pulsair.net\/wp-content\/uploads\/2023\/10\/DSC3220-2.jpg","articleSection":["Deutschland","Referenz"],"inLanguage":"fr-FR"},{"@type":"WebPage","@id":"https:\/\/pulsair.net\/referenz\/mocker-selb\/","url":"https:\/\/pulsair.net\/referenz\/mocker-selb\/","name":"Mocker Selb Oberfranken\/Bayern\/Deutschland &#x1f1e9;&#x1f1ea; - Puls-air Hallen und Werkstattheizung","isPartOf":{"@id":"https:\/\/pulsair.net\/#website"},"primaryImageOfPage":{"@id":"https:\/\/pulsair.net\/referenz\/mocker-selb\/#primaryimage"},"image":{"@id":"https:\/\/pulsair.net\/referenz\/mocker-selb\/#primaryimage"},"thumbnailUrl":"https:\/\/pulsair.net\/wp-content\/uploads\/2023\/10\/DSC3220-2.jpg","datePublished":"2023-10-10T12:54:28+00:00","dateModified":"2024-11-12T07:26:40+00:00","breadcrumb":{"@id":"https:\/\/pulsair.net\/referenz\/mocker-selb\/#breadcrumb"},"inLanguage":"fr-FR","potentialAction":[{"@type":"ReadAction","target":["https:\/\/pulsair.net\/referenz\/mocker-selb\/"]}]},{"@type":"ImageObject","inLanguage":"fr-FR","@id":"https:\/\/pulsair.net\/referenz\/mocker-selb\/#primaryimage","url":"https:\/\/pulsair.net\/wp-content\/uploads\/2023\/10\/DSC3220-2.jpg","contentUrl":"https:\/\/pulsair.net\/wp-content\/uploads\/2023\/10\/DSC3220-2.jpg","width":1362,"height":1920,"caption":"Martin Mocker vom Autohaus Mocker in Selb mit Puls-air Heizger\u00e4t"},{"@type":"BreadcrumbList","@id":"https:\/\/pulsair.net\/referenz\/mocker-selb\/#breadcrumb","itemListElement":[{"@type":"ListItem","position":1,"name":"Startseite","item":"https:\/\/pulsair.net\/"},{"@type":"ListItem","position":2,"name":"Mocker Selb Oberfranken\/Bayern\/Deutschland &#x1f1e9;&#x1f1ea;"}]},{"@type":"WebSite","@id":"https:\/\/pulsair.net\/#website","url":"https:\/\/pulsair.net\/","name":"Puls-air Hallen und Werkstattheizung","description":"50 % Heizkosten sparen","publisher":{"@id":"https:\/\/pulsair.net\/#organization"},"potentialAction":[{"@type":"SearchAction","target":{"@type":"EntryPoint","urlTemplate":"https:\/\/pulsair.net\/?s={search_term_string}"},"query-input":{"@type":"PropertyValueSpecification","valueRequired":true,"valueName":"search_term_string"}}],"inLanguage":"fr-FR"},{"@type":"Organization","@id":"https:\/\/pulsair.net\/#organization","name":"Puls-air Hallen und Werkstattheizung","url":"https:\/\/pulsair.net\/","logo":{"@type":"ImageObject","inLanguage":"fr-FR","@id":"https:\/\/pulsair.net\/#\/schema\/logo\/image\/","url":"https:\/\/pulsair.net\/wp-content\/uploads\/2020\/07\/cropped-cropped-Rotation-alleine-500x500-1.png","contentUrl":"https:\/\/pulsair.net\/wp-content\/uploads\/2020\/07\/cropped-cropped-Rotation-alleine-500x500-1.png","width":512,"height":512,"caption":"Puls-air Hallen und Werkstattheizung"},"image":{"@id":"https:\/\/pulsair.net\/#\/schema\/logo\/image\/"}},{"@type":"Person","@id":"https:\/\/pulsair.net\/#\/schema\/person\/8ce7e42b60cd860146fe9332b1599b80","name":"Luca Pletzer","image":{"@type":"ImageObject","inLanguage":"fr-FR","@id":"https:\/\/secure.gravatar.com\/avatar\/b3b43e1d42dc536d7696b8f044b5439fd2b2b4ca770a94409f7058813516f41a?s=96&d=mm&r=g","url":"https:\/\/secure.gravatar.com\/avatar\/b3b43e1d42dc536d7696b8f044b5439fd2b2b4ca770a94409f7058813516f41a?s=96&d=mm&r=g","contentUrl":"https:\/\/secure.gravatar.com\/avatar\/b3b43e1d42dc536d7696b8f044b5439fd2b2b4ca770a94409f7058813516f41a?s=96&d=mm&r=g","caption":"Luca Pletzer"},"url":"https:\/\/pulsair.net\/fr\/author\/onlinemarketingluca-pletzer-com\/"}]}},"_links":{"self":[{"href":"https:\/\/pulsair.net\/fr\/wp-json\/wp\/v2\/posts\/2738","targetHints":{"allow":["GET"]}}],"collection":[{"href":"https:\/\/pulsair.net\/fr\/wp-json\/wp\/v2\/posts"}],"about":[{"href":"https:\/\/pulsair.net\/fr\/wp-json\/wp\/v2\/types\/post"}],"author":[{"embeddable":true,"href":"https:\/\/pulsair.net\/fr\/wp-json\/wp\/v2\/users\/2"}],"replies":[{"embeddable":true,"href":"https:\/\/pulsair.net\/fr\/wp-json\/wp\/v2\/comments?post=2738"}],"version-history":[{"count":10,"href":"https:\/\/pulsair.net\/fr\/wp-json\/wp\/v2\/posts\/2738\/revisions"}],"predecessor-version":[{"id":3870,"href":"https:\/\/pulsair.net\/fr\/wp-json\/wp\/v2\/posts\/2738\/revisions\/3870"}],"wp:featuredmedia":[{"embeddable":true,"href":"https:\/\/pulsair.net\/fr\/wp-json\/wp\/v2\/media\/2746"}],"wp:attachment":[{"href":"https:\/\/pulsair.net\/fr\/wp-json\/wp\/v2\/media?parent=2738"}],"wp:term":[{"taxonomy":"category","embeddable":true,"href":"https:\/\/pulsair.net\/fr\/wp-json\/wp\/v2\/categories?post=2738"},{"taxonomy":"post_tag","embeddable":true,"href":"https:\/\/pulsair.net\/fr\/wp-json\/wp\/v2\/tags?post=2738"}],"curies":[{"name":"wp","href":"https:\/\/api.w.org\/{rel}","templated":true}]}}