{"id":3483,"date":"2024-09-03T09:14:13","date_gmt":"2024-09-03T09:14:13","guid":{"rendered":"https:\/\/pulsair.net\/?p=3483"},"modified":"2024-11-12T07:23:59","modified_gmt":"2024-11-12T07:23:59","slug":"kfz-holzmann-st-veit-an-der-glan-kaernten-oesterreich","status":"publish","type":"post","link":"https:\/\/pulsair.net\/fr\/referenz\/kfz-holzmann-st-veit-an-der-glan-kaernten-oesterreich\/","title":{"rendered":"KFZ Holzmann St. Veit an der Glan\/Carinthie\/Autriche \ud83c\udde6\ud83c\uddf9"},"content":{"rendered":"<div data-elementor-type=\"wp-post\" data-elementor-id=\"3483\" class=\"elementor elementor-3483\" data-elementor-post-type=\"post\">\n\t\t\t\t\t\t<section class=\"elementor-section elementor-top-section elementor-element elementor-element-b326046 elementor-reverse-tablet elementor-reverse-mobile elementor-section-boxed elementor-section-height-default elementor-section-height-default\" data-id=\"b326046\" data-element_type=\"section\" data-e-type=\"section\" data-settings=\"{&quot;background_background&quot;:&quot;classic&quot;}\">\n\t\t\t\t\t\t<div class=\"elementor-container elementor-column-gap-default\">\n\t\t\t\t\t<div class=\"elementor-column elementor-col-50 elementor-top-column elementor-element elementor-element-48afff31\" data-id=\"48afff31\" data-element_type=\"column\" data-e-type=\"column\">\n\t\t\t<div class=\"elementor-widget-wrap elementor-element-populated\">\n\t\t\t\t\t\t<div class=\"elementor-element elementor-element-47098b0f elementor-widget elementor-widget-text-editor\" data-id=\"47098b0f\" data-element_type=\"widget\" data-e-type=\"widget\" data-widget_type=\"text-editor.default\">\n\t\t\t\t<div class=\"elementor-widget-container\">\n\t\t\t\t\t\t\t\t\t<div class=\"titel_cst_small smallTitle TitelKlein\">T\u00e9moignage d'un client<\/div>\t\t\t\t\t\t\t\t<\/div>\n\t\t\t\t<\/div>\n\t\t\t\t<div class=\"elementor-element elementor-element-10354a02 elementor-widget elementor-widget-text-editor\" data-id=\"10354a02\" data-element_type=\"widget\" data-e-type=\"widget\" data-widget_type=\"text-editor.default\">\n\t\t\t\t<div class=\"elementor-widget-container\">\n\t\t\t\t\t\t\t\t\t<p><i>Gerald Holzmann, KFZ Holzmann GmbH, \u00e0 propos du chauffage d'atelier \u00e9conomique Puls-air.<\/i><\/p>\t\t\t\t\t\t\t\t<\/div>\n\t\t\t\t<\/div>\n\t\t\t\t<div class=\"elementor-element elementor-element-555652b4 elementor-widget elementor-widget-text-editor\" data-id=\"555652b4\" data-element_type=\"widget\" data-e-type=\"widget\" data-widget_type=\"text-editor.default\">\n\t\t\t\t<div class=\"elementor-widget-container\">\n\t\t\t\t\t\t\t\t\t<div class=\"titel_cst\"><div class=\"titel_cst_big\"><h1 class=\"MsoTitle\">Une chaleur rapide pour des frais de chauffage r\u00e9duits dans l'atelier<\/h1><\/div><\/div>\t\t\t\t\t\t\t\t<\/div>\n\t\t\t\t<\/div>\n\t\t\t\t<div class=\"elementor-element elementor-element-971f3ac elementor-widget elementor-widget-text-editor\" data-id=\"971f3ac\" data-element_type=\"widget\" data-e-type=\"widget\" data-widget_type=\"text-editor.default\">\n\t\t\t\t<div class=\"elementor-widget-container\">\n\t\t\t\t\t\t\t\t\t<p class=\"MsoNormal\">Depuis 2020, Holzmann chauffe son atelier (d'une surface totale d'environ 600 m\u00b2) avec deux appareils de chauffage du fabricant autrichien Puls-air. Auparavant, l'entreprise utilisait des ventilateurs de plafond qui n'\u00e9taient plus acceptables pour le propri\u00e9taire Holzmann en termes de consommation, de r\u00e9partition de la chaleur et de bruit de fonctionnement.<\/p><h2>Combustion issue de la recherche sur les moteurs<\/h2><p>En 1978, l'ing\u00e9nieur autrichien Georg Pletzer (fondateur et d\u00e9veloppeur des appareils de chauffage Puls-air) a \u00e9t\u00e9 charg\u00e9 de d\u00e9velopper un moteur \u00e0 combustion puls\u00e9e. Ce qui \u00e9tait frappant dans ces moteurs, c'\u00e9tait une combustion totalement sans fum\u00e9e. Il \u00e9tait \u00e9galement frappant de constater que ces moteurs produisaient beaucoup de chaleur inutile. Il \u00e9tait presque logique d'en tirer un appareil de chauffage, avec un rendement de 97 %. L'id\u00e9e de Puls-air est n\u00e9e. En homme d'action, l'ing\u00e9nieur se met imm\u00e9diatement au travail. En 1984, le premier appareil de chauffage Puls-air est livr\u00e9. La combustion puls\u00e9e brevet\u00e9e par Pletzer s\u00e9duit encore aujourd'hui les propri\u00e9taires d'ateliers et de halls gr\u00e2ce \u00e0 son extr\u00eame sobri\u00e9t\u00e9 et \u00e0 son faible niveau d'\u00e9missions &amp; de bruit.<\/p>\t\t\t\t\t\t\t\t<\/div>\n\t\t\t\t<\/div>\n\t\t\t\t\t<\/div>\n\t\t<\/div>\n\t\t\t\t<div class=\"elementor-column elementor-col-50 elementor-top-column elementor-element elementor-element-3fd23096\" data-id=\"3fd23096\" data-element_type=\"column\" data-e-type=\"column\">\n\t\t\t<div class=\"elementor-widget-wrap elementor-element-populated\">\n\t\t\t\t\t\t<div class=\"elementor-element elementor-element-cfb7898 elementor-widget elementor-widget-image\" data-id=\"cfb7898\" data-element_type=\"widget\" data-e-type=\"widget\" data-widget_type=\"image.default\">\n\t\t\t\t<div class=\"elementor-widget-container\">\n\t\t\t\t\t\t\t\t\t\t\t\t\t\t\t\t<a href=\"https:\/\/pulsair.net\/wp-content\/uploads\/2024\/09\/puls-air-1-scaled.jpg\" data-elementor-open-lightbox=\"yes\" data-elementor-lightbox-title=\"puls-air-1\" data-elementor-lightbox-description=\"Gerald Holzmann die KFZ Holzmann GmbH mit Puls-air Heizger\u00e4t\" data-e-action-hash=\"#elementor-action%3Aaction%3Dlightbox%26settings%3DeyJpZCI6MzQ4NSwidXJsIjoiaHR0cHM6XC9cL3B1bHNhaXIubmV0XC93cC1jb250ZW50XC91cGxvYWRzXC8yMDI0XC8wOVwvcHVscy1haXItMS1zY2FsZWQuanBnIn0%3D\">\n\t\t\t\t\t\t\t<img fetchpriority=\"high\" decoding=\"async\" width=\"576\" height=\"1024\" src=\"https:\/\/pulsair.net\/wp-content\/uploads\/2024\/09\/puls-air-1-576x1024.jpg\" class=\"attachment-large size-large wp-image-3485\" alt=\"Gerald Holzmann die KFZ Holzmann GmbH mit Puls-air Heizger\u00e4t\" srcset=\"https:\/\/pulsair.net\/wp-content\/uploads\/2024\/09\/puls-air-1-576x1024.jpg 576w, https:\/\/pulsair.net\/wp-content\/uploads\/2024\/09\/puls-air-1-169x300.jpg 169w, https:\/\/pulsair.net\/wp-content\/uploads\/2024\/09\/puls-air-1-768x1365.jpg 768w, https:\/\/pulsair.net\/wp-content\/uploads\/2024\/09\/puls-air-1-864x1536.jpg 864w, https:\/\/pulsair.net\/wp-content\/uploads\/2024\/09\/puls-air-1-1152x2048.jpg 1152w, https:\/\/pulsair.net\/wp-content\/uploads\/2024\/09\/puls-air-1-600x1066.jpg 600w, https:\/\/pulsair.net\/wp-content\/uploads\/2024\/09\/puls-air-1-scaled.jpg 1440w\" sizes=\"(max-width: 576px) 100vw, 576px\" \/>\t\t\t\t\t\t\t\t<\/a>\n\t\t\t\t\t\t\t\t\t\t\t\t\t\t\t<\/div>\n\t\t\t\t<\/div>\n\t\t\t\t\t<\/div>\n\t\t<\/div>\n\t\t\t\t\t<\/div>\n\t\t<\/section>\n\t\t\t\t<section class=\"elementor-section elementor-top-section elementor-element elementor-element-7ebf292 elementor-section-boxed elementor-section-height-default elementor-section-height-default\" data-id=\"7ebf292\" data-element_type=\"section\" data-e-type=\"section\" data-settings=\"{&quot;background_background&quot;:&quot;classic&quot;}\">\n\t\t\t\t\t\t<div class=\"elementor-container elementor-column-gap-default\">\n\t\t\t\t\t<div class=\"elementor-column elementor-col-100 elementor-top-column elementor-element elementor-element-daa0f45\" data-id=\"daa0f45\" data-element_type=\"column\" data-e-type=\"column\">\n\t\t\t<div class=\"elementor-widget-wrap elementor-element-populated\">\n\t\t\t\t\t\t<div class=\"elementor-element elementor-element-1c1ffa7 elementor-widget elementor-widget-text-editor\" data-id=\"1c1ffa7\" data-element_type=\"widget\" data-e-type=\"widget\" data-widget_type=\"text-editor.default\">\n\t\t\t\t<div class=\"elementor-widget-container\">\n\t\t\t\t\t\t\t\t\t<h2>Puls-air en 3e g\u00e9n\u00e9ration<\/h2><p>Depuis 2023, Puls-air est pass\u00e9 \u00e0 la troisi\u00e8me g\u00e9n\u00e9ration. L'inventeur Georg Pletzer confie la distribution en Autriche \u00e0 son petit-fils Luca Pletzer. La distribution &amp; la production pour l'Allemagne, la Suisse, l'Angleterre, l'Italie et la R\u00e9publique tch\u00e8que sont assur\u00e9es par son fils Werner Pletzer.<\/p><h2>Avoir les pieds au chaud en travaillant<\/h2><p>L'air chaud s'\u00e9l\u00e8ve. C'est pourquoi les montgolfi\u00e8res, par exemple, volent et c'est pourquoi il est physiquement avantageux que l'air chaud utilis\u00e9 pour chauffer un atelier ou un hall soit lib\u00e9r\u00e9 pr\u00e8s du sol et non au plafond. Puls-air est plac\u00e9 au sol de la pi\u00e8ce \u00e0 chauffer et cr\u00e9e un rouleau d'air thermique qui tourne lentement dans la pi\u00e8ce. L'air chaud est parfaitement r\u00e9parti dans la pi\u00e8ce et arrive l\u00e0 o\u00f9 l'on travaille, au niveau du sol. Cela permet d'\u00e9conomiser des frais de chauffage et de r\u00e9partir rapidement la chaleur, m\u00eame en cas d'ouvertures et de fermetures fr\u00e9quentes des portes.<\/p>\t\t\t\t\t\t\t\t<\/div>\n\t\t\t\t<\/div>\n\t\t\t\t\t<\/div>\n\t\t<\/div>\n\t\t\t\t\t<\/div>\n\t\t<\/section>\n\t\t\t\t<section class=\"elementor-section elementor-top-section elementor-element elementor-element-142283d elementor-section-boxed elementor-section-height-default elementor-section-height-default\" data-id=\"142283d\" data-element_type=\"section\" data-e-type=\"section\">\n\t\t\t\t\t\t<div class=\"elementor-container elementor-column-gap-default\">\n\t\t\t\t\t<div class=\"elementor-column elementor-col-50 elementor-top-column elementor-element elementor-element-723e84d\" data-id=\"723e84d\" data-element_type=\"column\" data-e-type=\"column\">\n\t\t\t<div class=\"elementor-widget-wrap elementor-element-populated\">\n\t\t\t\t\t\t<div class=\"elementor-element elementor-element-e6dfef0 elementor-widget elementor-widget-image\" data-id=\"e6dfef0\" data-element_type=\"widget\" data-e-type=\"widget\" data-widget_type=\"image.default\">\n\t\t\t\t<div class=\"elementor-widget-container\">\n\t\t\t\t\t\t\t\t\t\t\t\t\t\t\t\t<a href=\"https:\/\/pulsair.net\/wp-content\/uploads\/2024\/09\/WS_Hinten_Weitwinkel-scaled.jpg\" data-elementor-open-lightbox=\"yes\" data-elementor-lightbox-title=\"WS_Hinten_Weitwinkel\" data-e-action-hash=\"#elementor-action%3Aaction%3Dlightbox%26settings%3DeyJpZCI6MzQ4OCwidXJsIjoiaHR0cHM6XC9cL3B1bHNhaXIubmV0XC93cC1jb250ZW50XC91cGxvYWRzXC8yMDI0XC8wOVwvV1NfSGludGVuX1dlaXR3aW5rZWwtc2NhbGVkLmpwZyJ9\">\n\t\t\t\t\t\t\t<img decoding=\"async\" width=\"1024\" height=\"388\" src=\"https:\/\/pulsair.net\/wp-content\/uploads\/2024\/09\/WS_Hinten_Weitwinkel-1024x388.jpg\" class=\"attachment-large size-large wp-image-3488\" alt=\"Innenansicht Gerald Holzmann die KFZ Holzmann GmbH\" srcset=\"https:\/\/pulsair.net\/wp-content\/uploads\/2024\/09\/WS_Hinten_Weitwinkel-1024x388.jpg 1024w, https:\/\/pulsair.net\/wp-content\/uploads\/2024\/09\/WS_Hinten_Weitwinkel-300x114.jpg 300w, https:\/\/pulsair.net\/wp-content\/uploads\/2024\/09\/WS_Hinten_Weitwinkel-768x291.jpg 768w, https:\/\/pulsair.net\/wp-content\/uploads\/2024\/09\/WS_Hinten_Weitwinkel-1536x581.jpg 1536w, https:\/\/pulsair.net\/wp-content\/uploads\/2024\/09\/WS_Hinten_Weitwinkel-2048x775.jpg 2048w, https:\/\/pulsair.net\/wp-content\/uploads\/2024\/09\/WS_Hinten_Weitwinkel-600x227.jpg 600w\" sizes=\"(max-width: 1024px) 100vw, 1024px\" \/>\t\t\t\t\t\t\t\t<\/a>\n\t\t\t\t\t\t\t\t\t\t\t\t\t\t\t<\/div>\n\t\t\t\t<\/div>\n\t\t\t\t\t<\/div>\n\t\t<\/div>\n\t\t\t\t<div class=\"elementor-column elementor-col-50 elementor-top-column elementor-element elementor-element-88295c3\" data-id=\"88295c3\" data-element_type=\"column\" data-e-type=\"column\">\n\t\t\t<div class=\"elementor-widget-wrap elementor-element-populated\">\n\t\t\t\t\t\t<div class=\"elementor-element elementor-element-ec09110 elementor-widget elementor-widget-image\" data-id=\"ec09110\" data-element_type=\"widget\" data-e-type=\"widget\" data-widget_type=\"image.default\">\n\t\t\t\t<div class=\"elementor-widget-container\">\n\t\t\t\t\t\t\t\t\t\t\t\t\t\t\t\t<a href=\"https:\/\/pulsair.net\/wp-content\/uploads\/2024\/09\/Vorne-Drone-kl.jpg\" data-elementor-open-lightbox=\"yes\" data-elementor-lightbox-title=\"Vorne Drone kl\" data-elementor-lightbox-description=\"Au\u00dfenansicht Gerald Holzmann die KFZ Holzmann GmbH \" data-e-action-hash=\"#elementor-action%3Aaction%3Dlightbox%26settings%3DeyJpZCI6MzQ5MCwidXJsIjoiaHR0cHM6XC9cL3B1bHNhaXIubmV0XC93cC1jb250ZW50XC91cGxvYWRzXC8yMDI0XC8wOVwvVm9ybmUtRHJvbmUta2wuanBnIn0%3D\">\n\t\t\t\t\t\t\t<img decoding=\"async\" width=\"1024\" height=\"576\" src=\"https:\/\/pulsair.net\/wp-content\/uploads\/2024\/09\/Vorne-Drone-kl-1024x576.jpg\" class=\"attachment-large size-large wp-image-3490\" alt=\"Au\u00dfenansicht Gerald Holzmann die KFZ Holzmann GmbH\" srcset=\"https:\/\/pulsair.net\/wp-content\/uploads\/2024\/09\/Vorne-Drone-kl-1024x576.jpg 1024w, https:\/\/pulsair.net\/wp-content\/uploads\/2024\/09\/Vorne-Drone-kl-300x169.jpg 300w, https:\/\/pulsair.net\/wp-content\/uploads\/2024\/09\/Vorne-Drone-kl-768x432.jpg 768w, https:\/\/pulsair.net\/wp-content\/uploads\/2024\/09\/Vorne-Drone-kl-1536x864.jpg 1536w, https:\/\/pulsair.net\/wp-content\/uploads\/2024\/09\/Vorne-Drone-kl-600x338.jpg 600w, https:\/\/pulsair.net\/wp-content\/uploads\/2024\/09\/Vorne-Drone-kl.jpg 1920w\" sizes=\"(max-width: 1024px) 100vw, 1024px\" \/>\t\t\t\t\t\t\t\t<\/a>\n\t\t\t\t\t\t\t\t\t\t\t\t\t\t\t<\/div>\n\t\t\t\t<\/div>\n\t\t\t\t\t<\/div>\n\t\t<\/div>\n\t\t\t\t\t<\/div>\n\t\t<\/section>\n\t\t\t\t<section class=\"elementor-section elementor-top-section elementor-element elementor-element-bfe4a20 elementor-section-boxed elementor-section-height-default elementor-section-height-default\" data-id=\"bfe4a20\" data-element_type=\"section\" data-e-type=\"section\" data-settings=\"{&quot;background_background&quot;:&quot;classic&quot;}\">\n\t\t\t\t\t\t<div class=\"elementor-container elementor-column-gap-default\">\n\t\t\t\t\t<div class=\"elementor-column elementor-col-100 elementor-top-column elementor-element elementor-element-63f8640\" data-id=\"63f8640\" data-element_type=\"column\" data-e-type=\"column\">\n\t\t\t<div class=\"elementor-widget-wrap elementor-element-populated\">\n\t\t\t\t\t\t<div class=\"elementor-element elementor-element-c462323 elementor-widget elementor-widget-text-editor\" data-id=\"c462323\" data-element_type=\"widget\" data-e-type=\"widget\" data-widget_type=\"text-editor.default\">\n\t\t\t\t<div class=\"elementor-widget-container\">\n\t\t\t\t\t\t\t\t\t<h2>Pas de chemin\u00e9e s\u00e9par\u00e9e n\u00e9cessaire<\/h2><p class=\"MsoNormal\">Gr\u00e2ce \u00e0 ses faibles \u00e9missions, le chauffage Puls-air ne n\u00e9cessite qu'un tuyau en acier inoxydable de 35 mm au-dessus du toit vers l'ext\u00e9rieur comme conduit d'\u00e9vacuation. Les co\u00fbts de mise en service sont tr\u00e8s faibles et il n'est pas n\u00e9cessaire d'avoir une chemin\u00e9e s\u00e9par\u00e9e.\u00a0<\/p>\t\t\t\t\t\t\t\t<\/div>\n\t\t\t\t<\/div>\n\t\t\t\t\t<\/div>\n\t\t<\/div>\n\t\t\t\t\t<\/div>\n\t\t<\/section>\n\t\t\t\t<section class=\"elementor-section elementor-top-section elementor-element elementor-element-152aa46 elementor-section-boxed elementor-section-height-default elementor-section-height-default\" data-id=\"152aa46\" data-element_type=\"section\" data-e-type=\"section\" data-settings=\"{&quot;background_background&quot;:&quot;classic&quot;}\">\n\t\t\t\t\t\t<div class=\"elementor-container elementor-column-gap-default\">\n\t\t\t\t\t<div class=\"elementor-column elementor-col-100 elementor-top-column elementor-element elementor-element-1357821\" data-id=\"1357821\" data-element_type=\"column\" data-e-type=\"column\">\n\t\t\t<div class=\"elementor-widget-wrap\">\n\t\t\t\t\t\t\t<\/div>\n\t\t<\/div>\n\t\t\t\t\t<\/div>\n\t\t<\/section>\n\t\t\t\t<section class=\"elementor-section elementor-top-section elementor-element elementor-element-a5cc4db elementor-section-boxed elementor-section-height-default elementor-section-height-default\" data-id=\"a5cc4db\" data-element_type=\"section\" data-e-type=\"section\">\n\t\t\t\t\t\t<div class=\"elementor-container elementor-column-gap-default\">\n\t\t\t\t\t<div class=\"elementor-column elementor-col-50 elementor-top-column elementor-element elementor-element-a933b9e\" data-id=\"a933b9e\" data-element_type=\"column\" data-e-type=\"column\">\n\t\t\t<div class=\"elementor-widget-wrap elementor-element-populated\">\n\t\t\t\t\t\t<div class=\"elementor-element elementor-element-12357de elementor-widget elementor-widget-image\" data-id=\"12357de\" data-element_type=\"widget\" data-e-type=\"widget\" data-widget_type=\"image.default\">\n\t\t\t\t<div class=\"elementor-widget-container\">\n\t\t\t\t\t\t\t\t\t\t\t\t\t\t\t\t<a href=\"http:\/\/pulsair.net\/wp-content\/uploads\/2023\/12\/Zeichenflaeche-1-Kopie.png\" data-elementor-open-lightbox=\"yes\" data-elementor-lightbox-title=\"W\u00e4rmeverteilung Puls-air\" data-elementor-lightbox-description=\"W\u00e4rmeverteilung Puls-air\" data-e-action-hash=\"#elementor-action%3Aaction%3Dlightbox%26settings%3DeyJpZCI6Mjk1MywidXJsIjoiaHR0cHM6XC9cL3B1bHNhaXIubmV0XC93cC1jb250ZW50XC91cGxvYWRzXC8yMDIzXC8xMlwvWmVpY2hlbmZsYWVjaGUtMS1Lb3BpZS5wbmcifQ%3D%3D\">\n\t\t\t\t\t\t\t<img loading=\"lazy\" decoding=\"async\" width=\"1024\" height=\"778\" src=\"https:\/\/pulsair.net\/wp-content\/uploads\/2023\/12\/Zeichenflaeche-1-Kopie-1024x778.png\" class=\"attachment-large size-large wp-image-2953\" alt=\"W\u00e4rmeverteilung Puls-air\" srcset=\"https:\/\/pulsair.net\/wp-content\/uploads\/2023\/12\/Zeichenflaeche-1-Kopie-1024x778.png 1024w, https:\/\/pulsair.net\/wp-content\/uploads\/2023\/12\/Zeichenflaeche-1-Kopie-300x228.png 300w, https:\/\/pulsair.net\/wp-content\/uploads\/2023\/12\/Zeichenflaeche-1-Kopie-768x583.png 768w, https:\/\/pulsair.net\/wp-content\/uploads\/2023\/12\/Zeichenflaeche-1-Kopie-600x456.png 600w, https:\/\/pulsair.net\/wp-content\/uploads\/2023\/12\/Zeichenflaeche-1-Kopie.png 1317w\" sizes=\"(max-width: 1024px) 100vw, 1024px\" \/>\t\t\t\t\t\t\t\t<\/a>\n\t\t\t\t\t\t\t\t\t\t\t\t\t\t\t<\/div>\n\t\t\t\t<\/div>\n\t\t\t\t\t<\/div>\n\t\t<\/div>\n\t\t\t\t<div class=\"elementor-column elementor-col-50 elementor-top-column elementor-element elementor-element-391c405\" data-id=\"391c405\" data-element_type=\"column\" data-e-type=\"column\">\n\t\t\t<div class=\"elementor-widget-wrap elementor-element-populated\">\n\t\t\t\t\t\t<div class=\"elementor-element elementor-element-9e0d99b elementor-widget elementor-widget-image\" data-id=\"9e0d99b\" data-element_type=\"widget\" data-e-type=\"widget\" data-widget_type=\"image.default\">\n\t\t\t\t<div class=\"elementor-widget-container\">\n\t\t\t\t\t\t\t\t\t\t\t\t\t\t\t\t<a href=\"http:\/\/pulsair.net\/wp-content\/uploads\/2023\/12\/Zeichenflaeche-1.png\" data-elementor-open-lightbox=\"yes\" data-elementor-lightbox-title=\"W\u00e4rmeverteilung Deckengebl\u00e4se\" data-elementor-lightbox-description=\"W\u00e4rmeverteilung Deckengebl\u00e4se\" data-e-action-hash=\"#elementor-action%3Aaction%3Dlightbox%26settings%3DeyJpZCI6Mjk1MiwidXJsIjoiaHR0cHM6XC9cL3B1bHNhaXIubmV0XC93cC1jb250ZW50XC91cGxvYWRzXC8yMDIzXC8xMlwvWmVpY2hlbmZsYWVjaGUtMS5wbmcifQ%3D%3D\">\n\t\t\t\t\t\t\t<img loading=\"lazy\" decoding=\"async\" width=\"1024\" height=\"778\" src=\"https:\/\/pulsair.net\/wp-content\/uploads\/2023\/12\/Zeichenflaeche-1-1024x778.png\" class=\"attachment-large size-large wp-image-2952\" alt=\"W\u00e4rmeverteilung Deckengebl\u00e4se\" srcset=\"https:\/\/pulsair.net\/wp-content\/uploads\/2023\/12\/Zeichenflaeche-1-1024x778.png 1024w, https:\/\/pulsair.net\/wp-content\/uploads\/2023\/12\/Zeichenflaeche-1-300x228.png 300w, https:\/\/pulsair.net\/wp-content\/uploads\/2023\/12\/Zeichenflaeche-1-768x584.png 768w, https:\/\/pulsair.net\/wp-content\/uploads\/2023\/12\/Zeichenflaeche-1-600x456.png 600w, https:\/\/pulsair.net\/wp-content\/uploads\/2023\/12\/Zeichenflaeche-1.png 1316w\" sizes=\"(max-width: 1024px) 100vw, 1024px\" \/>\t\t\t\t\t\t\t\t<\/a>\n\t\t\t\t\t\t\t\t\t\t\t\t\t\t\t<\/div>\n\t\t\t\t<\/div>\n\t\t\t\t\t<\/div>\n\t\t<\/div>\n\t\t\t\t\t<\/div>\n\t\t<\/section>\n\t\t\t\t<section class=\"elementor-section elementor-top-section elementor-element elementor-element-19aa3d5 elementor-hidden-desktop elementor-hidden-tablet elementor-hidden-phone elementor-section-boxed elementor-section-height-default elementor-section-height-default\" data-id=\"19aa3d5\" data-element_type=\"section\" data-e-type=\"section\" data-settings=\"{&quot;background_background&quot;:&quot;classic&quot;}\">\n\t\t\t\t\t\t<div class=\"elementor-container elementor-column-gap-default\">\n\t\t\t\t\t<div class=\"elementor-column elementor-col-100 elementor-top-column elementor-element elementor-element-b7f44eb\" data-id=\"b7f44eb\" data-element_type=\"column\" data-e-type=\"column\">\n\t\t\t<div class=\"elementor-widget-wrap elementor-element-populated\">\n\t\t\t\t\t\t<div class=\"elementor-element elementor-element-5f78d1e elementor-widget elementor-widget-text-editor\" data-id=\"5f78d1e\" data-element_type=\"widget\" data-e-type=\"widget\" data-widget_type=\"text-editor.default\">\n\t\t\t\t<div class=\"elementor-widget-container\">\n\t\t\t\t\t\t\t\t\t<h2>Le chauffage adapt\u00e9 \u00e0 tous les ateliers et halls<\/h2><p>Il existe 2 mod\u00e8les de Puls-air. Puls-air Standard jusqu'\u00e0 600 m\u00b3 et Puls-air Plus jusqu'\u00e0 1.800 m\u00b3. Les deux valeurs avec une tr\u00e8s bonne isolation. Pour les locaux plus grands, il est \u00e9galement possible de combiner plusieurs appareils.<\/p><h2>Pourquoi l'air puls\u00e9 est-il beaucoup plus \u00e9conomique ?<\/h2><p>Les ventilateurs de plafond traditionnels perdent beaucoup de chaleur dans de longues conduites. Le chauffage de grandes quantit\u00e9s d'eau dans le chauffe-eau n\u00e9cessite \u00e9galement beaucoup d'\u00e9nergie. De plus, les br\u00fbleurs \u00e0 mazout traditionnels ont un mauvais rendement. Avec Puls-air, le rendement est de 97 %, ce qui signifie que presque tout le carburant introduit est transform\u00e9 en chaleur. De plus, Puls-air se trouve au sol de la pi\u00e8ce \u00e0 chauffer, lib\u00e8re l'air chaud l\u00e0 o\u00f9 l'on travaille et cr\u00e9e dans la pi\u00e8ce un rouleau d'air thermique qui tourne lentement. L'air n'est pas toujours chauff\u00e9 \u00e0 partir de 0, mais pr\u00e9chauff\u00e9, il est toujours tir\u00e9 \u00e0 travers l'appareil de chauffage.<\/p><h2>Bruit de fonctionnement et pollution par la poussi\u00e8re<\/h2><p>GF Schinagl a \u00e9galement constat\u00e9 que le bruit de fonctionnement de Puls-air est nettement plus agr\u00e9able et qu'il soul\u00e8ve beaucoup moins de poussi\u00e8re que les souffleries de plafond.<\/p>\t\t\t\t\t\t\t\t<\/div>\n\t\t\t\t<\/div>\n\t\t\t\t\t<\/div>\n\t\t<\/div>\n\t\t\t\t\t<\/div>\n\t\t<\/section>\n\t\t\t\t<section class=\"elementor-section elementor-top-section elementor-element elementor-element-05d5797 elementor-section-boxed elementor-section-height-default elementor-section-height-default\" data-id=\"05d5797\" data-element_type=\"section\" data-e-type=\"section\">\n\t\t\t\t\t\t<div class=\"elementor-container elementor-column-gap-default\">\n\t\t\t\t\t<div class=\"elementor-column elementor-col-100 elementor-top-column elementor-element elementor-element-77a0251\" data-id=\"77a0251\" data-element_type=\"column\" data-e-type=\"column\">\n\t\t\t<div class=\"elementor-widget-wrap elementor-element-populated\">\n\t\t\t\t\t\t<div class=\"elementor-element elementor-element-06d753c elementor-widget elementor-widget-text-editor\" data-id=\"06d753c\" data-element_type=\"widget\" data-e-type=\"widget\" data-widget_type=\"text-editor.default\">\n\t\t\t\t<div class=\"elementor-widget-container\">\n\t\t\t\t\t\t\t\t\t<div class=\"titel_cst\"><div class=\"titel_cst_big\"><h2 class=\"Titel\">Autres r\u00e9f\u00e9rences :<\/h2><\/div><\/div>\t\t\t\t\t\t\t\t<\/div>\n\t\t\t\t<\/div>\n\t\t\t\t<div class=\"elementor-element elementor-element-cd53b0b elementor-grid-3 elementor-grid-tablet-2 elementor-grid-mobile-1 elementor-posts--thumbnail-top elementor-card-shadow-yes elementor-posts__hover-gradient elementor-widget elementor-widget-global elementor-global-1038 elementor-widget-posts\" data-id=\"cd53b0b\" data-element_type=\"widget\" data-e-type=\"widget\" data-settings=\"{&quot;cards_masonry&quot;:&quot;yes&quot;,&quot;cards_columns&quot;:&quot;3&quot;,&quot;cards_columns_tablet&quot;:&quot;2&quot;,&quot;cards_columns_mobile&quot;:&quot;1&quot;,&quot;cards_row_gap&quot;:{&quot;unit&quot;:&quot;px&quot;,&quot;size&quot;:35,&quot;sizes&quot;:[]},&quot;cards_row_gap_tablet&quot;:{&quot;unit&quot;:&quot;px&quot;,&quot;size&quot;:&quot;&quot;,&quot;sizes&quot;:[]},&quot;cards_row_gap_mobile&quot;:{&quot;unit&quot;:&quot;px&quot;,&quot;size&quot;:&quot;&quot;,&quot;sizes&quot;:[]}}\" data-widget_type=\"posts.cards\">\n\t\t\t\t<div class=\"elementor-widget-container\">\n\t\t\t\t\t\t\t<div class=\"elementor-posts-container elementor-posts elementor-posts--skin-cards elementor-grid\" role=\"list\">\n\t\t\t\t<article class=\"elementor-post elementor-grid-item post-5109 post type-post status-publish format-standard has-post-thumbnail hentry category-deutschland category-referenz\" role=\"listitem\">\n\t\t\t<div class=\"elementor-post__card\">\n\t\t\t\t<a class=\"elementor-post__thumbnail__link\" href=\"https:\/\/pulsair.net\/fr\/referenz\/auto-lackier-center-bamberg\/\" tabindex=\"-1\" ><div class=\"elementor-post__thumbnail\"><img loading=\"lazy\" decoding=\"async\" width=\"640\" height=\"480\" src=\"https:\/\/pulsair.net\/wp-content\/uploads\/2026\/03\/unnamed-2.jpg\" class=\"attachment-full size-full wp-image-5111\" alt=\"\" srcset=\"https:\/\/pulsair.net\/wp-content\/uploads\/2026\/03\/unnamed-2.jpg 640w, https:\/\/pulsair.net\/wp-content\/uploads\/2026\/03\/unnamed-2-300x225.jpg 300w, https:\/\/pulsair.net\/wp-content\/uploads\/2026\/03\/unnamed-2-16x12.jpg 16w, https:\/\/pulsair.net\/wp-content\/uploads\/2026\/03\/unnamed-2-600x450.jpg 600w\" sizes=\"(max-width: 640px) 100vw, 640px\" \/><\/div><\/a>\n\t\t\t\t<div class=\"elementor-post__text\">\n\t\t\t\t<h3 class=\"elementor-post__title\">\n\t\t\t<a href=\"https:\/\/pulsair.net\/fr\/referenz\/auto-lackier-center-bamberg\/\" >\n\t\t\t\tAUTO-LACKIER-CENTER &#038; KAROSSERIEFACHBETRIEB, Bamberg, Deutschland &#x1f1e9;&#x1f1ea;\t\t\t<\/a>\n\t\t<\/h3>\n\t\t\n\t\t<a class=\"elementor-post__read-more\" href=\"https:\/\/pulsair.net\/fr\/referenz\/auto-lackier-center-bamberg\/\" aria-label=\"Read more about AUTO-LACKIER-CENTER &#038; KAROSSERIEFACHBETRIEB, Bamberg, Deutschland &#x1f1e9;&#x1f1ea;\" tabindex=\"-1\" >\n\t\t\tZur Referenz &gt;&gt;\t\t<\/a>\n\n\t\t\t\t<\/div>\n\t\t\t\t<div class=\"elementor-post__meta-data\">\n\t\t\t\t\t<span class=\"elementor-post-date\">\n\t\t\tmars 30, 2026\t\t<\/span>\n\t\t\t\t<\/div>\n\t\t\t\t\t<\/div>\n\t\t<\/article>\n\t\t\t\t<article class=\"elementor-post elementor-grid-item post-5098 post type-post status-publish format-standard has-post-thumbnail hentry category-deutschland category-referenz\" role=\"listitem\">\n\t\t\t<div class=\"elementor-post__card\">\n\t\t\t\t<a class=\"elementor-post__thumbnail__link\" href=\"https:\/\/pulsair.net\/fr\/referenz\/autohaus-schroeder-gmbh-bad-oldesloe\/\" tabindex=\"-1\" ><div class=\"elementor-post__thumbnail\"><img loading=\"lazy\" decoding=\"async\" width=\"1920\" height=\"1440\" src=\"https:\/\/pulsair.net\/wp-content\/uploads\/2026\/03\/P1280095-SchrAder-4.jpg\" class=\"attachment-full size-full wp-image-5100\" alt=\"\" srcset=\"https:\/\/pulsair.net\/wp-content\/uploads\/2026\/03\/P1280095-SchrAder-4.jpg 1920w, https:\/\/pulsair.net\/wp-content\/uploads\/2026\/03\/P1280095-SchrAder-4-300x225.jpg 300w, https:\/\/pulsair.net\/wp-content\/uploads\/2026\/03\/P1280095-SchrAder-4-1024x768.jpg 1024w, https:\/\/pulsair.net\/wp-content\/uploads\/2026\/03\/P1280095-SchrAder-4-768x576.jpg 768w, https:\/\/pulsair.net\/wp-content\/uploads\/2026\/03\/P1280095-SchrAder-4-1536x1152.jpg 1536w, https:\/\/pulsair.net\/wp-content\/uploads\/2026\/03\/P1280095-SchrAder-4-16x12.jpg 16w, https:\/\/pulsair.net\/wp-content\/uploads\/2026\/03\/P1280095-SchrAder-4-600x450.jpg 600w\" sizes=\"(max-width: 1920px) 100vw, 1920px\" \/><\/div><\/a>\n\t\t\t\t<div class=\"elementor-post__text\">\n\t\t\t\t<h3 class=\"elementor-post__title\">\n\t\t\t<a href=\"https:\/\/pulsair.net\/fr\/referenz\/autohaus-schroeder-gmbh-bad-oldesloe\/\" >\n\t\t\t\tAutohaus Schr\u00f6der GmbH Bad Oldesloe, Deutschland &#x1f1e9;&#x1f1ea;\t\t\t<\/a>\n\t\t<\/h3>\n\t\t\n\t\t<a class=\"elementor-post__read-more\" href=\"https:\/\/pulsair.net\/fr\/referenz\/autohaus-schroeder-gmbh-bad-oldesloe\/\" aria-label=\"Read more about Autohaus Schr\u00f6der GmbH Bad Oldesloe, Deutschland &#x1f1e9;&#x1f1ea;\" tabindex=\"-1\" >\n\t\t\tZur Referenz &gt;&gt;\t\t<\/a>\n\n\t\t\t\t<\/div>\n\t\t\t\t<div class=\"elementor-post__meta-data\">\n\t\t\t\t\t<span class=\"elementor-post-date\">\n\t\t\tmars 26, 2026\t\t<\/span>\n\t\t\t\t<\/div>\n\t\t\t\t\t<\/div>\n\t\t<\/article>\n\t\t\t\t<article class=\"elementor-post elementor-grid-item post-5086 post type-post status-publish format-standard has-post-thumbnail hentry category-deutschland category-referenz\" role=\"listitem\">\n\t\t\t<div class=\"elementor-post__card\">\n\t\t\t\t<a class=\"elementor-post__thumbnail__link\" href=\"https:\/\/pulsair.net\/fr\/referenz\/ts-carservice-thomas-stoss-schluechtern\/\" tabindex=\"-1\" ><div class=\"elementor-post__thumbnail\"><img loading=\"lazy\" decoding=\"async\" width=\"1280\" height=\"1920\" src=\"https:\/\/pulsair.net\/wp-content\/uploads\/2026\/03\/ts-pulsair_5063-ts-Car-Service-7.jpg\" class=\"attachment-full size-full wp-image-5088\" alt=\"\" srcset=\"https:\/\/pulsair.net\/wp-content\/uploads\/2026\/03\/ts-pulsair_5063-ts-Car-Service-7.jpg 1280w, https:\/\/pulsair.net\/wp-content\/uploads\/2026\/03\/ts-pulsair_5063-ts-Car-Service-7-200x300.jpg 200w, https:\/\/pulsair.net\/wp-content\/uploads\/2026\/03\/ts-pulsair_5063-ts-Car-Service-7-683x1024.jpg 683w, https:\/\/pulsair.net\/wp-content\/uploads\/2026\/03\/ts-pulsair_5063-ts-Car-Service-7-768x1152.jpg 768w, https:\/\/pulsair.net\/wp-content\/uploads\/2026\/03\/ts-pulsair_5063-ts-Car-Service-7-1024x1536.jpg 1024w, https:\/\/pulsair.net\/wp-content\/uploads\/2026\/03\/ts-pulsair_5063-ts-Car-Service-7-8x12.jpg 8w, https:\/\/pulsair.net\/wp-content\/uploads\/2026\/03\/ts-pulsair_5063-ts-Car-Service-7-600x900.jpg 600w\" sizes=\"(max-width: 1280px) 100vw, 1280px\" \/><\/div><\/a>\n\t\t\t\t<div class=\"elementor-post__text\">\n\t\t\t\t<h3 class=\"elementor-post__title\">\n\t\t\t<a href=\"https:\/\/pulsair.net\/fr\/referenz\/ts-carservice-thomas-stoss-schluechtern\/\" >\n\t\t\t\tTS-Carservice Thomas Sto\u00df Schl\u00fcchtern, Deutschland &#x1f1e9;&#x1f1ea;\t\t\t<\/a>\n\t\t<\/h3>\n\t\t\n\t\t<a class=\"elementor-post__read-more\" href=\"https:\/\/pulsair.net\/fr\/referenz\/ts-carservice-thomas-stoss-schluechtern\/\" aria-label=\"Read more about TS-Carservice Thomas Sto\u00df Schl\u00fcchtern, Deutschland &#x1f1e9;&#x1f1ea;\" tabindex=\"-1\" >\n\t\t\tZur Referenz &gt;&gt;\t\t<\/a>\n\n\t\t\t\t<\/div>\n\t\t\t\t<div class=\"elementor-post__meta-data\">\n\t\t\t\t\t<span class=\"elementor-post-date\">\n\t\t\tmars 26, 2026\t\t<\/span>\n\t\t\t\t<\/div>\n\t\t\t\t\t<\/div>\n\t\t<\/article>\n\t\t\t\t<article class=\"elementor-post elementor-grid-item post-5074 post type-post status-publish format-standard has-post-thumbnail hentry category-deutschland category-referenz\" role=\"listitem\">\n\t\t\t<div class=\"elementor-post__card\">\n\t\t\t\t<a class=\"elementor-post__thumbnail__link\" href=\"https:\/\/pulsair.net\/fr\/referenz\/autohaus-richter-gmbh-bitterfeld-wolfen\/\" tabindex=\"-1\" ><div class=\"elementor-post__thumbnail\"><img loading=\"lazy\" decoding=\"async\" width=\"1920\" height=\"1280\" src=\"https:\/\/pulsair.net\/wp-content\/uploads\/2026\/03\/foto-grehl-1MP-7246.jpg\" class=\"attachment-full size-full wp-image-5076\" alt=\"\" srcset=\"https:\/\/pulsair.net\/wp-content\/uploads\/2026\/03\/foto-grehl-1MP-7246.jpg 1920w, https:\/\/pulsair.net\/wp-content\/uploads\/2026\/03\/foto-grehl-1MP-7246-300x200.jpg 300w, https:\/\/pulsair.net\/wp-content\/uploads\/2026\/03\/foto-grehl-1MP-7246-1024x683.jpg 1024w, https:\/\/pulsair.net\/wp-content\/uploads\/2026\/03\/foto-grehl-1MP-7246-768x512.jpg 768w, https:\/\/pulsair.net\/wp-content\/uploads\/2026\/03\/foto-grehl-1MP-7246-1536x1024.jpg 1536w, https:\/\/pulsair.net\/wp-content\/uploads\/2026\/03\/foto-grehl-1MP-7246-18x12.jpg 18w, https:\/\/pulsair.net\/wp-content\/uploads\/2026\/03\/foto-grehl-1MP-7246-600x400.jpg 600w\" sizes=\"(max-width: 1920px) 100vw, 1920px\" \/><\/div><\/a>\n\t\t\t\t<div class=\"elementor-post__text\">\n\t\t\t\t<h3 class=\"elementor-post__title\">\n\t\t\t<a href=\"https:\/\/pulsair.net\/fr\/referenz\/autohaus-richter-gmbh-bitterfeld-wolfen\/\" >\n\t\t\t\tAutohaus Richter GmbH Bitterfeld-Wolfen, Deutschland &#x1f1e9;&#x1f1ea;\t\t\t<\/a>\n\t\t<\/h3>\n\t\t\n\t\t<a class=\"elementor-post__read-more\" href=\"https:\/\/pulsair.net\/fr\/referenz\/autohaus-richter-gmbh-bitterfeld-wolfen\/\" aria-label=\"Read more about Autohaus Richter GmbH Bitterfeld-Wolfen, Deutschland &#x1f1e9;&#x1f1ea;\" tabindex=\"-1\" >\n\t\t\tZur Referenz &gt;&gt;\t\t<\/a>\n\n\t\t\t\t<\/div>\n\t\t\t\t<div class=\"elementor-post__meta-data\">\n\t\t\t\t\t<span class=\"elementor-post-date\">\n\t\t\tmars 26, 2026\t\t<\/span>\n\t\t\t\t<\/div>\n\t\t\t\t\t<\/div>\n\t\t<\/article>\n\t\t\t\t<article class=\"elementor-post elementor-grid-item post-5056 post type-post status-publish format-standard has-post-thumbnail hentry category-deutschland category-referenz\" role=\"listitem\">\n\t\t\t<div class=\"elementor-post__card\">\n\t\t\t\t<a class=\"elementor-post__thumbnail__link\" href=\"https:\/\/pulsair.net\/fr\/referenz\/1a-autoservice-martin-distner-eslarn\/\" tabindex=\"-1\" ><div class=\"elementor-post__thumbnail\"><img loading=\"lazy\" decoding=\"async\" width=\"1709\" height=\"2560\" src=\"https:\/\/pulsair.net\/wp-content\/uploads\/2026\/03\/DSCF2467-scaled.jpg\" class=\"attachment-full size-full wp-image-5060\" alt=\"\" srcset=\"https:\/\/pulsair.net\/wp-content\/uploads\/2026\/03\/DSCF2467-scaled.jpg 1709w, https:\/\/pulsair.net\/wp-content\/uploads\/2026\/03\/DSCF2467-200x300.jpg 200w, https:\/\/pulsair.net\/wp-content\/uploads\/2026\/03\/DSCF2467-684x1024.jpg 684w, https:\/\/pulsair.net\/wp-content\/uploads\/2026\/03\/DSCF2467-768x1150.jpg 768w, https:\/\/pulsair.net\/wp-content\/uploads\/2026\/03\/DSCF2467-1025x1536.jpg 1025w, https:\/\/pulsair.net\/wp-content\/uploads\/2026\/03\/DSCF2467-1367x2048.jpg 1367w, https:\/\/pulsair.net\/wp-content\/uploads\/2026\/03\/DSCF2467-8x12.jpg 8w, https:\/\/pulsair.net\/wp-content\/uploads\/2026\/03\/DSCF2467-600x899.jpg 600w\" sizes=\"(max-width: 1709px) 100vw, 1709px\" \/><\/div><\/a>\n\t\t\t\t<div class=\"elementor-post__text\">\n\t\t\t\t<h3 class=\"elementor-post__title\">\n\t\t\t<a href=\"https:\/\/pulsair.net\/fr\/referenz\/1a-autoservice-martin-distner-eslarn\/\" >\n\t\t\t\t1a autoservice Martin Distner Eslarn, Deutschland &#x1f1e9;&#x1f1ea;\t\t\t<\/a>\n\t\t<\/h3>\n\t\t\n\t\t<a class=\"elementor-post__read-more\" href=\"https:\/\/pulsair.net\/fr\/referenz\/1a-autoservice-martin-distner-eslarn\/\" aria-label=\"Read more about 1a autoservice Martin Distner Eslarn, Deutschland &#x1f1e9;&#x1f1ea;\" tabindex=\"-1\" >\n\t\t\tZur Referenz &gt;&gt;\t\t<\/a>\n\n\t\t\t\t<\/div>\n\t\t\t\t<div class=\"elementor-post__meta-data\">\n\t\t\t\t\t<span class=\"elementor-post-date\">\n\t\t\tmars 26, 2026\t\t<\/span>\n\t\t\t\t<\/div>\n\t\t\t\t\t<\/div>\n\t\t<\/article>\n\t\t\t\t<article class=\"elementor-post elementor-grid-item post-5047 post type-post status-publish format-standard has-post-thumbnail hentry category-deutschland category-referenz\" role=\"listitem\">\n\t\t\t<div class=\"elementor-post__card\">\n\t\t\t\t<a class=\"elementor-post__thumbnail__link\" href=\"https:\/\/pulsair.net\/fr\/referenz\/autohaus-bacher-gmbh-ingolstadt\/\" tabindex=\"-1\" ><div class=\"elementor-post__thumbnail\"><img loading=\"lazy\" decoding=\"async\" width=\"1920\" height=\"1280\" src=\"https:\/\/pulsair.net\/wp-content\/uploads\/2026\/03\/Bild-004.jpg\" class=\"attachment-full size-full wp-image-5049\" alt=\"\" srcset=\"https:\/\/pulsair.net\/wp-content\/uploads\/2026\/03\/Bild-004.jpg 1920w, https:\/\/pulsair.net\/wp-content\/uploads\/2026\/03\/Bild-004-300x200.jpg 300w, https:\/\/pulsair.net\/wp-content\/uploads\/2026\/03\/Bild-004-1024x683.jpg 1024w, https:\/\/pulsair.net\/wp-content\/uploads\/2026\/03\/Bild-004-768x512.jpg 768w, https:\/\/pulsair.net\/wp-content\/uploads\/2026\/03\/Bild-004-1536x1024.jpg 1536w, https:\/\/pulsair.net\/wp-content\/uploads\/2026\/03\/Bild-004-18x12.jpg 18w, https:\/\/pulsair.net\/wp-content\/uploads\/2026\/03\/Bild-004-600x400.jpg 600w\" sizes=\"(max-width: 1920px) 100vw, 1920px\" \/><\/div><\/a>\n\t\t\t\t<div class=\"elementor-post__text\">\n\t\t\t\t<h3 class=\"elementor-post__title\">\n\t\t\t<a href=\"https:\/\/pulsair.net\/fr\/referenz\/autohaus-bacher-gmbh-ingolstadt\/\" >\n\t\t\t\tAutohaus Bacher GmbH Ingolstadt, Deutschland &#x1f1e9;&#x1f1ea;\t\t\t<\/a>\n\t\t<\/h3>\n\t\t\n\t\t<a class=\"elementor-post__read-more\" href=\"https:\/\/pulsair.net\/fr\/referenz\/autohaus-bacher-gmbh-ingolstadt\/\" aria-label=\"Read more about Autohaus Bacher GmbH Ingolstadt, Deutschland &#x1f1e9;&#x1f1ea;\" tabindex=\"-1\" >\n\t\t\tZur Referenz &gt;&gt;\t\t<\/a>\n\n\t\t\t\t<\/div>\n\t\t\t\t<div class=\"elementor-post__meta-data\">\n\t\t\t\t\t<span class=\"elementor-post-date\">\n\t\t\tmars 26, 2026\t\t<\/span>\n\t\t\t\t<\/div>\n\t\t\t\t\t<\/div>\n\t\t<\/article>\n\t\t\t\t<article class=\"elementor-post elementor-grid-item post-4924 post type-post status-publish format-standard has-post-thumbnail hentry category-deutschland category-referenz\" role=\"listitem\">\n\t\t\t<div class=\"elementor-post__card\">\n\t\t\t\t<a class=\"elementor-post__thumbnail__link\" href=\"https:\/\/pulsair.net\/fr\/referenz\/stefan-alt-reidenhausen\/\" tabindex=\"-1\" ><div class=\"elementor-post__thumbnail\"><img loading=\"lazy\" decoding=\"async\" width=\"1280\" height=\"1920\" src=\"https:\/\/pulsair.net\/wp-content\/uploads\/2026\/03\/2509Alt7-5068.jpg\" class=\"attachment-full size-full wp-image-4926\" alt=\"\" srcset=\"https:\/\/pulsair.net\/wp-content\/uploads\/2026\/03\/2509Alt7-5068.jpg 1280w, https:\/\/pulsair.net\/wp-content\/uploads\/2026\/03\/2509Alt7-5068-200x300.jpg 200w, https:\/\/pulsair.net\/wp-content\/uploads\/2026\/03\/2509Alt7-5068-683x1024.jpg 683w, https:\/\/pulsair.net\/wp-content\/uploads\/2026\/03\/2509Alt7-5068-768x1152.jpg 768w, https:\/\/pulsair.net\/wp-content\/uploads\/2026\/03\/2509Alt7-5068-1024x1536.jpg 1024w, https:\/\/pulsair.net\/wp-content\/uploads\/2026\/03\/2509Alt7-5068-8x12.jpg 8w, https:\/\/pulsair.net\/wp-content\/uploads\/2026\/03\/2509Alt7-5068-600x900.jpg 600w\" sizes=\"(max-width: 1280px) 100vw, 1280px\" \/><\/div><\/a>\n\t\t\t\t<div class=\"elementor-post__text\">\n\t\t\t\t<h3 class=\"elementor-post__title\">\n\t\t\t<a href=\"https:\/\/pulsair.net\/fr\/referenz\/stefan-alt-reidenhausen\/\" >\n\t\t\t\tAtelier automobile ind\u00e9pendant Stefan Alt Reidenhausen Allemagne \ud83c\udde9\ud83c\uddea\t\t\t<\/a>\n\t\t<\/h3>\n\t\t\n\t\t<a class=\"elementor-post__read-more\" href=\"https:\/\/pulsair.net\/fr\/referenz\/stefan-alt-reidenhausen\/\" aria-label=\"Read more about Freie Kfz-werkstatt Stefan Alt Reidenhausen Deutschland &#x1f1e9;&#x1f1ea;\" tabindex=\"-1\" >\n\t\t\tZur Referenz &gt;&gt;\t\t<\/a>\n\n\t\t\t\t<\/div>\n\t\t\t\t<div class=\"elementor-post__meta-data\">\n\t\t\t\t\t<span class=\"elementor-post-date\">\n\t\t\tmars 24, 2026\t\t<\/span>\n\t\t\t\t<\/div>\n\t\t\t\t\t<\/div>\n\t\t<\/article>\n\t\t\t\t<article class=\"elementor-post elementor-grid-item post-4916 post type-post status-publish format-standard has-post-thumbnail hentry category-deutschland category-referenz\" role=\"listitem\">\n\t\t\t<div class=\"elementor-post__card\">\n\t\t\t\t<a class=\"elementor-post__thumbnail__link\" href=\"https:\/\/pulsair.net\/fr\/referenz\/auto-wohlschlager-rohrdorf-achenmuehle\/\" tabindex=\"-1\" ><div class=\"elementor-post__thumbnail\"><img loading=\"lazy\" decoding=\"async\" width=\"1512\" height=\"2016\" src=\"https:\/\/pulsair.net\/wp-content\/uploads\/2026\/03\/bce832fd-18b0-42b4-a534-a2bbd5d6eb6b.jpg\" class=\"attachment-full size-full wp-image-4918\" alt=\"\" srcset=\"https:\/\/pulsair.net\/wp-content\/uploads\/2026\/03\/bce832fd-18b0-42b4-a534-a2bbd5d6eb6b.jpg 1512w, https:\/\/pulsair.net\/wp-content\/uploads\/2026\/03\/bce832fd-18b0-42b4-a534-a2bbd5d6eb6b-225x300.jpg 225w, https:\/\/pulsair.net\/wp-content\/uploads\/2026\/03\/bce832fd-18b0-42b4-a534-a2bbd5d6eb6b-768x1024.jpg 768w, https:\/\/pulsair.net\/wp-content\/uploads\/2026\/03\/bce832fd-18b0-42b4-a534-a2bbd5d6eb6b-1152x1536.jpg 1152w, https:\/\/pulsair.net\/wp-content\/uploads\/2026\/03\/bce832fd-18b0-42b4-a534-a2bbd5d6eb6b-9x12.jpg 9w, https:\/\/pulsair.net\/wp-content\/uploads\/2026\/03\/bce832fd-18b0-42b4-a534-a2bbd5d6eb6b-600x800.jpg 600w\" sizes=\"(max-width: 1512px) 100vw, 1512px\" \/><\/div><\/a>\n\t\t\t\t<div class=\"elementor-post__text\">\n\t\t\t\t<h3 class=\"elementor-post__title\">\n\t\t\t<a href=\"https:\/\/pulsair.net\/fr\/referenz\/auto-wohlschlager-rohrdorf-achenmuehle\/\" >\n\t\t\t\tAuto Wohlschlager Rohrdorf-Achenm\u00fchle Allemagne \ud83c\udde9\ud83c\uddea\t\t\t<\/a>\n\t\t<\/h3>\n\t\t\n\t\t<a class=\"elementor-post__read-more\" href=\"https:\/\/pulsair.net\/fr\/referenz\/auto-wohlschlager-rohrdorf-achenmuehle\/\" aria-label=\"Read more about Auto Wohlschlager Rohrdorf-Achenm\u00fchle Deutschland &#x1f1e9;&#x1f1ea;\" tabindex=\"-1\" >\n\t\t\tZur Referenz &gt;&gt;\t\t<\/a>\n\n\t\t\t\t<\/div>\n\t\t\t\t<div class=\"elementor-post__meta-data\">\n\t\t\t\t\t<span class=\"elementor-post-date\">\n\t\t\tmars 24, 2026\t\t<\/span>\n\t\t\t\t<\/div>\n\t\t\t\t\t<\/div>\n\t\t<\/article>\n\t\t\t\t<article class=\"elementor-post elementor-grid-item post-4912 post type-post status-publish format-standard has-post-thumbnail hentry category-deutschland category-referenz\" role=\"listitem\">\n\t\t\t<div class=\"elementor-post__card\">\n\t\t\t\t<a class=\"elementor-post__thumbnail__link\" href=\"https:\/\/pulsair.net\/fr\/referenz\/auto-reifenservice-wissemborski-ochtrup\/\" tabindex=\"-1\" ><div class=\"elementor-post__thumbnail\"><img loading=\"lazy\" decoding=\"async\" width=\"2560\" height=\"1920\" src=\"https:\/\/pulsair.net\/wp-content\/uploads\/2026\/03\/4096-3072-max-1-scaled.jpg\" class=\"attachment-full size-full wp-image-4914\" alt=\"\" srcset=\"https:\/\/pulsair.net\/wp-content\/uploads\/2026\/03\/4096-3072-max-1-scaled.jpg 2560w, https:\/\/pulsair.net\/wp-content\/uploads\/2026\/03\/4096-3072-max-1-300x225.jpg 300w, https:\/\/pulsair.net\/wp-content\/uploads\/2026\/03\/4096-3072-max-1-1024x768.jpg 1024w, https:\/\/pulsair.net\/wp-content\/uploads\/2026\/03\/4096-3072-max-1-768x576.jpg 768w, https:\/\/pulsair.net\/wp-content\/uploads\/2026\/03\/4096-3072-max-1-1536x1152.jpg 1536w, https:\/\/pulsair.net\/wp-content\/uploads\/2026\/03\/4096-3072-max-1-2048x1536.jpg 2048w, https:\/\/pulsair.net\/wp-content\/uploads\/2026\/03\/4096-3072-max-1-16x12.jpg 16w, https:\/\/pulsair.net\/wp-content\/uploads\/2026\/03\/4096-3072-max-1-600x450.jpg 600w\" sizes=\"(max-width: 2560px) 100vw, 2560px\" \/><\/div><\/a>\n\t\t\t\t<div class=\"elementor-post__text\">\n\t\t\t\t<h3 class=\"elementor-post__title\">\n\t\t\t<a href=\"https:\/\/pulsair.net\/fr\/referenz\/auto-reifenservice-wissemborski-ochtrup\/\" >\n\t\t\t\tAuto- u. Reifenservice Wissemborski Ochtrup Allemagne \ud83c\udde9\ud83c\uddea\t\t\t<\/a>\n\t\t<\/h3>\n\t\t\n\t\t<a class=\"elementor-post__read-more\" href=\"https:\/\/pulsair.net\/fr\/referenz\/auto-reifenservice-wissemborski-ochtrup\/\" aria-label=\"Read more about Auto- u. Reifenservice Wissemborski Ochtrup Deutschland &#x1f1e9;&#x1f1ea;\" tabindex=\"-1\" >\n\t\t\tZur Referenz &gt;&gt;\t\t<\/a>\n\n\t\t\t\t<\/div>\n\t\t\t\t<div class=\"elementor-post__meta-data\">\n\t\t\t\t\t<span class=\"elementor-post-date\">\n\t\t\tmars 24, 2026\t\t<\/span>\n\t\t\t\t<\/div>\n\t\t\t\t\t<\/div>\n\t\t<\/article>\n\t\t\t\t<article class=\"elementor-post elementor-grid-item post-4909 post type-post status-publish format-standard has-post-thumbnail hentry category-deutschland category-referenz\" role=\"listitem\">\n\t\t\t<div class=\"elementor-post__card\">\n\t\t\t\t<a class=\"elementor-post__thumbnail__link\" href=\"https:\/\/pulsair.net\/fr\/referenz\/wilhelm-rosenberg-ohg-bad-wildungen\/\" tabindex=\"-1\" ><div class=\"elementor-post__thumbnail\"><img loading=\"lazy\" decoding=\"async\" width=\"794\" height=\"794\" src=\"https:\/\/pulsair.net\/wp-content\/uploads\/2026\/03\/Puls-air-Heizgeraet-vorne-rechtscut.png\" class=\"attachment-full size-full wp-image-4819\" alt=\"\" srcset=\"https:\/\/pulsair.net\/wp-content\/uploads\/2026\/03\/Puls-air-Heizgeraet-vorne-rechtscut.png 794w, https:\/\/pulsair.net\/wp-content\/uploads\/2026\/03\/Puls-air-Heizgeraet-vorne-rechtscut-300x300.png 300w, https:\/\/pulsair.net\/wp-content\/uploads\/2026\/03\/Puls-air-Heizgeraet-vorne-rechtscut-150x150.png 150w, https:\/\/pulsair.net\/wp-content\/uploads\/2026\/03\/Puls-air-Heizgeraet-vorne-rechtscut-768x768.png 768w, https:\/\/pulsair.net\/wp-content\/uploads\/2026\/03\/Puls-air-Heizgeraet-vorne-rechtscut-12x12.png 12w, https:\/\/pulsair.net\/wp-content\/uploads\/2026\/03\/Puls-air-Heizgeraet-vorne-rechtscut-600x600.png 600w, https:\/\/pulsair.net\/wp-content\/uploads\/2026\/03\/Puls-air-Heizgeraet-vorne-rechtscut-100x100.png 100w\" sizes=\"(max-width: 794px) 100vw, 794px\" \/><\/div><\/a>\n\t\t\t\t<div class=\"elementor-post__text\">\n\t\t\t\t<h3 class=\"elementor-post__title\">\n\t\t\t<a href=\"https:\/\/pulsair.net\/fr\/referenz\/wilhelm-rosenberg-ohg-bad-wildungen\/\" >\n\t\t\t\tWilhelm Rosenberg KG Bad Wildungen, Allemagne \ud83c\udde9\ud83c\uddea\t\t\t<\/a>\n\t\t<\/h3>\n\t\t\n\t\t<a class=\"elementor-post__read-more\" href=\"https:\/\/pulsair.net\/fr\/referenz\/wilhelm-rosenberg-ohg-bad-wildungen\/\" aria-label=\"Read more about Wilhelm Rosenberg OHG Bad Wildungen, Deutschland &#x1f1e9;&#x1f1ea;\" tabindex=\"-1\" >\n\t\t\tZur Referenz &gt;&gt;\t\t<\/a>\n\n\t\t\t\t<\/div>\n\t\t\t\t<div class=\"elementor-post__meta-data\">\n\t\t\t\t\t<span class=\"elementor-post-date\">\n\t\t\tmars 24, 2026\t\t<\/span>\n\t\t\t\t<\/div>\n\t\t\t\t\t<\/div>\n\t\t<\/article>\n\t\t\t\t<article class=\"elementor-post elementor-grid-item post-4906 post type-post status-publish format-standard has-post-thumbnail hentry category-deutschland category-referenz\" role=\"listitem\">\n\t\t\t<div class=\"elementor-post__card\">\n\t\t\t\t<a class=\"elementor-post__thumbnail__link\" href=\"https:\/\/pulsair.net\/fr\/referenz\/fahrzeugtechnik-raab-langenleiten\/\" tabindex=\"-1\" ><div class=\"elementor-post__thumbnail\"><img loading=\"lazy\" decoding=\"async\" width=\"794\" height=\"794\" src=\"https:\/\/pulsair.net\/wp-content\/uploads\/2026\/03\/Puls-air-Heizgeraet-vorne-rechtscut.png\" class=\"attachment-full size-full wp-image-4819\" alt=\"\" srcset=\"https:\/\/pulsair.net\/wp-content\/uploads\/2026\/03\/Puls-air-Heizgeraet-vorne-rechtscut.png 794w, https:\/\/pulsair.net\/wp-content\/uploads\/2026\/03\/Puls-air-Heizgeraet-vorne-rechtscut-300x300.png 300w, https:\/\/pulsair.net\/wp-content\/uploads\/2026\/03\/Puls-air-Heizgeraet-vorne-rechtscut-150x150.png 150w, https:\/\/pulsair.net\/wp-content\/uploads\/2026\/03\/Puls-air-Heizgeraet-vorne-rechtscut-768x768.png 768w, https:\/\/pulsair.net\/wp-content\/uploads\/2026\/03\/Puls-air-Heizgeraet-vorne-rechtscut-12x12.png 12w, https:\/\/pulsair.net\/wp-content\/uploads\/2026\/03\/Puls-air-Heizgeraet-vorne-rechtscut-600x600.png 600w, https:\/\/pulsair.net\/wp-content\/uploads\/2026\/03\/Puls-air-Heizgeraet-vorne-rechtscut-100x100.png 100w\" sizes=\"(max-width: 794px) 100vw, 794px\" \/><\/div><\/a>\n\t\t\t\t<div class=\"elementor-post__text\">\n\t\t\t\t<h3 class=\"elementor-post__title\">\n\t\t\t<a href=\"https:\/\/pulsair.net\/fr\/referenz\/fahrzeugtechnik-raab-langenleiten\/\" >\n\t\t\t\tTechnologie automobile Raab Langenleiten Allemagne \ud83c\udde9\ud83c\uddea\t\t\t<\/a>\n\t\t<\/h3>\n\t\t\n\t\t<a class=\"elementor-post__read-more\" href=\"https:\/\/pulsair.net\/fr\/referenz\/fahrzeugtechnik-raab-langenleiten\/\" aria-label=\"Read more about Fahrzeugtechnik Raab Langenleiten Deutschland &#x1f1e9;&#x1f1ea;\" tabindex=\"-1\" >\n\t\t\tZur Referenz &gt;&gt;\t\t<\/a>\n\n\t\t\t\t<\/div>\n\t\t\t\t<div class=\"elementor-post__meta-data\">\n\t\t\t\t\t<span class=\"elementor-post-date\">\n\t\t\tmars 24, 2026\t\t<\/span>\n\t\t\t\t<\/div>\n\t\t\t\t\t<\/div>\n\t\t<\/article>\n\t\t\t\t<article class=\"elementor-post elementor-grid-item post-4902 post type-post status-publish format-standard has-post-thumbnail hentry category-deutschland category-referenz\" role=\"listitem\">\n\t\t\t<div class=\"elementor-post__card\">\n\t\t\t\t<a class=\"elementor-post__thumbnail__link\" href=\"https:\/\/pulsair.net\/fr\/referenz\/michael-schuster-ramstein-miesenbach\/\" tabindex=\"-1\" ><div class=\"elementor-post__thumbnail\"><img loading=\"lazy\" decoding=\"async\" width=\"794\" height=\"794\" src=\"https:\/\/pulsair.net\/wp-content\/uploads\/2026\/03\/Puls-air-Heizgeraet-vorne-rechtscut.png\" class=\"attachment-full size-full wp-image-4819\" alt=\"\" srcset=\"https:\/\/pulsair.net\/wp-content\/uploads\/2026\/03\/Puls-air-Heizgeraet-vorne-rechtscut.png 794w, https:\/\/pulsair.net\/wp-content\/uploads\/2026\/03\/Puls-air-Heizgeraet-vorne-rechtscut-300x300.png 300w, https:\/\/pulsair.net\/wp-content\/uploads\/2026\/03\/Puls-air-Heizgeraet-vorne-rechtscut-150x150.png 150w, https:\/\/pulsair.net\/wp-content\/uploads\/2026\/03\/Puls-air-Heizgeraet-vorne-rechtscut-768x768.png 768w, https:\/\/pulsair.net\/wp-content\/uploads\/2026\/03\/Puls-air-Heizgeraet-vorne-rechtscut-12x12.png 12w, https:\/\/pulsair.net\/wp-content\/uploads\/2026\/03\/Puls-air-Heizgeraet-vorne-rechtscut-600x600.png 600w, https:\/\/pulsair.net\/wp-content\/uploads\/2026\/03\/Puls-air-Heizgeraet-vorne-rechtscut-100x100.png 100w\" sizes=\"(max-width: 794px) 100vw, 794px\" \/><\/div><\/a>\n\t\t\t\t<div class=\"elementor-post__text\">\n\t\t\t\t<h3 class=\"elementor-post__title\">\n\t\t\t<a href=\"https:\/\/pulsair.net\/fr\/referenz\/michael-schuster-ramstein-miesenbach\/\" >\n\t\t\t\tMichael Schuster Ramstein-Miesenbach Allemagne \ud83c\udde9\ud83c\uddea\t\t\t<\/a>\n\t\t<\/h3>\n\t\t\n\t\t<a class=\"elementor-post__read-more\" href=\"https:\/\/pulsair.net\/fr\/referenz\/michael-schuster-ramstein-miesenbach\/\" aria-label=\"Read more about Michael Schuster Ramstein-Miesenbach Deutschland &#x1f1e9;&#x1f1ea;\" tabindex=\"-1\" >\n\t\t\tZur Referenz &gt;&gt;\t\t<\/a>\n\n\t\t\t\t<\/div>\n\t\t\t\t<div class=\"elementor-post__meta-data\">\n\t\t\t\t\t<span class=\"elementor-post-date\">\n\t\t\tmars 24, 2026\t\t<\/span>\n\t\t\t\t<\/div>\n\t\t\t\t\t<\/div>\n\t\t<\/article>\n\t\t\t\t<article class=\"elementor-post elementor-grid-item post-4899 post type-post status-publish format-standard has-post-thumbnail hentry category-deutschland category-referenz\" role=\"listitem\">\n\t\t\t<div class=\"elementor-post__card\">\n\t\t\t\t<a class=\"elementor-post__thumbnail__link\" href=\"https:\/\/pulsair.net\/fr\/referenz\/auto-matzinger-gmbh-niederneuching\/\" tabindex=\"-1\" ><div class=\"elementor-post__thumbnail\"><img loading=\"lazy\" decoding=\"async\" width=\"794\" height=\"794\" src=\"https:\/\/pulsair.net\/wp-content\/uploads\/2026\/03\/Puls-air-Heizgeraet-vorne-rechtscut.png\" class=\"attachment-full size-full wp-image-4819\" alt=\"\" srcset=\"https:\/\/pulsair.net\/wp-content\/uploads\/2026\/03\/Puls-air-Heizgeraet-vorne-rechtscut.png 794w, https:\/\/pulsair.net\/wp-content\/uploads\/2026\/03\/Puls-air-Heizgeraet-vorne-rechtscut-300x300.png 300w, https:\/\/pulsair.net\/wp-content\/uploads\/2026\/03\/Puls-air-Heizgeraet-vorne-rechtscut-150x150.png 150w, https:\/\/pulsair.net\/wp-content\/uploads\/2026\/03\/Puls-air-Heizgeraet-vorne-rechtscut-768x768.png 768w, https:\/\/pulsair.net\/wp-content\/uploads\/2026\/03\/Puls-air-Heizgeraet-vorne-rechtscut-12x12.png 12w, https:\/\/pulsair.net\/wp-content\/uploads\/2026\/03\/Puls-air-Heizgeraet-vorne-rechtscut-600x600.png 600w, https:\/\/pulsair.net\/wp-content\/uploads\/2026\/03\/Puls-air-Heizgeraet-vorne-rechtscut-100x100.png 100w\" sizes=\"(max-width: 794px) 100vw, 794px\" \/><\/div><\/a>\n\t\t\t\t<div class=\"elementor-post__text\">\n\t\t\t\t<h3 class=\"elementor-post__title\">\n\t\t\t<a href=\"https:\/\/pulsair.net\/fr\/referenz\/auto-matzinger-gmbh-niederneuching\/\" >\n\t\t\t\tAuto Matzinger GmbH&amp;Co.KG Niederneuching Allemagne \ud83c\udde9\ud83c\uddea\t\t\t<\/a>\n\t\t<\/h3>\n\t\t\n\t\t<a class=\"elementor-post__read-more\" href=\"https:\/\/pulsair.net\/fr\/referenz\/auto-matzinger-gmbh-niederneuching\/\" aria-label=\"Read more about Auto Matzinger GmbH&#038;Co.KG Niederneuching Deutschland &#x1f1e9;&#x1f1ea;\" tabindex=\"-1\" >\n\t\t\tZur Referenz &gt;&gt;\t\t<\/a>\n\n\t\t\t\t<\/div>\n\t\t\t\t<div class=\"elementor-post__meta-data\">\n\t\t\t\t\t<span class=\"elementor-post-date\">\n\t\t\tmars 24, 2026\t\t<\/span>\n\t\t\t\t<\/div>\n\t\t\t\t\t<\/div>\n\t\t<\/article>\n\t\t\t\t<article class=\"elementor-post elementor-grid-item post-4896 post type-post status-publish format-standard has-post-thumbnail hentry category-deutschland category-referenz\" role=\"listitem\">\n\t\t\t<div class=\"elementor-post__card\">\n\t\t\t\t<a class=\"elementor-post__thumbnail__link\" href=\"https:\/\/pulsair.net\/fr\/referenz\/georg-mais-reil\/\" tabindex=\"-1\" ><div class=\"elementor-post__thumbnail\"><img loading=\"lazy\" decoding=\"async\" width=\"794\" height=\"794\" src=\"https:\/\/pulsair.net\/wp-content\/uploads\/2026\/03\/Puls-air-Heizgeraet-vorne-rechtscut.png\" class=\"attachment-full size-full wp-image-4819\" alt=\"\" srcset=\"https:\/\/pulsair.net\/wp-content\/uploads\/2026\/03\/Puls-air-Heizgeraet-vorne-rechtscut.png 794w, https:\/\/pulsair.net\/wp-content\/uploads\/2026\/03\/Puls-air-Heizgeraet-vorne-rechtscut-300x300.png 300w, https:\/\/pulsair.net\/wp-content\/uploads\/2026\/03\/Puls-air-Heizgeraet-vorne-rechtscut-150x150.png 150w, https:\/\/pulsair.net\/wp-content\/uploads\/2026\/03\/Puls-air-Heizgeraet-vorne-rechtscut-768x768.png 768w, https:\/\/pulsair.net\/wp-content\/uploads\/2026\/03\/Puls-air-Heizgeraet-vorne-rechtscut-12x12.png 12w, https:\/\/pulsair.net\/wp-content\/uploads\/2026\/03\/Puls-air-Heizgeraet-vorne-rechtscut-600x600.png 600w, https:\/\/pulsair.net\/wp-content\/uploads\/2026\/03\/Puls-air-Heizgeraet-vorne-rechtscut-100x100.png 100w\" sizes=\"(max-width: 794px) 100vw, 794px\" \/><\/div><\/a>\n\t\t\t\t<div class=\"elementor-post__text\">\n\t\t\t\t<h3 class=\"elementor-post__title\">\n\t\t\t<a href=\"https:\/\/pulsair.net\/fr\/referenz\/georg-mais-reil\/\" >\n\t\t\t\tGeorg Mais Reil Allemagne \ud83c\udde9\ud83c\uddea\t\t\t<\/a>\n\t\t<\/h3>\n\t\t\n\t\t<a class=\"elementor-post__read-more\" href=\"https:\/\/pulsair.net\/fr\/referenz\/georg-mais-reil\/\" aria-label=\"Read more about Georg Mais Reil Deutschland &#x1f1e9;&#x1f1ea;\" tabindex=\"-1\" >\n\t\t\tZur Referenz &gt;&gt;\t\t<\/a>\n\n\t\t\t\t<\/div>\n\t\t\t\t<div class=\"elementor-post__meta-data\">\n\t\t\t\t\t<span class=\"elementor-post-date\">\n\t\t\tmars 24, 2026\t\t<\/span>\n\t\t\t\t<\/div>\n\t\t\t\t\t<\/div>\n\t\t<\/article>\n\t\t\t\t<article class=\"elementor-post elementor-grid-item post-4893 post type-post status-publish format-standard has-post-thumbnail hentry category-deutschland category-referenz\" role=\"listitem\">\n\t\t\t<div class=\"elementor-post__card\">\n\t\t\t\t<a class=\"elementor-post__thumbnail__link\" href=\"https:\/\/pulsair.net\/fr\/referenz\/auto-leuner-dresden\/\" tabindex=\"-1\" ><div class=\"elementor-post__thumbnail\"><img loading=\"lazy\" decoding=\"async\" width=\"794\" height=\"794\" src=\"https:\/\/pulsair.net\/wp-content\/uploads\/2026\/03\/Puls-air-Heizgeraet-vorne-rechtscut.png\" class=\"attachment-full size-full wp-image-4819\" alt=\"\" srcset=\"https:\/\/pulsair.net\/wp-content\/uploads\/2026\/03\/Puls-air-Heizgeraet-vorne-rechtscut.png 794w, https:\/\/pulsair.net\/wp-content\/uploads\/2026\/03\/Puls-air-Heizgeraet-vorne-rechtscut-300x300.png 300w, https:\/\/pulsair.net\/wp-content\/uploads\/2026\/03\/Puls-air-Heizgeraet-vorne-rechtscut-150x150.png 150w, https:\/\/pulsair.net\/wp-content\/uploads\/2026\/03\/Puls-air-Heizgeraet-vorne-rechtscut-768x768.png 768w, https:\/\/pulsair.net\/wp-content\/uploads\/2026\/03\/Puls-air-Heizgeraet-vorne-rechtscut-12x12.png 12w, https:\/\/pulsair.net\/wp-content\/uploads\/2026\/03\/Puls-air-Heizgeraet-vorne-rechtscut-600x600.png 600w, https:\/\/pulsair.net\/wp-content\/uploads\/2026\/03\/Puls-air-Heizgeraet-vorne-rechtscut-100x100.png 100w\" sizes=\"(max-width: 794px) 100vw, 794px\" \/><\/div><\/a>\n\t\t\t\t<div class=\"elementor-post__text\">\n\t\t\t\t<h3 class=\"elementor-post__title\">\n\t\t\t<a href=\"https:\/\/pulsair.net\/fr\/referenz\/auto-leuner-dresden\/\" >\n\t\t\t\tAuto Leuner Dresde Allemagne \ud83c\udde9\ud83c\uddea\t\t\t<\/a>\n\t\t<\/h3>\n\t\t\n\t\t<a class=\"elementor-post__read-more\" href=\"https:\/\/pulsair.net\/fr\/referenz\/auto-leuner-dresden\/\" aria-label=\"Read more about Auto Leuner Dresden Deutschland &#x1f1e9;&#x1f1ea;\" tabindex=\"-1\" >\n\t\t\tZur Referenz &gt;&gt;\t\t<\/a>\n\n\t\t\t\t<\/div>\n\t\t\t\t<div class=\"elementor-post__meta-data\">\n\t\t\t\t\t<span class=\"elementor-post-date\">\n\t\t\tmars 24, 2026\t\t<\/span>\n\t\t\t\t<\/div>\n\t\t\t\t\t<\/div>\n\t\t<\/article>\n\t\t\t\t<article class=\"elementor-post elementor-grid-item post-4890 post type-post status-publish format-standard has-post-thumbnail hentry category-deutschland category-referenz\" role=\"listitem\">\n\t\t\t<div class=\"elementor-post__card\">\n\t\t\t\t<a class=\"elementor-post__thumbnail__link\" href=\"https:\/\/pulsair.net\/fr\/referenz\/holzdesign-michael-foehr-bruggen\/\" tabindex=\"-1\" ><div class=\"elementor-post__thumbnail\"><img loading=\"lazy\" decoding=\"async\" width=\"794\" height=\"794\" src=\"https:\/\/pulsair.net\/wp-content\/uploads\/2026\/03\/Puls-air-Heizgeraet-vorne-rechtscut.png\" class=\"attachment-full size-full wp-image-4819\" alt=\"\" srcset=\"https:\/\/pulsair.net\/wp-content\/uploads\/2026\/03\/Puls-air-Heizgeraet-vorne-rechtscut.png 794w, https:\/\/pulsair.net\/wp-content\/uploads\/2026\/03\/Puls-air-Heizgeraet-vorne-rechtscut-300x300.png 300w, https:\/\/pulsair.net\/wp-content\/uploads\/2026\/03\/Puls-air-Heizgeraet-vorne-rechtscut-150x150.png 150w, https:\/\/pulsair.net\/wp-content\/uploads\/2026\/03\/Puls-air-Heizgeraet-vorne-rechtscut-768x768.png 768w, https:\/\/pulsair.net\/wp-content\/uploads\/2026\/03\/Puls-air-Heizgeraet-vorne-rechtscut-12x12.png 12w, https:\/\/pulsair.net\/wp-content\/uploads\/2026\/03\/Puls-air-Heizgeraet-vorne-rechtscut-600x600.png 600w, https:\/\/pulsair.net\/wp-content\/uploads\/2026\/03\/Puls-air-Heizgeraet-vorne-rechtscut-100x100.png 100w\" sizes=\"(max-width: 794px) 100vw, 794px\" \/><\/div><\/a>\n\t\t\t\t<div class=\"elementor-post__text\">\n\t\t\t\t<h3 class=\"elementor-post__title\">\n\t\t\t<a href=\"https:\/\/pulsair.net\/fr\/referenz\/holzdesign-michael-foehr-bruggen\/\" >\n\t\t\t\tHolzdesign Michael F\u00f6hr Burggen Allemagne \ud83c\udde9\ud83c\uddea\t\t\t<\/a>\n\t\t<\/h3>\n\t\t\n\t\t<a class=\"elementor-post__read-more\" href=\"https:\/\/pulsair.net\/fr\/referenz\/holzdesign-michael-foehr-bruggen\/\" aria-label=\"Read more about Holzdesign Michael F\u00f6hr Burggen Deutschland &#x1f1e9;&#x1f1ea;\" tabindex=\"-1\" >\n\t\t\tZur Referenz &gt;&gt;\t\t<\/a>\n\n\t\t\t\t<\/div>\n\t\t\t\t<div class=\"elementor-post__meta-data\">\n\t\t\t\t\t<span class=\"elementor-post-date\">\n\t\t\tmars 24, 2026\t\t<\/span>\n\t\t\t\t<\/div>\n\t\t\t\t\t<\/div>\n\t\t<\/article>\n\t\t\t\t<article class=\"elementor-post elementor-grid-item post-4885 post type-post status-publish format-standard has-post-thumbnail hentry category-deutschland category-referenz\" role=\"listitem\">\n\t\t\t<div class=\"elementor-post__card\">\n\t\t\t\t<a class=\"elementor-post__thumbnail__link\" href=\"https:\/\/pulsair.net\/fr\/referenz\/stefan-held-gmbh-loerrach\/\" tabindex=\"-1\" ><div class=\"elementor-post__thumbnail\"><img loading=\"lazy\" decoding=\"async\" width=\"794\" height=\"794\" src=\"https:\/\/pulsair.net\/wp-content\/uploads\/2026\/03\/Puls-air-Heizgeraet-vorne-rechtscut.png\" class=\"attachment-full size-full wp-image-4819\" alt=\"\" srcset=\"https:\/\/pulsair.net\/wp-content\/uploads\/2026\/03\/Puls-air-Heizgeraet-vorne-rechtscut.png 794w, https:\/\/pulsair.net\/wp-content\/uploads\/2026\/03\/Puls-air-Heizgeraet-vorne-rechtscut-300x300.png 300w, https:\/\/pulsair.net\/wp-content\/uploads\/2026\/03\/Puls-air-Heizgeraet-vorne-rechtscut-150x150.png 150w, https:\/\/pulsair.net\/wp-content\/uploads\/2026\/03\/Puls-air-Heizgeraet-vorne-rechtscut-768x768.png 768w, https:\/\/pulsair.net\/wp-content\/uploads\/2026\/03\/Puls-air-Heizgeraet-vorne-rechtscut-12x12.png 12w, https:\/\/pulsair.net\/wp-content\/uploads\/2026\/03\/Puls-air-Heizgeraet-vorne-rechtscut-600x600.png 600w, https:\/\/pulsair.net\/wp-content\/uploads\/2026\/03\/Puls-air-Heizgeraet-vorne-rechtscut-100x100.png 100w\" sizes=\"(max-width: 794px) 100vw, 794px\" \/><\/div><\/a>\n\t\t\t\t<div class=\"elementor-post__text\">\n\t\t\t\t<h3 class=\"elementor-post__title\">\n\t\t\t<a href=\"https:\/\/pulsair.net\/fr\/referenz\/stefan-held-gmbh-loerrach\/\" >\n\t\t\t\tPremio Reifen + Autoservice Stefan Held GmbH L\u00f6rrach Allemagne \ud83c\udde9\ud83c\uddea\t\t\t<\/a>\n\t\t<\/h3>\n\t\t\n\t\t<a class=\"elementor-post__read-more\" href=\"https:\/\/pulsair.net\/fr\/referenz\/stefan-held-gmbh-loerrach\/\" aria-label=\"Read more about Premio Reifen + Autoservice Stefan Held GmbH L\u00f6rrach Deutschland &#x1f1e9;&#x1f1ea;\" tabindex=\"-1\" >\n\t\t\tZur Referenz &gt;&gt;\t\t<\/a>\n\n\t\t\t\t<\/div>\n\t\t\t\t<div class=\"elementor-post__meta-data\">\n\t\t\t\t\t<span class=\"elementor-post-date\">\n\t\t\tmars 24, 2026\t\t<\/span>\n\t\t\t\t<\/div>\n\t\t\t\t\t<\/div>\n\t\t<\/article>\n\t\t\t\t<article class=\"elementor-post elementor-grid-item post-4872 post type-post status-publish format-standard has-post-thumbnail hentry category-deutschland category-referenz\" role=\"listitem\">\n\t\t\t<div class=\"elementor-post__card\">\n\t\t\t\t<a class=\"elementor-post__thumbnail__link\" href=\"https:\/\/pulsair.net\/fr\/referenz\/auto-ferres-gmbh-wittilich\/\" tabindex=\"-1\" ><div class=\"elementor-post__thumbnail\"><img loading=\"lazy\" decoding=\"async\" width=\"794\" height=\"794\" src=\"https:\/\/pulsair.net\/wp-content\/uploads\/2026\/03\/Puls-air-Heizgeraet-vorne-rechtscut.png\" class=\"attachment-full size-full wp-image-4819\" alt=\"\" srcset=\"https:\/\/pulsair.net\/wp-content\/uploads\/2026\/03\/Puls-air-Heizgeraet-vorne-rechtscut.png 794w, https:\/\/pulsair.net\/wp-content\/uploads\/2026\/03\/Puls-air-Heizgeraet-vorne-rechtscut-300x300.png 300w, https:\/\/pulsair.net\/wp-content\/uploads\/2026\/03\/Puls-air-Heizgeraet-vorne-rechtscut-150x150.png 150w, https:\/\/pulsair.net\/wp-content\/uploads\/2026\/03\/Puls-air-Heizgeraet-vorne-rechtscut-768x768.png 768w, https:\/\/pulsair.net\/wp-content\/uploads\/2026\/03\/Puls-air-Heizgeraet-vorne-rechtscut-12x12.png 12w, https:\/\/pulsair.net\/wp-content\/uploads\/2026\/03\/Puls-air-Heizgeraet-vorne-rechtscut-600x600.png 600w, https:\/\/pulsair.net\/wp-content\/uploads\/2026\/03\/Puls-air-Heizgeraet-vorne-rechtscut-100x100.png 100w\" sizes=\"(max-width: 794px) 100vw, 794px\" \/><\/div><\/a>\n\t\t\t\t<div class=\"elementor-post__text\">\n\t\t\t\t<h3 class=\"elementor-post__title\">\n\t\t\t<a href=\"https:\/\/pulsair.net\/fr\/referenz\/auto-ferres-gmbh-wittilich\/\" >\n\t\t\t\tAuto Ferres GmbH Wittlich Allemagne \ud83c\udde9\ud83c\uddea\t\t\t<\/a>\n\t\t<\/h3>\n\t\t\n\t\t<a class=\"elementor-post__read-more\" href=\"https:\/\/pulsair.net\/fr\/referenz\/auto-ferres-gmbh-wittilich\/\" aria-label=\"Read more about Auto Ferres GmbH Wittlich Deutschland &#x1f1e9;&#x1f1ea;\" tabindex=\"-1\" >\n\t\t\tZur Referenz &gt;&gt;\t\t<\/a>\n\n\t\t\t\t<\/div>\n\t\t\t\t<div class=\"elementor-post__meta-data\">\n\t\t\t\t\t<span class=\"elementor-post-date\">\n\t\t\tmars 24, 2026\t\t<\/span>\n\t\t\t\t<\/div>\n\t\t\t\t\t<\/div>\n\t\t<\/article>\n\t\t\t\t<\/div>\n\t\t\n\t\t\t\t\t\t<\/div>\n\t\t\t\t<\/div>\n\t\t\t\t\t<\/div>\n\t\t<\/div>\n\t\t\t\t\t<\/div>\n\t\t<\/section>\n\t\t\t\t<\/div>","protected":false},"excerpt":{"rendered":"<p>Kundenreferenz Gerald Holzmann, KFZ Holzmann GmbH\u00a0\u00fcber die sparsame Puls-air Werkstattheizung. Schnelle W\u00e4rme bei geringen Heizkosten<\/p>","protected":false},"author":2,"featured_media":3485,"comment_status":"closed","ping_status":"closed","sticky":false,"template":"","format":"standard","meta":{"_joinchat":[],"footnotes":""},"categories":[47,44],"tags":[],"class_list":["post-3483","post","type-post","status-publish","format-standard","has-post-thumbnail","hentry","category-oesterreich","category-referenz"],"yoast_head":"<!-- This site is optimized with the Yoast SEO plugin v27.4 - https:\/\/yoast.com\/product\/yoast-seo-wordpress\/ -->\n<title>KFZ Holzmann St. Veit an der Glan\/K\u00e4rnten\/\u00d6sterreich &#x1f1e6;&#x1f1f9; - Puls-air Hallen und Werkstattheizung<\/title>\n<meta name=\"robots\" content=\"index, follow, max-snippet:-1, max-image-preview:large, max-video-preview:-1\" \/>\n<link rel=\"canonical\" href=\"https:\/\/pulsair.net\/fr\/referenz\/kfz-holzmann-st-veit-an-der-glan-kaernten-oesterreich\/\" \/>\n<meta property=\"og:locale\" content=\"fr_FR\" \/>\n<meta property=\"og:type\" content=\"article\" \/>\n<meta property=\"og:title\" content=\"KFZ Holzmann St. Veit an der Glan\/K\u00e4rnten\/\u00d6sterreich &#x1f1e6;&#x1f1f9; - Puls-air Hallen und Werkstattheizung\" \/>\n<meta property=\"og:description\" content=\"Kundenreferenz Gerald Holzmann, KFZ Holzmann GmbH\u00a0\u00fcber die sparsame Puls-air Werkstattheizung. Schnelle W\u00e4rme bei geringen Heizkosten\" \/>\n<meta property=\"og:url\" content=\"https:\/\/pulsair.net\/fr\/referenz\/kfz-holzmann-st-veit-an-der-glan-kaernten-oesterreich\/\" \/>\n<meta property=\"og:site_name\" content=\"Puls-air Hallen und Werkstattheizung\" \/>\n<meta property=\"article:published_time\" content=\"2024-09-03T09:14:13+00:00\" \/>\n<meta property=\"article:modified_time\" content=\"2024-11-12T07:23:59+00:00\" \/>\n<meta property=\"og:image\" content=\"https:\/\/pulsair.net\/wp-content\/uploads\/2024\/09\/puls-air-1-scaled.jpg\" \/>\n\t<meta property=\"og:image:width\" content=\"1440\" \/>\n\t<meta property=\"og:image:height\" content=\"2560\" \/>\n\t<meta property=\"og:image:type\" content=\"image\/jpeg\" \/>\n<meta name=\"author\" content=\"Luca Pletzer\" \/>\n<meta name=\"twitter:card\" content=\"summary_large_image\" \/>\n<meta name=\"twitter:label1\" content=\"Written by\" \/>\n\t<meta name=\"twitter:data1\" content=\"Luca Pletzer\" \/>\n\t<meta name=\"twitter:label2\" content=\"Est. reading time\" \/>\n\t<meta name=\"twitter:data2\" content=\"3 minutes\" \/>\n<script type=\"application\/ld+json\" class=\"yoast-schema-graph\">{\"@context\":\"https:\\\/\\\/schema.org\",\"@graph\":[{\"@type\":\"Article\",\"@id\":\"https:\\\/\\\/pulsair.net\\\/referenz\\\/kfz-holzmann-st-veit-an-der-glan-kaernten-oesterreich\\\/#article\",\"isPartOf\":{\"@id\":\"https:\\\/\\\/pulsair.net\\\/referenz\\\/kfz-holzmann-st-veit-an-der-glan-kaernten-oesterreich\\\/\"},\"author\":{\"name\":\"Luca Pletzer\",\"@id\":\"https:\\\/\\\/pulsair.net\\\/#\\\/schema\\\/person\\\/8ce7e42b60cd860146fe9332b1599b80\"},\"headline\":\"KFZ Holzmann St. Veit an der Glan\\\/K\u00e4rnten\\\/\u00d6sterreich &#x1f1e6;&#x1f1f9;\",\"datePublished\":\"2024-09-03T09:14:13+00:00\",\"dateModified\":\"2024-11-12T07:23:59+00:00\",\"mainEntityOfPage\":{\"@id\":\"https:\\\/\\\/pulsair.net\\\/referenz\\\/kfz-holzmann-st-veit-an-der-glan-kaernten-oesterreich\\\/\"},\"wordCount\":555,\"publisher\":{\"@id\":\"https:\\\/\\\/pulsair.net\\\/#organization\"},\"image\":{\"@id\":\"https:\\\/\\\/pulsair.net\\\/referenz\\\/kfz-holzmann-st-veit-an-der-glan-kaernten-oesterreich\\\/#primaryimage\"},\"thumbnailUrl\":\"https:\\\/\\\/pulsair.net\\\/wp-content\\\/uploads\\\/2024\\\/09\\\/puls-air-1-scaled.jpg\",\"articleSection\":[\"\u00d6sterreich\",\"Referenz\"],\"inLanguage\":\"fr-FR\"},{\"@type\":\"WebPage\",\"@id\":\"https:\\\/\\\/pulsair.net\\\/referenz\\\/kfz-holzmann-st-veit-an-der-glan-kaernten-oesterreich\\\/\",\"url\":\"https:\\\/\\\/pulsair.net\\\/referenz\\\/kfz-holzmann-st-veit-an-der-glan-kaernten-oesterreich\\\/\",\"name\":\"KFZ Holzmann St. Veit an der Glan\\\/K\u00e4rnten\\\/\u00d6sterreich &#x1f1e6;&#x1f1f9; - Puls-air Hallen und Werkstattheizung\",\"isPartOf\":{\"@id\":\"https:\\\/\\\/pulsair.net\\\/#website\"},\"primaryImageOfPage\":{\"@id\":\"https:\\\/\\\/pulsair.net\\\/referenz\\\/kfz-holzmann-st-veit-an-der-glan-kaernten-oesterreich\\\/#primaryimage\"},\"image\":{\"@id\":\"https:\\\/\\\/pulsair.net\\\/referenz\\\/kfz-holzmann-st-veit-an-der-glan-kaernten-oesterreich\\\/#primaryimage\"},\"thumbnailUrl\":\"https:\\\/\\\/pulsair.net\\\/wp-content\\\/uploads\\\/2024\\\/09\\\/puls-air-1-scaled.jpg\",\"datePublished\":\"2024-09-03T09:14:13+00:00\",\"dateModified\":\"2024-11-12T07:23:59+00:00\",\"breadcrumb\":{\"@id\":\"https:\\\/\\\/pulsair.net\\\/referenz\\\/kfz-holzmann-st-veit-an-der-glan-kaernten-oesterreich\\\/#breadcrumb\"},\"inLanguage\":\"fr-FR\",\"potentialAction\":[{\"@type\":\"ReadAction\",\"target\":[\"https:\\\/\\\/pulsair.net\\\/referenz\\\/kfz-holzmann-st-veit-an-der-glan-kaernten-oesterreich\\\/\"]}]},{\"@type\":\"ImageObject\",\"inLanguage\":\"fr-FR\",\"@id\":\"https:\\\/\\\/pulsair.net\\\/referenz\\\/kfz-holzmann-st-veit-an-der-glan-kaernten-oesterreich\\\/#primaryimage\",\"url\":\"https:\\\/\\\/pulsair.net\\\/wp-content\\\/uploads\\\/2024\\\/09\\\/puls-air-1-scaled.jpg\",\"contentUrl\":\"https:\\\/\\\/pulsair.net\\\/wp-content\\\/uploads\\\/2024\\\/09\\\/puls-air-1-scaled.jpg\",\"width\":1440,\"height\":2560,\"caption\":\"Gerald Holzmann die KFZ Holzmann GmbH mit Puls-air Heizger\u00e4t\"},{\"@type\":\"BreadcrumbList\",\"@id\":\"https:\\\/\\\/pulsair.net\\\/referenz\\\/kfz-holzmann-st-veit-an-der-glan-kaernten-oesterreich\\\/#breadcrumb\",\"itemListElement\":[{\"@type\":\"ListItem\",\"position\":1,\"name\":\"Startseite\",\"item\":\"https:\\\/\\\/pulsair.net\\\/\"},{\"@type\":\"ListItem\",\"position\":2,\"name\":\"KFZ Holzmann St. Veit an der Glan\\\/K\u00e4rnten\\\/\u00d6sterreich &#x1f1e6;&#x1f1f9;\"}]},{\"@type\":\"WebSite\",\"@id\":\"https:\\\/\\\/pulsair.net\\\/#website\",\"url\":\"https:\\\/\\\/pulsair.net\\\/\",\"name\":\"Puls-air Hallen und Werkstattheizung\",\"description\":\"50 % Heizkosten sparen\",\"publisher\":{\"@id\":\"https:\\\/\\\/pulsair.net\\\/#organization\"},\"potentialAction\":[{\"@type\":\"SearchAction\",\"target\":{\"@type\":\"EntryPoint\",\"urlTemplate\":\"https:\\\/\\\/pulsair.net\\\/?s={search_term_string}\"},\"query-input\":{\"@type\":\"PropertyValueSpecification\",\"valueRequired\":true,\"valueName\":\"search_term_string\"}}],\"inLanguage\":\"fr-FR\"},{\"@type\":\"Organization\",\"@id\":\"https:\\\/\\\/pulsair.net\\\/#organization\",\"name\":\"Puls-air Hallen und Werkstattheizung\",\"url\":\"https:\\\/\\\/pulsair.net\\\/\",\"logo\":{\"@type\":\"ImageObject\",\"inLanguage\":\"fr-FR\",\"@id\":\"https:\\\/\\\/pulsair.net\\\/#\\\/schema\\\/logo\\\/image\\\/\",\"url\":\"https:\\\/\\\/pulsair.net\\\/wp-content\\\/uploads\\\/2020\\\/07\\\/cropped-cropped-Rotation-alleine-500x500-1.png\",\"contentUrl\":\"https:\\\/\\\/pulsair.net\\\/wp-content\\\/uploads\\\/2020\\\/07\\\/cropped-cropped-Rotation-alleine-500x500-1.png\",\"width\":512,\"height\":512,\"caption\":\"Puls-air Hallen und Werkstattheizung\"},\"image\":{\"@id\":\"https:\\\/\\\/pulsair.net\\\/#\\\/schema\\\/logo\\\/image\\\/\"}},{\"@type\":\"Person\",\"@id\":\"https:\\\/\\\/pulsair.net\\\/#\\\/schema\\\/person\\\/8ce7e42b60cd860146fe9332b1599b80\",\"name\":\"Luca Pletzer\",\"image\":{\"@type\":\"ImageObject\",\"inLanguage\":\"fr-FR\",\"@id\":\"https:\\\/\\\/secure.gravatar.com\\\/avatar\\\/b3b43e1d42dc536d7696b8f044b5439fd2b2b4ca770a94409f7058813516f41a?s=96&d=mm&r=g\",\"url\":\"https:\\\/\\\/secure.gravatar.com\\\/avatar\\\/b3b43e1d42dc536d7696b8f044b5439fd2b2b4ca770a94409f7058813516f41a?s=96&d=mm&r=g\",\"contentUrl\":\"https:\\\/\\\/secure.gravatar.com\\\/avatar\\\/b3b43e1d42dc536d7696b8f044b5439fd2b2b4ca770a94409f7058813516f41a?s=96&d=mm&r=g\",\"caption\":\"Luca Pletzer\"},\"url\":\"https:\\\/\\\/pulsair.net\\\/fr\\\/author\\\/onlinemarketingluca-pletzer-com\\\/\"}]}<\/script>\n<!-- \/ Yoast SEO plugin. -->","yoast_head_json":{"title":"KFZ Holzmann St. Veit an der Glan\/K\u00e4rnten\/\u00d6sterreich &#x1f1e6;&#x1f1f9; - Puls-air Hallen und Werkstattheizung","robots":{"index":"index","follow":"follow","max-snippet":"max-snippet:-1","max-image-preview":"max-image-preview:large","max-video-preview":"max-video-preview:-1"},"canonical":"https:\/\/pulsair.net\/fr\/referenz\/kfz-holzmann-st-veit-an-der-glan-kaernten-oesterreich\/","og_locale":"fr_FR","og_type":"article","og_title":"KFZ Holzmann St. Veit an der Glan\/K\u00e4rnten\/\u00d6sterreich &#x1f1e6;&#x1f1f9; - Puls-air Hallen und Werkstattheizung","og_description":"Kundenreferenz Gerald Holzmann, KFZ Holzmann GmbH\u00a0\u00fcber die sparsame Puls-air Werkstattheizung. Schnelle W\u00e4rme bei geringen Heizkosten","og_url":"https:\/\/pulsair.net\/fr\/referenz\/kfz-holzmann-st-veit-an-der-glan-kaernten-oesterreich\/","og_site_name":"Puls-air Hallen und Werkstattheizung","article_published_time":"2024-09-03T09:14:13+00:00","article_modified_time":"2024-11-12T07:23:59+00:00","og_image":[{"width":1440,"height":2560,"url":"https:\/\/pulsair.net\/wp-content\/uploads\/2024\/09\/puls-air-1-scaled.jpg","type":"image\/jpeg"}],"author":"Luca Pletzer","twitter_card":"summary_large_image","twitter_misc":{"Written by":"Luca Pletzer","Est. reading time":"3 minutes"},"schema":{"@context":"https:\/\/schema.org","@graph":[{"@type":"Article","@id":"https:\/\/pulsair.net\/referenz\/kfz-holzmann-st-veit-an-der-glan-kaernten-oesterreich\/#article","isPartOf":{"@id":"https:\/\/pulsair.net\/referenz\/kfz-holzmann-st-veit-an-der-glan-kaernten-oesterreich\/"},"author":{"name":"Luca Pletzer","@id":"https:\/\/pulsair.net\/#\/schema\/person\/8ce7e42b60cd860146fe9332b1599b80"},"headline":"KFZ Holzmann St. Veit an der Glan\/K\u00e4rnten\/\u00d6sterreich &#x1f1e6;&#x1f1f9;","datePublished":"2024-09-03T09:14:13+00:00","dateModified":"2024-11-12T07:23:59+00:00","mainEntityOfPage":{"@id":"https:\/\/pulsair.net\/referenz\/kfz-holzmann-st-veit-an-der-glan-kaernten-oesterreich\/"},"wordCount":555,"publisher":{"@id":"https:\/\/pulsair.net\/#organization"},"image":{"@id":"https:\/\/pulsair.net\/referenz\/kfz-holzmann-st-veit-an-der-glan-kaernten-oesterreich\/#primaryimage"},"thumbnailUrl":"https:\/\/pulsair.net\/wp-content\/uploads\/2024\/09\/puls-air-1-scaled.jpg","articleSection":["\u00d6sterreich","Referenz"],"inLanguage":"fr-FR"},{"@type":"WebPage","@id":"https:\/\/pulsair.net\/referenz\/kfz-holzmann-st-veit-an-der-glan-kaernten-oesterreich\/","url":"https:\/\/pulsair.net\/referenz\/kfz-holzmann-st-veit-an-der-glan-kaernten-oesterreich\/","name":"KFZ Holzmann St. Veit an der Glan\/K\u00e4rnten\/\u00d6sterreich &#x1f1e6;&#x1f1f9; - Puls-air Hallen und Werkstattheizung","isPartOf":{"@id":"https:\/\/pulsair.net\/#website"},"primaryImageOfPage":{"@id":"https:\/\/pulsair.net\/referenz\/kfz-holzmann-st-veit-an-der-glan-kaernten-oesterreich\/#primaryimage"},"image":{"@id":"https:\/\/pulsair.net\/referenz\/kfz-holzmann-st-veit-an-der-glan-kaernten-oesterreich\/#primaryimage"},"thumbnailUrl":"https:\/\/pulsair.net\/wp-content\/uploads\/2024\/09\/puls-air-1-scaled.jpg","datePublished":"2024-09-03T09:14:13+00:00","dateModified":"2024-11-12T07:23:59+00:00","breadcrumb":{"@id":"https:\/\/pulsair.net\/referenz\/kfz-holzmann-st-veit-an-der-glan-kaernten-oesterreich\/#breadcrumb"},"inLanguage":"fr-FR","potentialAction":[{"@type":"ReadAction","target":["https:\/\/pulsair.net\/referenz\/kfz-holzmann-st-veit-an-der-glan-kaernten-oesterreich\/"]}]},{"@type":"ImageObject","inLanguage":"fr-FR","@id":"https:\/\/pulsair.net\/referenz\/kfz-holzmann-st-veit-an-der-glan-kaernten-oesterreich\/#primaryimage","url":"https:\/\/pulsair.net\/wp-content\/uploads\/2024\/09\/puls-air-1-scaled.jpg","contentUrl":"https:\/\/pulsair.net\/wp-content\/uploads\/2024\/09\/puls-air-1-scaled.jpg","width":1440,"height":2560,"caption":"Gerald Holzmann die KFZ Holzmann GmbH mit Puls-air Heizger\u00e4t"},{"@type":"BreadcrumbList","@id":"https:\/\/pulsair.net\/referenz\/kfz-holzmann-st-veit-an-der-glan-kaernten-oesterreich\/#breadcrumb","itemListElement":[{"@type":"ListItem","position":1,"name":"Startseite","item":"https:\/\/pulsair.net\/"},{"@type":"ListItem","position":2,"name":"KFZ Holzmann St. Veit an der Glan\/K\u00e4rnten\/\u00d6sterreich &#x1f1e6;&#x1f1f9;"}]},{"@type":"WebSite","@id":"https:\/\/pulsair.net\/#website","url":"https:\/\/pulsair.net\/","name":"Puls-air Hallen und Werkstattheizung","description":"50 % Heizkosten sparen","publisher":{"@id":"https:\/\/pulsair.net\/#organization"},"potentialAction":[{"@type":"SearchAction","target":{"@type":"EntryPoint","urlTemplate":"https:\/\/pulsair.net\/?s={search_term_string}"},"query-input":{"@type":"PropertyValueSpecification","valueRequired":true,"valueName":"search_term_string"}}],"inLanguage":"fr-FR"},{"@type":"Organization","@id":"https:\/\/pulsair.net\/#organization","name":"Puls-air Hallen und Werkstattheizung","url":"https:\/\/pulsair.net\/","logo":{"@type":"ImageObject","inLanguage":"fr-FR","@id":"https:\/\/pulsair.net\/#\/schema\/logo\/image\/","url":"https:\/\/pulsair.net\/wp-content\/uploads\/2020\/07\/cropped-cropped-Rotation-alleine-500x500-1.png","contentUrl":"https:\/\/pulsair.net\/wp-content\/uploads\/2020\/07\/cropped-cropped-Rotation-alleine-500x500-1.png","width":512,"height":512,"caption":"Puls-air Hallen und Werkstattheizung"},"image":{"@id":"https:\/\/pulsair.net\/#\/schema\/logo\/image\/"}},{"@type":"Person","@id":"https:\/\/pulsair.net\/#\/schema\/person\/8ce7e42b60cd860146fe9332b1599b80","name":"Luca Pletzer","image":{"@type":"ImageObject","inLanguage":"fr-FR","@id":"https:\/\/secure.gravatar.com\/avatar\/b3b43e1d42dc536d7696b8f044b5439fd2b2b4ca770a94409f7058813516f41a?s=96&d=mm&r=g","url":"https:\/\/secure.gravatar.com\/avatar\/b3b43e1d42dc536d7696b8f044b5439fd2b2b4ca770a94409f7058813516f41a?s=96&d=mm&r=g","contentUrl":"https:\/\/secure.gravatar.com\/avatar\/b3b43e1d42dc536d7696b8f044b5439fd2b2b4ca770a94409f7058813516f41a?s=96&d=mm&r=g","caption":"Luca Pletzer"},"url":"https:\/\/pulsair.net\/fr\/author\/onlinemarketingluca-pletzer-com\/"}]}},"_links":{"self":[{"href":"https:\/\/pulsair.net\/fr\/wp-json\/wp\/v2\/posts\/3483","targetHints":{"allow":["GET"]}}],"collection":[{"href":"https:\/\/pulsair.net\/fr\/wp-json\/wp\/v2\/posts"}],"about":[{"href":"https:\/\/pulsair.net\/fr\/wp-json\/wp\/v2\/types\/post"}],"author":[{"embeddable":true,"href":"https:\/\/pulsair.net\/fr\/wp-json\/wp\/v2\/users\/2"}],"replies":[{"embeddable":true,"href":"https:\/\/pulsair.net\/fr\/wp-json\/wp\/v2\/comments?post=3483"}],"version-history":[{"count":6,"href":"https:\/\/pulsair.net\/fr\/wp-json\/wp\/v2\/posts\/3483\/revisions"}],"predecessor-version":[{"id":3855,"href":"https:\/\/pulsair.net\/fr\/wp-json\/wp\/v2\/posts\/3483\/revisions\/3855"}],"wp:featuredmedia":[{"embeddable":true,"href":"https:\/\/pulsair.net\/fr\/wp-json\/wp\/v2\/media\/3485"}],"wp:attachment":[{"href":"https:\/\/pulsair.net\/fr\/wp-json\/wp\/v2\/media?parent=3483"}],"wp:term":[{"taxonomy":"category","embeddable":true,"href":"https:\/\/pulsair.net\/fr\/wp-json\/wp\/v2\/categories?post=3483"},{"taxonomy":"post_tag","embeddable":true,"href":"https:\/\/pulsair.net\/fr\/wp-json\/wp\/v2\/tags?post=3483"}],"curies":[{"name":"wp","href":"https:\/\/api.w.org\/{rel}","templated":true}]}}