{"id":3786,"date":"2024-11-11T12:16:30","date_gmt":"2024-11-11T12:16:30","guid":{"rendered":"https:\/\/pulsair.net\/?p=3786"},"modified":"2026-03-26T07:26:25","modified_gmt":"2026-03-26T07:26:25","slug":"anton-hawle-wien-oesterreich","status":"publish","type":"post","link":"https:\/\/pulsair.net\/fr\/referenz\/anton-hawle-wien-oesterreich\/","title":{"rendered":"Anton Hawle Vienne\/Autriche \ud83c\udde6\ud83c\uddf9"},"content":{"rendered":"<div data-elementor-type=\"wp-post\" data-elementor-id=\"3786\" class=\"elementor elementor-3786\" data-elementor-post-type=\"post\">\n\t\t\t\t\t\t<section class=\"elementor-section elementor-top-section elementor-element elementor-element-b326046 elementor-reverse-tablet elementor-reverse-mobile elementor-section-boxed elementor-section-height-default elementor-section-height-default\" data-id=\"b326046\" data-element_type=\"section\" data-e-type=\"section\" data-settings=\"{&quot;background_background&quot;:&quot;classic&quot;}\">\n\t\t\t\t\t\t<div class=\"elementor-container elementor-column-gap-default\">\n\t\t\t\t\t<div class=\"elementor-column elementor-col-50 elementor-top-column elementor-element elementor-element-48afff31\" data-id=\"48afff31\" data-element_type=\"column\" data-e-type=\"column\">\n\t\t\t<div class=\"elementor-widget-wrap elementor-element-populated\">\n\t\t\t\t\t\t<div class=\"elementor-element elementor-element-47098b0f elementor-widget elementor-widget-text-editor\" data-id=\"47098b0f\" data-element_type=\"widget\" data-e-type=\"widget\" data-widget_type=\"text-editor.default\">\n\t\t\t\t<div class=\"elementor-widget-container\">\n\t\t\t\t\t\t\t\t\t<div class=\"titel_cst_small smallTitle TitelKlein\">T\u00e9moignage d'un client<\/div>\t\t\t\t\t\t\t\t<\/div>\n\t\t\t\t<\/div>\n\t\t\t\t<div class=\"elementor-element elementor-element-10354a02 elementor-widget elementor-widget-text-editor\" data-id=\"10354a02\" data-element_type=\"widget\" data-e-type=\"widget\" data-widget_type=\"text-editor.default\">\n\t\t\t\t<div class=\"elementor-widget-container\">\n\t\t\t\t\t\t\t\t\t<p><em>\u201eWir haben unsere Heizkanone gegen Puls-air getauscht und sind sehr zufrieden!\u201c<\/em><\/p>\t\t\t\t\t\t\t\t<\/div>\n\t\t\t\t<\/div>\n\t\t\t\t<div class=\"elementor-element elementor-element-555652b4 elementor-widget elementor-widget-text-editor\" data-id=\"555652b4\" data-element_type=\"widget\" data-e-type=\"widget\" data-widget_type=\"text-editor.default\">\n\t\t\t\t<div class=\"elementor-widget-container\">\n\t\t\t\t\t\t\t\t\t<div class=\"titel_cst\"><div class=\"titel_cst_big\"><h1>Anton Hawle Wien \u00d6sterreich \ud83c\udde6\ud83c\uddf9<\/h1><\/div><\/div>\t\t\t\t\t\t\t\t<\/div>\n\t\t\t\t<\/div>\n\t\t\t\t<div class=\"elementor-element elementor-element-971f3ac elementor-widget elementor-widget-text-editor\" data-id=\"971f3ac\" data-element_type=\"widget\" data-e-type=\"widget\" data-widget_type=\"text-editor.default\">\n\t\t\t\t<div class=\"elementor-widget-container\">\n\t\t\t\t\t\t\t\t\t<p>Die \u00fcber 2.000 m\u00b3 gro\u00dfe Werkstatt von Anton Hawle in Wien wird seit 2023 mit der sparsamen \u00f6sterreichischen Heizung Puls-air beheizt.<\/p><h2>Weniger als die H\u00e4lfte der Heizkosten<\/h2><p>Vergleicht Inhaber Hawle seine jetzigen Heizkosten mit den vorherzigen Heizkosten, so sind seine Heizkosten seitdem er die heiz\u00f6lbetriebene Heizung Puls-air aus Tirol verwendet um mehr als die H\u00e4lfte zur\u00fcck gegangen. Vorher hat Hawle die Werkstatt mit einer Heizkanone beheizt, die nicht nur hohe Kosten, sondern auch viel L\u00e4rm und Geruch produziert hat.<\/p>\t\t\t\t\t\t\t\t<\/div>\n\t\t\t\t<\/div>\n\t\t\t\t\t<\/div>\n\t\t<\/div>\n\t\t\t\t<div class=\"elementor-column elementor-col-50 elementor-top-column elementor-element elementor-element-3fd23096\" data-id=\"3fd23096\" data-element_type=\"column\" data-e-type=\"column\">\n\t\t\t<div class=\"elementor-widget-wrap elementor-element-populated\">\n\t\t\t\t\t\t<div class=\"elementor-element elementor-element-cfb7898 elementor-widget elementor-widget-image\" data-id=\"cfb7898\" data-element_type=\"widget\" data-e-type=\"widget\" data-widget_type=\"image.default\">\n\t\t\t\t<div class=\"elementor-widget-container\">\n\t\t\t\t\t\t\t\t\t\t\t\t\t\t\t\t<a href=\"https:\/\/pulsair.net\/wp-content\/uploads\/2024\/11\/8-2024_Puls-Austria-1453.jpg\" data-elementor-open-lightbox=\"yes\" data-elementor-lightbox-title=\"Anton Hawle Betriebsleiter KFZ- Techniker Mst.\" data-elementor-lightbox-description=\"Anton Hawle Betriebsleiter KFZ- Techniker Mst.\" data-e-action-hash=\"#elementor-action%3Aaction%3Dlightbox%26settings%3DeyJpZCI6Mzc4OCwidXJsIjoiaHR0cHM6XC9cL3B1bHNhaXIubmV0XC93cC1jb250ZW50XC91cGxvYWRzXC8yMDI0XC8xMVwvOC0yMDI0X1B1bHMtQXVzdHJpYS0xNDUzLmpwZyJ9\">\n\t\t\t\t\t\t\t<img fetchpriority=\"high\" decoding=\"async\" width=\"681\" height=\"1024\" src=\"https:\/\/pulsair.net\/wp-content\/uploads\/2024\/11\/8-2024_Puls-Austria-1453-681x1024.jpg\" class=\"attachment-large size-large wp-image-3788\" alt=\"Anton Hawle Betriebsleiter KFZ- Techniker Mst.\" srcset=\"https:\/\/pulsair.net\/wp-content\/uploads\/2024\/11\/8-2024_Puls-Austria-1453-681x1024.jpg 681w, https:\/\/pulsair.net\/wp-content\/uploads\/2024\/11\/8-2024_Puls-Austria-1453-200x300.jpg 200w, https:\/\/pulsair.net\/wp-content\/uploads\/2024\/11\/8-2024_Puls-Austria-1453-768x1155.jpg 768w, https:\/\/pulsair.net\/wp-content\/uploads\/2024\/11\/8-2024_Puls-Austria-1453-1022x1536.jpg 1022w, https:\/\/pulsair.net\/wp-content\/uploads\/2024\/11\/8-2024_Puls-Austria-1453-600x902.jpg 600w, https:\/\/pulsair.net\/wp-content\/uploads\/2024\/11\/8-2024_Puls-Austria-1453.jpg 1277w\" sizes=\"(max-width: 681px) 100vw, 681px\" \/>\t\t\t\t\t\t\t\t<\/a>\n\t\t\t\t\t\t\t\t\t\t\t\t\t\t\t<\/div>\n\t\t\t\t<\/div>\n\t\t\t\t\t<\/div>\n\t\t<\/div>\n\t\t\t\t\t<\/div>\n\t\t<\/section>\n\t\t\t\t<section class=\"elementor-section elementor-top-section elementor-element elementor-element-7ebf292 elementor-section-boxed elementor-section-height-default elementor-section-height-default\" data-id=\"7ebf292\" data-element_type=\"section\" data-e-type=\"section\" data-settings=\"{&quot;background_background&quot;:&quot;classic&quot;}\">\n\t\t\t\t\t\t<div class=\"elementor-container elementor-column-gap-default\">\n\t\t\t\t\t<div class=\"elementor-column elementor-col-100 elementor-top-column elementor-element elementor-element-daa0f45\" data-id=\"daa0f45\" data-element_type=\"column\" data-e-type=\"column\">\n\t\t\t<div class=\"elementor-widget-wrap elementor-element-populated\">\n\t\t\t\t\t\t<div class=\"elementor-element elementor-element-1c1ffa7 elementor-widget elementor-widget-text-editor\" data-id=\"1c1ffa7\" data-element_type=\"widget\" data-e-type=\"widget\" data-widget_type=\"text-editor.default\">\n\t\t\t\t<div class=\"elementor-widget-container\">\n\t\t\t\t\t\t\t\t\t<h2>Combustion issue de la recherche sur les moteurs<\/h2><p>Puls-air Firmengr\u00fcnder Ing. Georg Pletzer forschte f\u00fcr renommierte Unternehmen mit Triebwerken. Dadurch ist er auf die pulsierende Verbrennung gesto\u00dfen, welche viel W\u00e4rme bei geringem Verbrauch produziert. Die Idee, die pulsierende Verbrennung zum Beheizen von R\u00e4umen zu verwenden, war geboren. Seit 1984 wird Puls-air direkt vertrieben und begeistert heute mehr denn je durch seine Effizienz.<\/p><h2>Leise und geruchsfrei heizen<\/h2><p>Puls-air ist im Vergleich zu anderen Heizl\u00f6sungen mit nur 57 dBa, gemessen in einem Referenzraum, ein Fl\u00fcsterkonzert. Die best\u00e4tigt auch Herr Hawle, der Puls-air gut mit seiner vorherigen Heizkanone vergleichen kann. Zudem berichtet der Inhaber, dass bei Puls-air keine Geruchsbelastung entsteht. Alle Abgase gelangen \u00fcber ein nur 35mm-dickes Abgasrohr ins Freie. Im Raum entsteht kein Geruch \u2013 auch das Abgas, das nach au\u00dfen gef\u00fchrt wird, riecht nach nichts. Puls-air verf\u00fcgt \u00fcber hervorragende Abgaswerte (nachzulesen auf der Website) und der Ru\u00dfzahl 00.<\/p><h2>Kein Wartungsaufwand<\/h2><p>Da die pulsierende Verbrennung r\u00fcckstandsfrei von statten geht fallen keine Wartungsarbeiten an. Empfohlen wird, die Brennstoffd\u00fcse lt. Herstellerintervall zu wechseln, dies ist in 2 Minuten erledigt und kann selbst durchgef\u00fchrt werden. Es fallen also kein Kosten durch einen Kundendienst an, der schon f\u00fcr die Anfahrt ordentlich verlangt.<\/p><h2>Mise en service facile (Plug and Play)<\/h2><p>Puls-air ist so kompakt, dass sie auf einer Europalette geliefert wird. Abmessungen ca. 75 x 5 5x 95 bei 75 kg. Das Abgas wird mit einem 35 mm Edelstahlrohr \u00fcber Dach ins Freie geleitet. Es ist kein separater Kamin notwendig! Vom Hersteller wird empfohlen das Ger\u00e4t mit einem gr\u00f6\u00dferen Tank zu verbinden. Insgesamt ist Puls-air sehr einfach in Betrieb zu nehmen und durch die saubere Verbrennung sind die Wartungskosten nahe 0. Kleinere Servicearbeiten k\u00f6nnen selbst durchgef\u00fchrt werden.<\/p><h2>Prix d'\u00c9tat d\u00e9cern\u00e9<\/h2><p>Puls-air a re\u00e7u le prix national autrichien pour la recherche \u00e9nerg\u00e9tique et l'environnement et le prix national bavarois pour des performances techniques particuli\u00e8res dans l'artisanat.<\/p><h2>Conseil personnalis\u00e9<\/h2><p>L'\u00e9quipe de Puls-air vous conseille par t\u00e9l\u00e9phone, par mail ou par WhatsApp quel est l'appareil de chauffage le mieux adapt\u00e9 \u00e0 vos besoins et r\u00e9pond \u00e0 toutes vos questions.<\/p>\t\t\t\t\t\t\t\t<\/div>\n\t\t\t\t<\/div>\n\t\t\t\t<div class=\"elementor-element elementor-element-16ad282 elementor-widget elementor-widget-image-gallery\" data-id=\"16ad282\" data-element_type=\"widget\" data-e-type=\"widget\" data-widget_type=\"image-gallery.default\">\n\t\t\t\t<div class=\"elementor-widget-container\">\n\t\t\t\t\t\t\t<div class=\"elementor-image-gallery\">\n\t\t\t\n\t\t<style type=\"text\/css\">\n\t\t\t#gallery-1 {\n\t\t\t\tmargin: auto;\n\t\t\t}\n\t\t\t#gallery-1 .gallery-item {\n\t\t\t\tfloat: left;\n\t\t\t\tmargin-top: 10px;\n\t\t\t\ttext-align: center;\n\t\t\t\twidth: 33%;\n\t\t\t}\n\t\t\t#gallery-1 img {\n\t\t\t\tborder: 2px solid #cfcfcf;\n\t\t\t}\n\t\t\t#gallery-1 .gallery-caption {\n\t\t\t\tmargin-left: 0;\n\t\t\t}\n\t\t\t\/* see gallery_shortcode() in wp-includes\/media.php *\/\n\t\t<\/style>\n\t\t<div id='gallery-1' class='gallery galleryid-3786 gallery-columns-3 gallery-size-large'><dl class='gallery-item'>\n\t\t\t<dt class='gallery-icon landscape'>\n\t\t\t\t<a data-elementor-open-lightbox=\"yes\" data-elementor-lightbox-slideshow=\"16ad282\" data-elementor-lightbox-title=\"12 - 2024_Puls Austria-1464\" data-e-action-hash=\"#elementor-action%3Aaction%3Dlightbox%26settings%3DeyJpZCI6MzgwNiwidXJsIjoiaHR0cHM6XC9cL3B1bHNhaXIubmV0XC93cC1jb250ZW50XC91cGxvYWRzXC8yMDI0XC8xMVwvMTItMjAyNF9QdWxzLUF1c3RyaWEtMTQ2NC5qcGciLCJzbGlkZXNob3ciOiIxNmFkMjgyIn0%3D\" href='https:\/\/pulsair.net\/wp-content\/uploads\/2024\/11\/12-2024_Puls-Austria-1464.jpg'><img decoding=\"async\" width=\"1024\" height=\"681\" src=\"https:\/\/pulsair.net\/wp-content\/uploads\/2024\/11\/12-2024_Puls-Austria-1464-1024x681.jpg\" class=\"attachment-large size-large\" alt=\"\" srcset=\"https:\/\/pulsair.net\/wp-content\/uploads\/2024\/11\/12-2024_Puls-Austria-1464-1024x681.jpg 1024w, https:\/\/pulsair.net\/wp-content\/uploads\/2024\/11\/12-2024_Puls-Austria-1464-300x200.jpg 300w, https:\/\/pulsair.net\/wp-content\/uploads\/2024\/11\/12-2024_Puls-Austria-1464-768x511.jpg 768w, https:\/\/pulsair.net\/wp-content\/uploads\/2024\/11\/12-2024_Puls-Austria-1464-1536x1022.jpg 1536w, https:\/\/pulsair.net\/wp-content\/uploads\/2024\/11\/12-2024_Puls-Austria-1464-600x399.jpg 600w, https:\/\/pulsair.net\/wp-content\/uploads\/2024\/11\/12-2024_Puls-Austria-1464.jpg 1920w\" sizes=\"(max-width: 1024px) 100vw, 1024px\" \/><\/a>\n\t\t\t<\/dt><\/dl><dl class='gallery-item'>\n\t\t\t<dt class='gallery-icon landscape'>\n\t\t\t\t<a data-elementor-open-lightbox=\"yes\" data-elementor-lightbox-slideshow=\"16ad282\" data-elementor-lightbox-title=\"44 - 2024_Puls Austria-1610\" data-e-action-hash=\"#elementor-action%3Aaction%3Dlightbox%26settings%3DeyJpZCI6Mzc3NiwidXJsIjoiaHR0cHM6XC9cL3B1bHNhaXIubmV0XC93cC1jb250ZW50XC91cGxvYWRzXC8yMDI0XC8xMVwvNDQtMjAyNF9QdWxzLUF1c3RyaWEtMTYxMC5qcGciLCJzbGlkZXNob3ciOiIxNmFkMjgyIn0%3D\" href='https:\/\/pulsair.net\/wp-content\/uploads\/2024\/11\/44-2024_Puls-Austria-1610.jpg'><img decoding=\"async\" width=\"1024\" height=\"681\" src=\"https:\/\/pulsair.net\/wp-content\/uploads\/2024\/11\/44-2024_Puls-Austria-1610-1024x681.jpg\" class=\"attachment-large size-large\" alt=\"\" srcset=\"https:\/\/pulsair.net\/wp-content\/uploads\/2024\/11\/44-2024_Puls-Austria-1610-1024x681.jpg 1024w, https:\/\/pulsair.net\/wp-content\/uploads\/2024\/11\/44-2024_Puls-Austria-1610-300x200.jpg 300w, https:\/\/pulsair.net\/wp-content\/uploads\/2024\/11\/44-2024_Puls-Austria-1610-768x511.jpg 768w, https:\/\/pulsair.net\/wp-content\/uploads\/2024\/11\/44-2024_Puls-Austria-1610-1536x1022.jpg 1536w, https:\/\/pulsair.net\/wp-content\/uploads\/2024\/11\/44-2024_Puls-Austria-1610-600x399.jpg 600w, https:\/\/pulsair.net\/wp-content\/uploads\/2024\/11\/44-2024_Puls-Austria-1610.jpg 1920w\" sizes=\"(max-width: 1024px) 100vw, 1024px\" \/><\/a>\n\t\t\t<\/dt><\/dl><dl class='gallery-item'>\n\t\t\t<dt class='gallery-icon portrait'>\n\t\t\t\t<a data-elementor-open-lightbox=\"yes\" data-elementor-lightbox-slideshow=\"16ad282\" data-elementor-lightbox-title=\"7 - 2024_Puls Austria-1449\" data-e-action-hash=\"#elementor-action%3Aaction%3Dlightbox%26settings%3DeyJpZCI6MzgwNSwidXJsIjoiaHR0cHM6XC9cL3B1bHNhaXIubmV0XC93cC1jb250ZW50XC91cGxvYWRzXC8yMDI0XC8xMVwvNy0yMDI0X1B1bHMtQXVzdHJpYS0xNDQ5LmpwZyIsInNsaWRlc2hvdyI6IjE2YWQyODIifQ%3D%3D\" href='https:\/\/pulsair.net\/wp-content\/uploads\/2024\/11\/7-2024_Puls-Austria-1449.jpg'><img loading=\"lazy\" decoding=\"async\" width=\"681\" height=\"1024\" src=\"https:\/\/pulsair.net\/wp-content\/uploads\/2024\/11\/7-2024_Puls-Austria-1449-681x1024.jpg\" class=\"attachment-large size-large\" alt=\"\" srcset=\"https:\/\/pulsair.net\/wp-content\/uploads\/2024\/11\/7-2024_Puls-Austria-1449-681x1024.jpg 681w, https:\/\/pulsair.net\/wp-content\/uploads\/2024\/11\/7-2024_Puls-Austria-1449-200x300.jpg 200w, https:\/\/pulsair.net\/wp-content\/uploads\/2024\/11\/7-2024_Puls-Austria-1449-768x1155.jpg 768w, https:\/\/pulsair.net\/wp-content\/uploads\/2024\/11\/7-2024_Puls-Austria-1449-1022x1536.jpg 1022w, https:\/\/pulsair.net\/wp-content\/uploads\/2024\/11\/7-2024_Puls-Austria-1449-600x902.jpg 600w, https:\/\/pulsair.net\/wp-content\/uploads\/2024\/11\/7-2024_Puls-Austria-1449.jpg 1277w\" sizes=\"(max-width: 681px) 100vw, 681px\" \/><\/a>\n\t\t\t<\/dt><\/dl><br style=\"clear: both\" \/><dl class='gallery-item'>\n\t\t\t<dt class='gallery-icon portrait'>\n\t\t\t\t<a data-elementor-open-lightbox=\"yes\" data-elementor-lightbox-slideshow=\"16ad282\" data-elementor-lightbox-title=\"47 - 2024_Puls Austria-1637\" data-e-action-hash=\"#elementor-action%3Aaction%3Dlightbox%26settings%3DeyJpZCI6MzgwNCwidXJsIjoiaHR0cHM6XC9cL3B1bHNhaXIubmV0XC93cC1jb250ZW50XC91cGxvYWRzXC8yMDI0XC8xMVwvNDctMjAyNF9QdWxzLUF1c3RyaWEtMTYzNy5qcGciLCJzbGlkZXNob3ciOiIxNmFkMjgyIn0%3D\" href='https:\/\/pulsair.net\/wp-content\/uploads\/2024\/11\/47-2024_Puls-Austria-1637.jpg'><img loading=\"lazy\" decoding=\"async\" width=\"681\" height=\"1024\" src=\"https:\/\/pulsair.net\/wp-content\/uploads\/2024\/11\/47-2024_Puls-Austria-1637-681x1024.jpg\" class=\"attachment-large size-large\" alt=\"\" srcset=\"https:\/\/pulsair.net\/wp-content\/uploads\/2024\/11\/47-2024_Puls-Austria-1637-681x1024.jpg 681w, https:\/\/pulsair.net\/wp-content\/uploads\/2024\/11\/47-2024_Puls-Austria-1637-200x300.jpg 200w, https:\/\/pulsair.net\/wp-content\/uploads\/2024\/11\/47-2024_Puls-Austria-1637-768x1155.jpg 768w, https:\/\/pulsair.net\/wp-content\/uploads\/2024\/11\/47-2024_Puls-Austria-1637-1022x1536.jpg 1022w, https:\/\/pulsair.net\/wp-content\/uploads\/2024\/11\/47-2024_Puls-Austria-1637-600x902.jpg 600w, https:\/\/pulsair.net\/wp-content\/uploads\/2024\/11\/47-2024_Puls-Austria-1637.jpg 1277w\" sizes=\"(max-width: 681px) 100vw, 681px\" \/><\/a>\n\t\t\t<\/dt><\/dl><dl class='gallery-item'>\n\t\t\t<dt class='gallery-icon landscape'>\n\t\t\t\t<a data-elementor-open-lightbox=\"yes\" data-elementor-lightbox-slideshow=\"16ad282\" data-elementor-lightbox-title=\"46 - 2024_Puls Austria-1628\" data-e-action-hash=\"#elementor-action%3Aaction%3Dlightbox%26settings%3DeyJpZCI6MzgwMywidXJsIjoiaHR0cHM6XC9cL3B1bHNhaXIubmV0XC93cC1jb250ZW50XC91cGxvYWRzXC8yMDI0XC8xMVwvNDYtMjAyNF9QdWxzLUF1c3RyaWEtMTYyOC5qcGciLCJzbGlkZXNob3ciOiIxNmFkMjgyIn0%3D\" href='https:\/\/pulsair.net\/wp-content\/uploads\/2024\/11\/46-2024_Puls-Austria-1628.jpg'><img loading=\"lazy\" decoding=\"async\" width=\"1024\" height=\"681\" src=\"https:\/\/pulsair.net\/wp-content\/uploads\/2024\/11\/46-2024_Puls-Austria-1628-1024x681.jpg\" class=\"attachment-large size-large\" alt=\"\" srcset=\"https:\/\/pulsair.net\/wp-content\/uploads\/2024\/11\/46-2024_Puls-Austria-1628-1024x681.jpg 1024w, https:\/\/pulsair.net\/wp-content\/uploads\/2024\/11\/46-2024_Puls-Austria-1628-300x200.jpg 300w, https:\/\/pulsair.net\/wp-content\/uploads\/2024\/11\/46-2024_Puls-Austria-1628-768x511.jpg 768w, https:\/\/pulsair.net\/wp-content\/uploads\/2024\/11\/46-2024_Puls-Austria-1628-1536x1022.jpg 1536w, https:\/\/pulsair.net\/wp-content\/uploads\/2024\/11\/46-2024_Puls-Austria-1628-600x399.jpg 600w, https:\/\/pulsair.net\/wp-content\/uploads\/2024\/11\/46-2024_Puls-Austria-1628.jpg 1920w\" sizes=\"(max-width: 1024px) 100vw, 1024px\" \/><\/a>\n\t\t\t<\/dt><\/dl><dl class='gallery-item'>\n\t\t\t<dt class='gallery-icon landscape'>\n\t\t\t\t<a data-elementor-open-lightbox=\"yes\" data-elementor-lightbox-slideshow=\"16ad282\" data-elementor-lightbox-title=\"45 - 2024_Puls Austria-1611\" data-e-action-hash=\"#elementor-action%3Aaction%3Dlightbox%26settings%3DeyJpZCI6MzgwMiwidXJsIjoiaHR0cHM6XC9cL3B1bHNhaXIubmV0XC93cC1jb250ZW50XC91cGxvYWRzXC8yMDI0XC8xMVwvNDUtMjAyNF9QdWxzLUF1c3RyaWEtMTYxMS5qcGciLCJzbGlkZXNob3ciOiIxNmFkMjgyIn0%3D\" href='https:\/\/pulsair.net\/wp-content\/uploads\/2024\/11\/45-2024_Puls-Austria-1611.jpg'><img loading=\"lazy\" decoding=\"async\" width=\"1024\" height=\"681\" src=\"https:\/\/pulsair.net\/wp-content\/uploads\/2024\/11\/45-2024_Puls-Austria-1611-1024x681.jpg\" class=\"attachment-large size-large\" alt=\"\" srcset=\"https:\/\/pulsair.net\/wp-content\/uploads\/2024\/11\/45-2024_Puls-Austria-1611-1024x681.jpg 1024w, https:\/\/pulsair.net\/wp-content\/uploads\/2024\/11\/45-2024_Puls-Austria-1611-300x200.jpg 300w, https:\/\/pulsair.net\/wp-content\/uploads\/2024\/11\/45-2024_Puls-Austria-1611-768x511.jpg 768w, https:\/\/pulsair.net\/wp-content\/uploads\/2024\/11\/45-2024_Puls-Austria-1611-1536x1022.jpg 1536w, https:\/\/pulsair.net\/wp-content\/uploads\/2024\/11\/45-2024_Puls-Austria-1611-600x399.jpg 600w, https:\/\/pulsair.net\/wp-content\/uploads\/2024\/11\/45-2024_Puls-Austria-1611.jpg 1920w\" sizes=\"(max-width: 1024px) 100vw, 1024px\" \/><\/a>\n\t\t\t<\/dt><\/dl><br style=\"clear: both\" \/><dl class='gallery-item'>\n\t\t\t<dt class='gallery-icon landscape'>\n\t\t\t\t<a data-elementor-open-lightbox=\"yes\" data-elementor-lightbox-slideshow=\"16ad282\" data-elementor-lightbox-title=\"44 - 2024_Puls Austria-1610\" data-e-action-hash=\"#elementor-action%3Aaction%3Dlightbox%26settings%3DeyJpZCI6MzgwMSwidXJsIjoiaHR0cHM6XC9cL3B1bHNhaXIubmV0XC93cC1jb250ZW50XC91cGxvYWRzXC8yMDI0XC8xMVwvNDQtMjAyNF9QdWxzLUF1c3RyaWEtMTYxMC0xLmpwZyIsInNsaWRlc2hvdyI6IjE2YWQyODIifQ%3D%3D\" href='https:\/\/pulsair.net\/wp-content\/uploads\/2024\/11\/44-2024_Puls-Austria-1610-1.jpg'><img loading=\"lazy\" decoding=\"async\" width=\"1024\" height=\"681\" src=\"https:\/\/pulsair.net\/wp-content\/uploads\/2024\/11\/44-2024_Puls-Austria-1610-1-1024x681.jpg\" class=\"attachment-large size-large\" alt=\"\" srcset=\"https:\/\/pulsair.net\/wp-content\/uploads\/2024\/11\/44-2024_Puls-Austria-1610-1-1024x681.jpg 1024w, https:\/\/pulsair.net\/wp-content\/uploads\/2024\/11\/44-2024_Puls-Austria-1610-1-300x200.jpg 300w, https:\/\/pulsair.net\/wp-content\/uploads\/2024\/11\/44-2024_Puls-Austria-1610-1-768x511.jpg 768w, https:\/\/pulsair.net\/wp-content\/uploads\/2024\/11\/44-2024_Puls-Austria-1610-1-1536x1022.jpg 1536w, https:\/\/pulsair.net\/wp-content\/uploads\/2024\/11\/44-2024_Puls-Austria-1610-1-600x399.jpg 600w, https:\/\/pulsair.net\/wp-content\/uploads\/2024\/11\/44-2024_Puls-Austria-1610-1.jpg 1920w\" sizes=\"(max-width: 1024px) 100vw, 1024px\" \/><\/a>\n\t\t\t<\/dt><\/dl><dl class='gallery-item'>\n\t\t\t<dt class='gallery-icon landscape'>\n\t\t\t\t<a data-elementor-open-lightbox=\"yes\" data-elementor-lightbox-slideshow=\"16ad282\" data-elementor-lightbox-title=\"43 - 2024_Puls Austria-1607\" data-e-action-hash=\"#elementor-action%3Aaction%3Dlightbox%26settings%3DeyJpZCI6MzgwMCwidXJsIjoiaHR0cHM6XC9cL3B1bHNhaXIubmV0XC93cC1jb250ZW50XC91cGxvYWRzXC8yMDI0XC8xMVwvNDMtMjAyNF9QdWxzLUF1c3RyaWEtMTYwNy5qcGciLCJzbGlkZXNob3ciOiIxNmFkMjgyIn0%3D\" href='https:\/\/pulsair.net\/wp-content\/uploads\/2024\/11\/43-2024_Puls-Austria-1607.jpg'><img loading=\"lazy\" decoding=\"async\" width=\"1024\" height=\"681\" src=\"https:\/\/pulsair.net\/wp-content\/uploads\/2024\/11\/43-2024_Puls-Austria-1607-1024x681.jpg\" class=\"attachment-large size-large\" alt=\"\" srcset=\"https:\/\/pulsair.net\/wp-content\/uploads\/2024\/11\/43-2024_Puls-Austria-1607-1024x681.jpg 1024w, https:\/\/pulsair.net\/wp-content\/uploads\/2024\/11\/43-2024_Puls-Austria-1607-300x200.jpg 300w, https:\/\/pulsair.net\/wp-content\/uploads\/2024\/11\/43-2024_Puls-Austria-1607-768x511.jpg 768w, https:\/\/pulsair.net\/wp-content\/uploads\/2024\/11\/43-2024_Puls-Austria-1607-1536x1022.jpg 1536w, https:\/\/pulsair.net\/wp-content\/uploads\/2024\/11\/43-2024_Puls-Austria-1607-600x399.jpg 600w, https:\/\/pulsair.net\/wp-content\/uploads\/2024\/11\/43-2024_Puls-Austria-1607.jpg 1920w\" sizes=\"(max-width: 1024px) 100vw, 1024px\" \/><\/a>\n\t\t\t<\/dt><\/dl><dl class='gallery-item'>\n\t\t\t<dt class='gallery-icon landscape'>\n\t\t\t\t<a data-elementor-open-lightbox=\"yes\" data-elementor-lightbox-slideshow=\"16ad282\" data-elementor-lightbox-title=\"42 - 2024_Puls Austria-1606\" data-e-action-hash=\"#elementor-action%3Aaction%3Dlightbox%26settings%3DeyJpZCI6Mzc5OSwidXJsIjoiaHR0cHM6XC9cL3B1bHNhaXIubmV0XC93cC1jb250ZW50XC91cGxvYWRzXC8yMDI0XC8xMVwvNDItMjAyNF9QdWxzLUF1c3RyaWEtMTYwNi5qcGciLCJzbGlkZXNob3ciOiIxNmFkMjgyIn0%3D\" href='https:\/\/pulsair.net\/wp-content\/uploads\/2024\/11\/42-2024_Puls-Austria-1606.jpg'><img loading=\"lazy\" decoding=\"async\" width=\"1024\" height=\"681\" src=\"https:\/\/pulsair.net\/wp-content\/uploads\/2024\/11\/42-2024_Puls-Austria-1606-1024x681.jpg\" class=\"attachment-large size-large\" alt=\"\" srcset=\"https:\/\/pulsair.net\/wp-content\/uploads\/2024\/11\/42-2024_Puls-Austria-1606-1024x681.jpg 1024w, https:\/\/pulsair.net\/wp-content\/uploads\/2024\/11\/42-2024_Puls-Austria-1606-300x200.jpg 300w, https:\/\/pulsair.net\/wp-content\/uploads\/2024\/11\/42-2024_Puls-Austria-1606-768x511.jpg 768w, https:\/\/pulsair.net\/wp-content\/uploads\/2024\/11\/42-2024_Puls-Austria-1606-1536x1022.jpg 1536w, https:\/\/pulsair.net\/wp-content\/uploads\/2024\/11\/42-2024_Puls-Austria-1606-600x399.jpg 600w, https:\/\/pulsair.net\/wp-content\/uploads\/2024\/11\/42-2024_Puls-Austria-1606.jpg 1920w\" sizes=\"(max-width: 1024px) 100vw, 1024px\" \/><\/a>\n\t\t\t<\/dt><\/dl><br style=\"clear: both\" \/><dl class='gallery-item'>\n\t\t\t<dt class='gallery-icon landscape'>\n\t\t\t\t<a data-elementor-open-lightbox=\"yes\" data-elementor-lightbox-slideshow=\"16ad282\" data-elementor-lightbox-title=\"41 - 2024_Puls Austria-1582\" data-e-action-hash=\"#elementor-action%3Aaction%3Dlightbox%26settings%3DeyJpZCI6Mzc5OCwidXJsIjoiaHR0cHM6XC9cL3B1bHNhaXIubmV0XC93cC1jb250ZW50XC91cGxvYWRzXC8yMDI0XC8xMVwvNDEtMjAyNF9QdWxzLUF1c3RyaWEtMTU4Mi0xLmpwZyIsInNsaWRlc2hvdyI6IjE2YWQyODIifQ%3D%3D\" href='https:\/\/pulsair.net\/wp-content\/uploads\/2024\/11\/41-2024_Puls-Austria-1582-1.jpg'><img loading=\"lazy\" decoding=\"async\" width=\"1024\" height=\"681\" src=\"https:\/\/pulsair.net\/wp-content\/uploads\/2024\/11\/41-2024_Puls-Austria-1582-1-1024x681.jpg\" class=\"attachment-large size-large\" alt=\"\" srcset=\"https:\/\/pulsair.net\/wp-content\/uploads\/2024\/11\/41-2024_Puls-Austria-1582-1-1024x681.jpg 1024w, https:\/\/pulsair.net\/wp-content\/uploads\/2024\/11\/41-2024_Puls-Austria-1582-1-300x200.jpg 300w, https:\/\/pulsair.net\/wp-content\/uploads\/2024\/11\/41-2024_Puls-Austria-1582-1-768x511.jpg 768w, https:\/\/pulsair.net\/wp-content\/uploads\/2024\/11\/41-2024_Puls-Austria-1582-1-1536x1022.jpg 1536w, https:\/\/pulsair.net\/wp-content\/uploads\/2024\/11\/41-2024_Puls-Austria-1582-1-600x399.jpg 600w, https:\/\/pulsair.net\/wp-content\/uploads\/2024\/11\/41-2024_Puls-Austria-1582-1.jpg 1920w\" sizes=\"(max-width: 1024px) 100vw, 1024px\" \/><\/a>\n\t\t\t<\/dt><\/dl><dl class='gallery-item'>\n\t\t\t<dt class='gallery-icon portrait'>\n\t\t\t\t<a data-elementor-open-lightbox=\"yes\" data-elementor-lightbox-slideshow=\"16ad282\" data-elementor-lightbox-title=\"39 - 2024_Puls Austria-1578\" data-e-action-hash=\"#elementor-action%3Aaction%3Dlightbox%26settings%3DeyJpZCI6Mzc5NywidXJsIjoiaHR0cHM6XC9cL3B1bHNhaXIubmV0XC93cC1jb250ZW50XC91cGxvYWRzXC8yMDI0XC8xMVwvMzktMjAyNF9QdWxzLUF1c3RyaWEtMTU3OC5qcGciLCJzbGlkZXNob3ciOiIxNmFkMjgyIn0%3D\" href='https:\/\/pulsair.net\/wp-content\/uploads\/2024\/11\/39-2024_Puls-Austria-1578.jpg'><img loading=\"lazy\" decoding=\"async\" width=\"681\" height=\"1024\" src=\"https:\/\/pulsair.net\/wp-content\/uploads\/2024\/11\/39-2024_Puls-Austria-1578-681x1024.jpg\" class=\"attachment-large size-large\" alt=\"\" srcset=\"https:\/\/pulsair.net\/wp-content\/uploads\/2024\/11\/39-2024_Puls-Austria-1578-681x1024.jpg 681w, https:\/\/pulsair.net\/wp-content\/uploads\/2024\/11\/39-2024_Puls-Austria-1578-200x300.jpg 200w, https:\/\/pulsair.net\/wp-content\/uploads\/2024\/11\/39-2024_Puls-Austria-1578-768x1155.jpg 768w, https:\/\/pulsair.net\/wp-content\/uploads\/2024\/11\/39-2024_Puls-Austria-1578-1022x1536.jpg 1022w, https:\/\/pulsair.net\/wp-content\/uploads\/2024\/11\/39-2024_Puls-Austria-1578-600x902.jpg 600w, https:\/\/pulsair.net\/wp-content\/uploads\/2024\/11\/39-2024_Puls-Austria-1578.jpg 1277w\" sizes=\"(max-width: 681px) 100vw, 681px\" \/><\/a>\n\t\t\t<\/dt><\/dl><dl class='gallery-item'>\n\t\t\t<dt class='gallery-icon portrait'>\n\t\t\t\t<a data-elementor-open-lightbox=\"yes\" data-elementor-lightbox-slideshow=\"16ad282\" data-elementor-lightbox-title=\"38 - 2024_Puls Austria-1478\" data-e-action-hash=\"#elementor-action%3Aaction%3Dlightbox%26settings%3DeyJpZCI6Mzc5NiwidXJsIjoiaHR0cHM6XC9cL3B1bHNhaXIubmV0XC93cC1jb250ZW50XC91cGxvYWRzXC8yMDI0XC8xMVwvMzgtMjAyNF9QdWxzLUF1c3RyaWEtMTQ3OC5qcGciLCJzbGlkZXNob3ciOiIxNmFkMjgyIn0%3D\" href='https:\/\/pulsair.net\/wp-content\/uploads\/2024\/11\/38-2024_Puls-Austria-1478.jpg'><img loading=\"lazy\" decoding=\"async\" width=\"681\" height=\"1024\" src=\"https:\/\/pulsair.net\/wp-content\/uploads\/2024\/11\/38-2024_Puls-Austria-1478-681x1024.jpg\" class=\"attachment-large size-large\" alt=\"\" srcset=\"https:\/\/pulsair.net\/wp-content\/uploads\/2024\/11\/38-2024_Puls-Austria-1478-681x1024.jpg 681w, https:\/\/pulsair.net\/wp-content\/uploads\/2024\/11\/38-2024_Puls-Austria-1478-200x300.jpg 200w, https:\/\/pulsair.net\/wp-content\/uploads\/2024\/11\/38-2024_Puls-Austria-1478-768x1155.jpg 768w, https:\/\/pulsair.net\/wp-content\/uploads\/2024\/11\/38-2024_Puls-Austria-1478-1022x1536.jpg 1022w, https:\/\/pulsair.net\/wp-content\/uploads\/2024\/11\/38-2024_Puls-Austria-1478-600x902.jpg 600w, https:\/\/pulsair.net\/wp-content\/uploads\/2024\/11\/38-2024_Puls-Austria-1478.jpg 1277w\" sizes=\"(max-width: 681px) 100vw, 681px\" \/><\/a>\n\t\t\t<\/dt><\/dl><br style=\"clear: both\" \/><dl class='gallery-item'>\n\t\t\t<dt class='gallery-icon landscape'>\n\t\t\t\t<a data-elementor-open-lightbox=\"yes\" data-elementor-lightbox-slideshow=\"16ad282\" data-elementor-lightbox-title=\"36 - 2024_Puls Austria-1564\" data-e-action-hash=\"#elementor-action%3Aaction%3Dlightbox%26settings%3DeyJpZCI6Mzc5NSwidXJsIjoiaHR0cHM6XC9cL3B1bHNhaXIubmV0XC93cC1jb250ZW50XC91cGxvYWRzXC8yMDI0XC8xMVwvMzYtMjAyNF9QdWxzLUF1c3RyaWEtMTU2NC5qcGciLCJzbGlkZXNob3ciOiIxNmFkMjgyIn0%3D\" href='https:\/\/pulsair.net\/wp-content\/uploads\/2024\/11\/36-2024_Puls-Austria-1564.jpg'><img loading=\"lazy\" decoding=\"async\" width=\"1024\" height=\"681\" src=\"https:\/\/pulsair.net\/wp-content\/uploads\/2024\/11\/36-2024_Puls-Austria-1564-1024x681.jpg\" class=\"attachment-large size-large\" alt=\"\" srcset=\"https:\/\/pulsair.net\/wp-content\/uploads\/2024\/11\/36-2024_Puls-Austria-1564-1024x681.jpg 1024w, https:\/\/pulsair.net\/wp-content\/uploads\/2024\/11\/36-2024_Puls-Austria-1564-300x200.jpg 300w, https:\/\/pulsair.net\/wp-content\/uploads\/2024\/11\/36-2024_Puls-Austria-1564-768x511.jpg 768w, https:\/\/pulsair.net\/wp-content\/uploads\/2024\/11\/36-2024_Puls-Austria-1564-1536x1022.jpg 1536w, https:\/\/pulsair.net\/wp-content\/uploads\/2024\/11\/36-2024_Puls-Austria-1564-600x399.jpg 600w, https:\/\/pulsair.net\/wp-content\/uploads\/2024\/11\/36-2024_Puls-Austria-1564.jpg 1920w\" sizes=\"(max-width: 1024px) 100vw, 1024px\" \/><\/a>\n\t\t\t<\/dt><\/dl><dl class='gallery-item'>\n\t\t\t<dt class='gallery-icon portrait'>\n\t\t\t\t<a data-elementor-open-lightbox=\"yes\" data-elementor-lightbox-slideshow=\"16ad282\" data-elementor-lightbox-title=\"34 - 2024_Puls Austria-1513\" data-e-action-hash=\"#elementor-action%3Aaction%3Dlightbox%26settings%3DeyJpZCI6Mzc5NCwidXJsIjoiaHR0cHM6XC9cL3B1bHNhaXIubmV0XC93cC1jb250ZW50XC91cGxvYWRzXC8yMDI0XC8xMVwvMzQtMjAyNF9QdWxzLUF1c3RyaWEtMTUxMy5qcGciLCJzbGlkZXNob3ciOiIxNmFkMjgyIn0%3D\" href='https:\/\/pulsair.net\/wp-content\/uploads\/2024\/11\/34-2024_Puls-Austria-1513.jpg'><img loading=\"lazy\" decoding=\"async\" width=\"681\" height=\"1024\" src=\"https:\/\/pulsair.net\/wp-content\/uploads\/2024\/11\/34-2024_Puls-Austria-1513-681x1024.jpg\" class=\"attachment-large size-large\" alt=\"\" srcset=\"https:\/\/pulsair.net\/wp-content\/uploads\/2024\/11\/34-2024_Puls-Austria-1513-681x1024.jpg 681w, https:\/\/pulsair.net\/wp-content\/uploads\/2024\/11\/34-2024_Puls-Austria-1513-200x300.jpg 200w, https:\/\/pulsair.net\/wp-content\/uploads\/2024\/11\/34-2024_Puls-Austria-1513-768x1155.jpg 768w, https:\/\/pulsair.net\/wp-content\/uploads\/2024\/11\/34-2024_Puls-Austria-1513-1022x1536.jpg 1022w, https:\/\/pulsair.net\/wp-content\/uploads\/2024\/11\/34-2024_Puls-Austria-1513-600x902.jpg 600w, https:\/\/pulsair.net\/wp-content\/uploads\/2024\/11\/34-2024_Puls-Austria-1513.jpg 1277w\" sizes=\"(max-width: 681px) 100vw, 681px\" \/><\/a>\n\t\t\t<\/dt><\/dl><dl class='gallery-item'>\n\t\t\t<dt class='gallery-icon portrait'>\n\t\t\t\t<a data-elementor-open-lightbox=\"yes\" data-elementor-lightbox-slideshow=\"16ad282\" data-elementor-lightbox-title=\"33 - 2024_Puls Austria-1510\" data-e-action-hash=\"#elementor-action%3Aaction%3Dlightbox%26settings%3DeyJpZCI6Mzc5MywidXJsIjoiaHR0cHM6XC9cL3B1bHNhaXIubmV0XC93cC1jb250ZW50XC91cGxvYWRzXC8yMDI0XC8xMVwvMzMtMjAyNF9QdWxzLUF1c3RyaWEtMTUxMC5qcGciLCJzbGlkZXNob3ciOiIxNmFkMjgyIn0%3D\" href='https:\/\/pulsair.net\/wp-content\/uploads\/2024\/11\/33-2024_Puls-Austria-1510.jpg'><img loading=\"lazy\" decoding=\"async\" width=\"681\" height=\"1024\" src=\"https:\/\/pulsair.net\/wp-content\/uploads\/2024\/11\/33-2024_Puls-Austria-1510-681x1024.jpg\" class=\"attachment-large size-large\" alt=\"\" srcset=\"https:\/\/pulsair.net\/wp-content\/uploads\/2024\/11\/33-2024_Puls-Austria-1510-681x1024.jpg 681w, https:\/\/pulsair.net\/wp-content\/uploads\/2024\/11\/33-2024_Puls-Austria-1510-200x300.jpg 200w, https:\/\/pulsair.net\/wp-content\/uploads\/2024\/11\/33-2024_Puls-Austria-1510-768x1155.jpg 768w, https:\/\/pulsair.net\/wp-content\/uploads\/2024\/11\/33-2024_Puls-Austria-1510-1022x1536.jpg 1022w, https:\/\/pulsair.net\/wp-content\/uploads\/2024\/11\/33-2024_Puls-Austria-1510-600x902.jpg 600w, https:\/\/pulsair.net\/wp-content\/uploads\/2024\/11\/33-2024_Puls-Austria-1510.jpg 1277w\" sizes=\"(max-width: 681px) 100vw, 681px\" \/><\/a>\n\t\t\t<\/dt><\/dl><br style=\"clear: both\" \/><dl class='gallery-item'>\n\t\t\t<dt class='gallery-icon landscape'>\n\t\t\t\t<a data-elementor-open-lightbox=\"yes\" data-elementor-lightbox-slideshow=\"16ad282\" data-elementor-lightbox-title=\"32 - 2024_Puls Austria-1509\" data-e-action-hash=\"#elementor-action%3Aaction%3Dlightbox%26settings%3DeyJpZCI6Mzc5MiwidXJsIjoiaHR0cHM6XC9cL3B1bHNhaXIubmV0XC93cC1jb250ZW50XC91cGxvYWRzXC8yMDI0XC8xMVwvMzItMjAyNF9QdWxzLUF1c3RyaWEtMTUwOS5qcGciLCJzbGlkZXNob3ciOiIxNmFkMjgyIn0%3D\" href='https:\/\/pulsair.net\/wp-content\/uploads\/2024\/11\/32-2024_Puls-Austria-1509.jpg'><img loading=\"lazy\" decoding=\"async\" width=\"1024\" height=\"681\" src=\"https:\/\/pulsair.net\/wp-content\/uploads\/2024\/11\/32-2024_Puls-Austria-1509-1024x681.jpg\" class=\"attachment-large size-large\" alt=\"\" srcset=\"https:\/\/pulsair.net\/wp-content\/uploads\/2024\/11\/32-2024_Puls-Austria-1509-1024x681.jpg 1024w, https:\/\/pulsair.net\/wp-content\/uploads\/2024\/11\/32-2024_Puls-Austria-1509-300x200.jpg 300w, https:\/\/pulsair.net\/wp-content\/uploads\/2024\/11\/32-2024_Puls-Austria-1509-768x511.jpg 768w, https:\/\/pulsair.net\/wp-content\/uploads\/2024\/11\/32-2024_Puls-Austria-1509-1536x1022.jpg 1536w, https:\/\/pulsair.net\/wp-content\/uploads\/2024\/11\/32-2024_Puls-Austria-1509-600x399.jpg 600w, https:\/\/pulsair.net\/wp-content\/uploads\/2024\/11\/32-2024_Puls-Austria-1509.jpg 1920w\" sizes=\"(max-width: 1024px) 100vw, 1024px\" \/><\/a>\n\t\t\t<\/dt><\/dl><dl class='gallery-item'>\n\t\t\t<dt class='gallery-icon landscape'>\n\t\t\t\t<a data-elementor-open-lightbox=\"yes\" data-elementor-lightbox-slideshow=\"16ad282\" data-elementor-lightbox-title=\"31 - 2024_Puls Austria-1507\" data-e-action-hash=\"#elementor-action%3Aaction%3Dlightbox%26settings%3DeyJpZCI6Mzc5MSwidXJsIjoiaHR0cHM6XC9cL3B1bHNhaXIubmV0XC93cC1jb250ZW50XC91cGxvYWRzXC8yMDI0XC8xMVwvMzEtMjAyNF9QdWxzLUF1c3RyaWEtMTUwNy5qcGciLCJzbGlkZXNob3ciOiIxNmFkMjgyIn0%3D\" href='https:\/\/pulsair.net\/wp-content\/uploads\/2024\/11\/31-2024_Puls-Austria-1507.jpg'><img loading=\"lazy\" decoding=\"async\" width=\"1024\" height=\"681\" src=\"https:\/\/pulsair.net\/wp-content\/uploads\/2024\/11\/31-2024_Puls-Austria-1507-1024x681.jpg\" class=\"attachment-large size-large\" alt=\"\" srcset=\"https:\/\/pulsair.net\/wp-content\/uploads\/2024\/11\/31-2024_Puls-Austria-1507-1024x681.jpg 1024w, https:\/\/pulsair.net\/wp-content\/uploads\/2024\/11\/31-2024_Puls-Austria-1507-300x200.jpg 300w, https:\/\/pulsair.net\/wp-content\/uploads\/2024\/11\/31-2024_Puls-Austria-1507-768x511.jpg 768w, https:\/\/pulsair.net\/wp-content\/uploads\/2024\/11\/31-2024_Puls-Austria-1507-1536x1022.jpg 1536w, https:\/\/pulsair.net\/wp-content\/uploads\/2024\/11\/31-2024_Puls-Austria-1507-600x399.jpg 600w, https:\/\/pulsair.net\/wp-content\/uploads\/2024\/11\/31-2024_Puls-Austria-1507.jpg 1920w\" sizes=\"(max-width: 1024px) 100vw, 1024px\" \/><\/a>\n\t\t\t<\/dt><\/dl><dl class='gallery-item'>\n\t\t\t<dt class='gallery-icon landscape'>\n\t\t\t\t<a data-elementor-open-lightbox=\"yes\" data-elementor-lightbox-slideshow=\"16ad282\" data-elementor-lightbox-title=\"29 - 2024_Puls Austria-1501\" data-e-action-hash=\"#elementor-action%3Aaction%3Dlightbox%26settings%3DeyJpZCI6Mzc5MCwidXJsIjoiaHR0cHM6XC9cL3B1bHNhaXIubmV0XC93cC1jb250ZW50XC91cGxvYWRzXC8yMDI0XC8xMVwvMjktMjAyNF9QdWxzLUF1c3RyaWEtMTUwMS5qcGciLCJzbGlkZXNob3ciOiIxNmFkMjgyIn0%3D\" href='https:\/\/pulsair.net\/wp-content\/uploads\/2024\/11\/29-2024_Puls-Austria-1501.jpg'><img loading=\"lazy\" decoding=\"async\" width=\"1024\" height=\"681\" src=\"https:\/\/pulsair.net\/wp-content\/uploads\/2024\/11\/29-2024_Puls-Austria-1501-1024x681.jpg\" class=\"attachment-large size-large\" alt=\"\" srcset=\"https:\/\/pulsair.net\/wp-content\/uploads\/2024\/11\/29-2024_Puls-Austria-1501-1024x681.jpg 1024w, https:\/\/pulsair.net\/wp-content\/uploads\/2024\/11\/29-2024_Puls-Austria-1501-300x200.jpg 300w, https:\/\/pulsair.net\/wp-content\/uploads\/2024\/11\/29-2024_Puls-Austria-1501-768x511.jpg 768w, https:\/\/pulsair.net\/wp-content\/uploads\/2024\/11\/29-2024_Puls-Austria-1501-1536x1022.jpg 1536w, https:\/\/pulsair.net\/wp-content\/uploads\/2024\/11\/29-2024_Puls-Austria-1501-600x399.jpg 600w, https:\/\/pulsair.net\/wp-content\/uploads\/2024\/11\/29-2024_Puls-Austria-1501.jpg 1920w\" sizes=\"(max-width: 1024px) 100vw, 1024px\" \/><\/a>\n\t\t\t<\/dt><\/dl><br style=\"clear: both\" \/><dl class='gallery-item'>\n\t\t\t<dt class='gallery-icon portrait'>\n\t\t\t\t<a data-elementor-open-lightbox=\"yes\" data-elementor-lightbox-slideshow=\"16ad282\" data-elementor-lightbox-title=\"14 - 2024_Puls Austria-1467\" data-e-action-hash=\"#elementor-action%3Aaction%3Dlightbox%26settings%3DeyJpZCI6Mzc4OSwidXJsIjoiaHR0cHM6XC9cL3B1bHNhaXIubmV0XC93cC1jb250ZW50XC91cGxvYWRzXC8yMDI0XC8xMVwvMTQtMjAyNF9QdWxzLUF1c3RyaWEtMTQ2Ny5qcGciLCJzbGlkZXNob3ciOiIxNmFkMjgyIn0%3D\" href='https:\/\/pulsair.net\/wp-content\/uploads\/2024\/11\/14-2024_Puls-Austria-1467.jpg'><img loading=\"lazy\" decoding=\"async\" width=\"681\" height=\"1024\" src=\"https:\/\/pulsair.net\/wp-content\/uploads\/2024\/11\/14-2024_Puls-Austria-1467-681x1024.jpg\" class=\"attachment-large size-large\" alt=\"\" srcset=\"https:\/\/pulsair.net\/wp-content\/uploads\/2024\/11\/14-2024_Puls-Austria-1467-681x1024.jpg 681w, https:\/\/pulsair.net\/wp-content\/uploads\/2024\/11\/14-2024_Puls-Austria-1467-200x300.jpg 200w, https:\/\/pulsair.net\/wp-content\/uploads\/2024\/11\/14-2024_Puls-Austria-1467-768x1155.jpg 768w, https:\/\/pulsair.net\/wp-content\/uploads\/2024\/11\/14-2024_Puls-Austria-1467-1022x1536.jpg 1022w, https:\/\/pulsair.net\/wp-content\/uploads\/2024\/11\/14-2024_Puls-Austria-1467-600x902.jpg 600w, https:\/\/pulsair.net\/wp-content\/uploads\/2024\/11\/14-2024_Puls-Austria-1467.jpg 1277w\" sizes=\"(max-width: 681px) 100vw, 681px\" \/><\/a>\n\t\t\t<\/dt><\/dl><dl class='gallery-item'>\n\t\t\t<dt class='gallery-icon portrait'>\n\t\t\t\t<a data-elementor-open-lightbox=\"yes\" data-elementor-lightbox-slideshow=\"16ad282\" data-elementor-lightbox-title=\"Anton Hawle Betriebsleiter KFZ- Techniker Mst.\" data-e-action-hash=\"#elementor-action%3Aaction%3Dlightbox%26settings%3DeyJpZCI6Mzc4OCwidXJsIjoiaHR0cHM6XC9cL3B1bHNhaXIubmV0XC93cC1jb250ZW50XC91cGxvYWRzXC8yMDI0XC8xMVwvOC0yMDI0X1B1bHMtQXVzdHJpYS0xNDUzLmpwZyIsInNsaWRlc2hvdyI6IjE2YWQyODIifQ%3D%3D\" data-elementor-lightbox-description=\"Anton Hawle Betriebsleiter KFZ- Techniker Mst.\" href='https:\/\/pulsair.net\/wp-content\/uploads\/2024\/11\/8-2024_Puls-Austria-1453.jpg'><img loading=\"lazy\" decoding=\"async\" width=\"681\" height=\"1024\" src=\"https:\/\/pulsair.net\/wp-content\/uploads\/2024\/11\/8-2024_Puls-Austria-1453-681x1024.jpg\" class=\"attachment-large size-large\" alt=\"Anton Hawle Betriebsleiter KFZ- Techniker Mst.\" aria-describedby=\"gallery-1-3788\" srcset=\"https:\/\/pulsair.net\/wp-content\/uploads\/2024\/11\/8-2024_Puls-Austria-1453-681x1024.jpg 681w, https:\/\/pulsair.net\/wp-content\/uploads\/2024\/11\/8-2024_Puls-Austria-1453-200x300.jpg 200w, https:\/\/pulsair.net\/wp-content\/uploads\/2024\/11\/8-2024_Puls-Austria-1453-768x1155.jpg 768w, https:\/\/pulsair.net\/wp-content\/uploads\/2024\/11\/8-2024_Puls-Austria-1453-1022x1536.jpg 1022w, https:\/\/pulsair.net\/wp-content\/uploads\/2024\/11\/8-2024_Puls-Austria-1453-600x902.jpg 600w, https:\/\/pulsair.net\/wp-content\/uploads\/2024\/11\/8-2024_Puls-Austria-1453.jpg 1277w\" sizes=\"(max-width: 681px) 100vw, 681px\" \/><\/a>\n\t\t\t<\/dt>\n\t\t\t\t<dd class='wp-caption-text gallery-caption' id='gallery-1-3788'>\n\t\t\t\tAnton Hawle Betriebsleiter KFZ- Techniker Mst.\n\t\t\t\t<\/dd><\/dl><dl class='gallery-item'>\n\t\t\t<dt class='gallery-icon landscape'>\n\t\t\t\t<a data-elementor-open-lightbox=\"yes\" data-elementor-lightbox-slideshow=\"16ad282\" data-elementor-lightbox-title=\"41 - 2024_Puls Austria-1582\" data-e-action-hash=\"#elementor-action%3Aaction%3Dlightbox%26settings%3DeyJpZCI6Mzc4MywidXJsIjoiaHR0cHM6XC9cL3B1bHNhaXIubmV0XC93cC1jb250ZW50XC91cGxvYWRzXC8yMDI0XC8xMVwvNDEtMjAyNF9QdWxzLUF1c3RyaWEtMTU4Mi5qcGciLCJzbGlkZXNob3ciOiIxNmFkMjgyIn0%3D\" data-elementor-lightbox-description=\"Anton Hawle Betriebsleiter KFZ- Techniker Mst.\" href='https:\/\/pulsair.net\/wp-content\/uploads\/2024\/11\/41-2024_Puls-Austria-1582.jpg'><img loading=\"lazy\" decoding=\"async\" width=\"1024\" height=\"681\" src=\"https:\/\/pulsair.net\/wp-content\/uploads\/2024\/11\/41-2024_Puls-Austria-1582-1024x681.jpg\" class=\"attachment-large size-large\" alt=\"\" srcset=\"https:\/\/pulsair.net\/wp-content\/uploads\/2024\/11\/41-2024_Puls-Austria-1582-1024x681.jpg 1024w, https:\/\/pulsair.net\/wp-content\/uploads\/2024\/11\/41-2024_Puls-Austria-1582-300x200.jpg 300w, https:\/\/pulsair.net\/wp-content\/uploads\/2024\/11\/41-2024_Puls-Austria-1582-768x511.jpg 768w, https:\/\/pulsair.net\/wp-content\/uploads\/2024\/11\/41-2024_Puls-Austria-1582-1536x1022.jpg 1536w, https:\/\/pulsair.net\/wp-content\/uploads\/2024\/11\/41-2024_Puls-Austria-1582-600x399.jpg 600w, https:\/\/pulsair.net\/wp-content\/uploads\/2024\/11\/41-2024_Puls-Austria-1582.jpg 1920w\" sizes=\"(max-width: 1024px) 100vw, 1024px\" \/><\/a>\n\t\t\t<\/dt><\/dl><br style=\"clear: both\" \/><dl class='gallery-item'>\n\t\t\t<dt class='gallery-icon portrait'>\n\t\t\t\t<a data-elementor-open-lightbox=\"yes\" data-elementor-lightbox-slideshow=\"16ad282\" data-elementor-lightbox-title=\"20 - 2024_Puls Austria-1479\" data-e-action-hash=\"#elementor-action%3Aaction%3Dlightbox%26settings%3DeyJpZCI6Mzc4MiwidXJsIjoiaHR0cHM6XC9cL3B1bHNhaXIubmV0XC93cC1jb250ZW50XC91cGxvYWRzXC8yMDI0XC8xMVwvMjAtMjAyNF9QdWxzLUF1c3RyaWEtMTQ3OS5qcGciLCJzbGlkZXNob3ciOiIxNmFkMjgyIn0%3D\" data-elementor-lightbox-description=\"Anton Hawle Betriebsleiter KFZ- Techniker Mst.\" href='https:\/\/pulsair.net\/wp-content\/uploads\/2024\/11\/20-2024_Puls-Austria-1479.jpg'><img loading=\"lazy\" decoding=\"async\" width=\"682\" height=\"1024\" src=\"https:\/\/pulsair.net\/wp-content\/uploads\/2024\/11\/20-2024_Puls-Austria-1479-682x1024.jpg\" class=\"attachment-large size-large\" alt=\"\" srcset=\"https:\/\/pulsair.net\/wp-content\/uploads\/2024\/11\/20-2024_Puls-Austria-1479-682x1024.jpg 682w, https:\/\/pulsair.net\/wp-content\/uploads\/2024\/11\/20-2024_Puls-Austria-1479-200x300.jpg 200w, https:\/\/pulsair.net\/wp-content\/uploads\/2024\/11\/20-2024_Puls-Austria-1479-768x1154.jpg 768w, https:\/\/pulsair.net\/wp-content\/uploads\/2024\/11\/20-2024_Puls-Austria-1479-1022x1536.jpg 1022w, https:\/\/pulsair.net\/wp-content\/uploads\/2024\/11\/20-2024_Puls-Austria-1479-600x901.jpg 600w, https:\/\/pulsair.net\/wp-content\/uploads\/2024\/11\/20-2024_Puls-Austria-1479.jpg 1278w\" sizes=\"(max-width: 682px) 100vw, 682px\" \/><\/a>\n\t\t\t<\/dt><\/dl><dl class='gallery-item'>\n\t\t\t<dt class='gallery-icon landscape'>\n\t\t\t\t<a data-elementor-open-lightbox=\"yes\" data-elementor-lightbox-slideshow=\"16ad282\" data-elementor-lightbox-title=\"45 - 2024_Puls Austria-1611 darkcut\" data-e-action-hash=\"#elementor-action%3Aaction%3Dlightbox%26settings%3DeyJpZCI6Mzc3OSwidXJsIjoiaHR0cHM6XC9cL3B1bHNhaXIubmV0XC93cC1jb250ZW50XC91cGxvYWRzXC8yMDI0XC8xMVwvNDUtMjAyNF9QdWxzLUF1c3RyaWEtMTYxMS1kYXJrY3V0LmpwZyIsInNsaWRlc2hvdyI6IjE2YWQyODIifQ%3D%3D\" data-elementor-lightbox-description=\"Anton Hawle Betriebsleiter KFZ- Techniker Mst.\" href='https:\/\/pulsair.net\/wp-content\/uploads\/2024\/11\/45-2024_Puls-Austria-1611-darkcut.jpg'><img loading=\"lazy\" decoding=\"async\" width=\"1024\" height=\"357\" src=\"https:\/\/pulsair.net\/wp-content\/uploads\/2024\/11\/45-2024_Puls-Austria-1611-darkcut-1024x357.jpg\" class=\"attachment-large size-large\" alt=\"\" srcset=\"https:\/\/pulsair.net\/wp-content\/uploads\/2024\/11\/45-2024_Puls-Austria-1611-darkcut-1024x357.jpg 1024w, https:\/\/pulsair.net\/wp-content\/uploads\/2024\/11\/45-2024_Puls-Austria-1611-darkcut-300x105.jpg 300w, https:\/\/pulsair.net\/wp-content\/uploads\/2024\/11\/45-2024_Puls-Austria-1611-darkcut-768x268.jpg 768w, https:\/\/pulsair.net\/wp-content\/uploads\/2024\/11\/45-2024_Puls-Austria-1611-darkcut-1536x536.jpg 1536w, https:\/\/pulsair.net\/wp-content\/uploads\/2024\/11\/45-2024_Puls-Austria-1611-darkcut-600x209.jpg 600w, https:\/\/pulsair.net\/wp-content\/uploads\/2024\/11\/45-2024_Puls-Austria-1611-darkcut.jpg 1920w\" sizes=\"(max-width: 1024px) 100vw, 1024px\" \/><\/a>\n\t\t\t<\/dt><\/dl><dl class='gallery-item'>\n\t\t\t<dt class='gallery-icon landscape'>\n\t\t\t\t<a data-elementor-open-lightbox=\"yes\" data-elementor-lightbox-slideshow=\"16ad282\" data-elementor-lightbox-title=\"45 - 2024_Puls Austria-1611 dark\" data-e-action-hash=\"#elementor-action%3Aaction%3Dlightbox%26settings%3DeyJpZCI6Mzc3OCwidXJsIjoiaHR0cHM6XC9cL3B1bHNhaXIubmV0XC93cC1jb250ZW50XC91cGxvYWRzXC8yMDI0XC8xMVwvNDUtMjAyNF9QdWxzLUF1c3RyaWEtMTYxMS1kYXJrLmpwZyIsInNsaWRlc2hvdyI6IjE2YWQyODIifQ%3D%3D\" data-elementor-lightbox-description=\"Anton Hawle Betriebsleiter KFZ- Techniker Mst.\" href='https:\/\/pulsair.net\/wp-content\/uploads\/2024\/11\/45-2024_Puls-Austria-1611-dark.jpg'><img loading=\"lazy\" decoding=\"async\" width=\"1024\" height=\"681\" src=\"https:\/\/pulsair.net\/wp-content\/uploads\/2024\/11\/45-2024_Puls-Austria-1611-dark-1024x681.jpg\" class=\"attachment-large size-large\" alt=\"\" srcset=\"https:\/\/pulsair.net\/wp-content\/uploads\/2024\/11\/45-2024_Puls-Austria-1611-dark-1024x681.jpg 1024w, https:\/\/pulsair.net\/wp-content\/uploads\/2024\/11\/45-2024_Puls-Austria-1611-dark-300x200.jpg 300w, https:\/\/pulsair.net\/wp-content\/uploads\/2024\/11\/45-2024_Puls-Austria-1611-dark-768x511.jpg 768w, https:\/\/pulsair.net\/wp-content\/uploads\/2024\/11\/45-2024_Puls-Austria-1611-dark-1536x1022.jpg 1536w, https:\/\/pulsair.net\/wp-content\/uploads\/2024\/11\/45-2024_Puls-Austria-1611-dark-600x399.jpg 600w, https:\/\/pulsair.net\/wp-content\/uploads\/2024\/11\/45-2024_Puls-Austria-1611-dark.jpg 1920w\" sizes=\"(max-width: 1024px) 100vw, 1024px\" \/><\/a>\n\t\t\t<\/dt><\/dl><br style=\"clear: both\" \/>\n\t\t<\/div>\n\t\t<\/div>\n\t\t\t\t\t\t<\/div>\n\t\t\t\t<\/div>\n\t\t\t\t\t<\/div>\n\t\t<\/div>\n\t\t\t\t\t<\/div>\n\t\t<\/section>\n\t\t\t\t<section class=\"elementor-section elementor-top-section elementor-element elementor-element-a5cc4db elementor-section-boxed elementor-section-height-default elementor-section-height-default\" data-id=\"a5cc4db\" data-element_type=\"section\" data-e-type=\"section\">\n\t\t\t\t\t\t<div class=\"elementor-container elementor-column-gap-default\">\n\t\t\t\t\t<div class=\"elementor-column elementor-col-50 elementor-top-column elementor-element elementor-element-a933b9e\" data-id=\"a933b9e\" data-element_type=\"column\" data-e-type=\"column\">\n\t\t\t<div class=\"elementor-widget-wrap elementor-element-populated\">\n\t\t\t\t\t\t<div class=\"elementor-element elementor-element-12357de elementor-widget elementor-widget-image\" data-id=\"12357de\" data-element_type=\"widget\" data-e-type=\"widget\" data-widget_type=\"image.default\">\n\t\t\t\t<div class=\"elementor-widget-container\">\n\t\t\t\t\t\t\t\t\t\t\t\t\t\t\t\t<a href=\"http:\/\/pulsair.net\/wp-content\/uploads\/2023\/12\/Zeichenflaeche-1-Kopie.png\" data-elementor-open-lightbox=\"yes\" data-elementor-lightbox-title=\"W\u00e4rmeverteilung Puls-air\" data-elementor-lightbox-description=\"W\u00e4rmeverteilung Puls-air\" data-e-action-hash=\"#elementor-action%3Aaction%3Dlightbox%26settings%3DeyJpZCI6Mjk1MywidXJsIjoiaHR0cHM6XC9cL3B1bHNhaXIubmV0XC93cC1jb250ZW50XC91cGxvYWRzXC8yMDIzXC8xMlwvWmVpY2hlbmZsYWVjaGUtMS1Lb3BpZS5wbmcifQ%3D%3D\">\n\t\t\t\t\t\t\t<img loading=\"lazy\" decoding=\"async\" width=\"1024\" height=\"778\" src=\"https:\/\/pulsair.net\/wp-content\/uploads\/2023\/12\/Zeichenflaeche-1-Kopie-1024x778.png\" class=\"attachment-large size-large wp-image-2953\" alt=\"W\u00e4rmeverteilung Puls-air\" srcset=\"https:\/\/pulsair.net\/wp-content\/uploads\/2023\/12\/Zeichenflaeche-1-Kopie-1024x778.png 1024w, https:\/\/pulsair.net\/wp-content\/uploads\/2023\/12\/Zeichenflaeche-1-Kopie-300x228.png 300w, https:\/\/pulsair.net\/wp-content\/uploads\/2023\/12\/Zeichenflaeche-1-Kopie-768x583.png 768w, https:\/\/pulsair.net\/wp-content\/uploads\/2023\/12\/Zeichenflaeche-1-Kopie-600x456.png 600w, https:\/\/pulsair.net\/wp-content\/uploads\/2023\/12\/Zeichenflaeche-1-Kopie.png 1317w\" sizes=\"(max-width: 1024px) 100vw, 1024px\" \/>\t\t\t\t\t\t\t\t<\/a>\n\t\t\t\t\t\t\t\t\t\t\t\t\t\t\t<\/div>\n\t\t\t\t<\/div>\n\t\t\t\t\t<\/div>\n\t\t<\/div>\n\t\t\t\t<div class=\"elementor-column elementor-col-50 elementor-top-column elementor-element elementor-element-391c405\" data-id=\"391c405\" data-element_type=\"column\" data-e-type=\"column\">\n\t\t\t<div class=\"elementor-widget-wrap elementor-element-populated\">\n\t\t\t\t\t\t<div class=\"elementor-element elementor-element-9e0d99b elementor-widget elementor-widget-image\" data-id=\"9e0d99b\" data-element_type=\"widget\" data-e-type=\"widget\" data-widget_type=\"image.default\">\n\t\t\t\t<div class=\"elementor-widget-container\">\n\t\t\t\t\t\t\t\t\t\t\t\t\t\t\t\t<a href=\"http:\/\/pulsair.net\/wp-content\/uploads\/2023\/12\/Zeichenflaeche-1.png\" data-elementor-open-lightbox=\"yes\" data-elementor-lightbox-title=\"W\u00e4rmeverteilung Deckengebl\u00e4se\" data-elementor-lightbox-description=\"W\u00e4rmeverteilung Deckengebl\u00e4se\" data-e-action-hash=\"#elementor-action%3Aaction%3Dlightbox%26settings%3DeyJpZCI6Mjk1MiwidXJsIjoiaHR0cHM6XC9cL3B1bHNhaXIubmV0XC93cC1jb250ZW50XC91cGxvYWRzXC8yMDIzXC8xMlwvWmVpY2hlbmZsYWVjaGUtMS5wbmcifQ%3D%3D\">\n\t\t\t\t\t\t\t<img loading=\"lazy\" decoding=\"async\" width=\"1024\" height=\"778\" src=\"https:\/\/pulsair.net\/wp-content\/uploads\/2023\/12\/Zeichenflaeche-1-1024x778.png\" class=\"attachment-large size-large wp-image-2952\" alt=\"W\u00e4rmeverteilung Deckengebl\u00e4se\" srcset=\"https:\/\/pulsair.net\/wp-content\/uploads\/2023\/12\/Zeichenflaeche-1-1024x778.png 1024w, https:\/\/pulsair.net\/wp-content\/uploads\/2023\/12\/Zeichenflaeche-1-300x228.png 300w, https:\/\/pulsair.net\/wp-content\/uploads\/2023\/12\/Zeichenflaeche-1-768x584.png 768w, https:\/\/pulsair.net\/wp-content\/uploads\/2023\/12\/Zeichenflaeche-1-600x456.png 600w, https:\/\/pulsair.net\/wp-content\/uploads\/2023\/12\/Zeichenflaeche-1.png 1316w\" sizes=\"(max-width: 1024px) 100vw, 1024px\" \/>\t\t\t\t\t\t\t\t<\/a>\n\t\t\t\t\t\t\t\t\t\t\t\t\t\t\t<\/div>\n\t\t\t\t<\/div>\n\t\t\t\t\t<\/div>\n\t\t<\/div>\n\t\t\t\t\t<\/div>\n\t\t<\/section>\n\t\t\t\t<section class=\"elementor-section elementor-top-section elementor-element elementor-element-19aa3d5 elementor-hidden-desktop elementor-hidden-tablet elementor-hidden-phone elementor-section-boxed elementor-section-height-default elementor-section-height-default\" data-id=\"19aa3d5\" data-element_type=\"section\" data-e-type=\"section\" data-settings=\"{&quot;background_background&quot;:&quot;classic&quot;}\">\n\t\t\t\t\t\t<div class=\"elementor-container elementor-column-gap-default\">\n\t\t\t\t\t<div class=\"elementor-column elementor-col-100 elementor-top-column elementor-element elementor-element-b7f44eb\" data-id=\"b7f44eb\" data-element_type=\"column\" data-e-type=\"column\">\n\t\t\t<div class=\"elementor-widget-wrap elementor-element-populated\">\n\t\t\t\t\t\t<div class=\"elementor-element elementor-element-5f78d1e elementor-widget elementor-widget-text-editor\" data-id=\"5f78d1e\" data-element_type=\"widget\" data-e-type=\"widget\" data-widget_type=\"text-editor.default\">\n\t\t\t\t<div class=\"elementor-widget-container\">\n\t\t\t\t\t\t\t\t\t<h2>Le chauffage adapt\u00e9 \u00e0 tous les ateliers et halls<\/h2><p>Il existe 2 mod\u00e8les de Puls-air. Puls-air Standard jusqu'\u00e0 600 m\u00b3 et Puls-air Plus jusqu'\u00e0 1.800 m\u00b3. Les deux valeurs avec une tr\u00e8s bonne isolation. Pour les locaux plus grands, il est \u00e9galement possible de combiner plusieurs appareils.<\/p><h2>Pourquoi l'air puls\u00e9 est-il beaucoup plus \u00e9conomique ?<\/h2><p>Les ventilateurs de plafond traditionnels perdent beaucoup de chaleur dans de longues conduites. Le chauffage de grandes quantit\u00e9s d'eau dans le chauffe-eau n\u00e9cessite \u00e9galement beaucoup d'\u00e9nergie. De plus, les br\u00fbleurs \u00e0 mazout traditionnels ont un mauvais rendement. Avec Puls-air, le rendement est de 97 %, ce qui signifie que presque tout le carburant introduit est transform\u00e9 en chaleur. De plus, Puls-air se trouve au sol de la pi\u00e8ce \u00e0 chauffer, lib\u00e8re l'air chaud l\u00e0 o\u00f9 l'on travaille et cr\u00e9e dans la pi\u00e8ce un rouleau d'air thermique qui tourne lentement. L'air n'est pas toujours chauff\u00e9 \u00e0 partir de 0, mais pr\u00e9chauff\u00e9, il est toujours tir\u00e9 \u00e0 travers l'appareil de chauffage.<\/p><h2>Bruit de fonctionnement et pollution par la poussi\u00e8re<\/h2><p>GF Schinagl a \u00e9galement constat\u00e9 que le bruit de fonctionnement de Puls-air est nettement plus agr\u00e9able et qu'il soul\u00e8ve beaucoup moins de poussi\u00e8re que les souffleries de plafond.<\/p>\t\t\t\t\t\t\t\t<\/div>\n\t\t\t\t<\/div>\n\t\t\t\t\t<\/div>\n\t\t<\/div>\n\t\t\t\t\t<\/div>\n\t\t<\/section>\n\t\t\t\t<section class=\"elementor-section elementor-top-section elementor-element elementor-element-05d5797 elementor-section-boxed elementor-section-height-default elementor-section-height-default\" data-id=\"05d5797\" data-element_type=\"section\" data-e-type=\"section\">\n\t\t\t\t\t\t<div class=\"elementor-container elementor-column-gap-default\">\n\t\t\t\t\t<div class=\"elementor-column elementor-col-100 elementor-top-column elementor-element elementor-element-77a0251\" data-id=\"77a0251\" data-element_type=\"column\" data-e-type=\"column\">\n\t\t\t<div class=\"elementor-widget-wrap elementor-element-populated\">\n\t\t\t\t\t\t<div class=\"elementor-element elementor-element-06d753c elementor-widget elementor-widget-text-editor\" data-id=\"06d753c\" data-element_type=\"widget\" data-e-type=\"widget\" data-widget_type=\"text-editor.default\">\n\t\t\t\t<div class=\"elementor-widget-container\">\n\t\t\t\t\t\t\t\t\t<div class=\"titel_cst\"><div class=\"titel_cst_big\"><h2 class=\"Titel\">Autres r\u00e9f\u00e9rences :<\/h2><\/div><\/div>\t\t\t\t\t\t\t\t<\/div>\n\t\t\t\t<\/div>\n\t\t\t\t<div class=\"elementor-element elementor-element-cd53b0b elementor-grid-3 elementor-grid-tablet-2 elementor-grid-mobile-1 elementor-posts--thumbnail-top elementor-card-shadow-yes elementor-posts__hover-gradient elementor-widget elementor-widget-global elementor-global-1038 elementor-widget-posts\" data-id=\"cd53b0b\" data-element_type=\"widget\" data-e-type=\"widget\" data-settings=\"{&quot;cards_masonry&quot;:&quot;yes&quot;,&quot;cards_columns&quot;:&quot;3&quot;,&quot;cards_columns_tablet&quot;:&quot;2&quot;,&quot;cards_columns_mobile&quot;:&quot;1&quot;,&quot;cards_row_gap&quot;:{&quot;unit&quot;:&quot;px&quot;,&quot;size&quot;:35,&quot;sizes&quot;:[]},&quot;cards_row_gap_tablet&quot;:{&quot;unit&quot;:&quot;px&quot;,&quot;size&quot;:&quot;&quot;,&quot;sizes&quot;:[]},&quot;cards_row_gap_mobile&quot;:{&quot;unit&quot;:&quot;px&quot;,&quot;size&quot;:&quot;&quot;,&quot;sizes&quot;:[]}}\" data-widget_type=\"posts.cards\">\n\t\t\t\t<div class=\"elementor-widget-container\">\n\t\t\t\t\t\t\t<div class=\"elementor-posts-container elementor-posts elementor-posts--skin-cards elementor-grid\" role=\"list\">\n\t\t\t\t<article class=\"elementor-post elementor-grid-item post-5109 post type-post status-publish format-standard has-post-thumbnail hentry category-deutschland category-referenz\" role=\"listitem\">\n\t\t\t<div class=\"elementor-post__card\">\n\t\t\t\t<a class=\"elementor-post__thumbnail__link\" href=\"https:\/\/pulsair.net\/fr\/referenz\/auto-lackier-center-bamberg\/\" tabindex=\"-1\" ><div class=\"elementor-post__thumbnail\"><img loading=\"lazy\" decoding=\"async\" width=\"640\" height=\"480\" src=\"https:\/\/pulsair.net\/wp-content\/uploads\/2026\/03\/unnamed-2.jpg\" class=\"attachment-full size-full wp-image-5111\" alt=\"\" srcset=\"https:\/\/pulsair.net\/wp-content\/uploads\/2026\/03\/unnamed-2.jpg 640w, https:\/\/pulsair.net\/wp-content\/uploads\/2026\/03\/unnamed-2-300x225.jpg 300w, https:\/\/pulsair.net\/wp-content\/uploads\/2026\/03\/unnamed-2-16x12.jpg 16w, https:\/\/pulsair.net\/wp-content\/uploads\/2026\/03\/unnamed-2-600x450.jpg 600w\" sizes=\"(max-width: 640px) 100vw, 640px\" \/><\/div><\/a>\n\t\t\t\t<div class=\"elementor-post__text\">\n\t\t\t\t<h3 class=\"elementor-post__title\">\n\t\t\t<a href=\"https:\/\/pulsair.net\/fr\/referenz\/auto-lackier-center-bamberg\/\" >\n\t\t\t\tAUTO-LACKIER-CENTER &#038; KAROSSERIEFACHBETRIEB, Bamberg, Deutschland &#x1f1e9;&#x1f1ea;\t\t\t<\/a>\n\t\t<\/h3>\n\t\t\n\t\t<a class=\"elementor-post__read-more\" href=\"https:\/\/pulsair.net\/fr\/referenz\/auto-lackier-center-bamberg\/\" aria-label=\"Read more about AUTO-LACKIER-CENTER &#038; KAROSSERIEFACHBETRIEB, Bamberg, Deutschland &#x1f1e9;&#x1f1ea;\" tabindex=\"-1\" >\n\t\t\tZur Referenz &gt;&gt;\t\t<\/a>\n\n\t\t\t\t<\/div>\n\t\t\t\t<div class=\"elementor-post__meta-data\">\n\t\t\t\t\t<span class=\"elementor-post-date\">\n\t\t\tmars 30, 2026\t\t<\/span>\n\t\t\t\t<\/div>\n\t\t\t\t\t<\/div>\n\t\t<\/article>\n\t\t\t\t<article class=\"elementor-post elementor-grid-item post-5098 post type-post status-publish format-standard has-post-thumbnail hentry category-deutschland category-referenz\" role=\"listitem\">\n\t\t\t<div class=\"elementor-post__card\">\n\t\t\t\t<a class=\"elementor-post__thumbnail__link\" href=\"https:\/\/pulsair.net\/fr\/referenz\/autohaus-schroeder-gmbh-bad-oldesloe\/\" tabindex=\"-1\" ><div class=\"elementor-post__thumbnail\"><img loading=\"lazy\" decoding=\"async\" width=\"1920\" height=\"1440\" src=\"https:\/\/pulsair.net\/wp-content\/uploads\/2026\/03\/P1280095-SchrAder-4.jpg\" class=\"attachment-full size-full wp-image-5100\" alt=\"\" srcset=\"https:\/\/pulsair.net\/wp-content\/uploads\/2026\/03\/P1280095-SchrAder-4.jpg 1920w, https:\/\/pulsair.net\/wp-content\/uploads\/2026\/03\/P1280095-SchrAder-4-300x225.jpg 300w, https:\/\/pulsair.net\/wp-content\/uploads\/2026\/03\/P1280095-SchrAder-4-1024x768.jpg 1024w, https:\/\/pulsair.net\/wp-content\/uploads\/2026\/03\/P1280095-SchrAder-4-768x576.jpg 768w, https:\/\/pulsair.net\/wp-content\/uploads\/2026\/03\/P1280095-SchrAder-4-1536x1152.jpg 1536w, https:\/\/pulsair.net\/wp-content\/uploads\/2026\/03\/P1280095-SchrAder-4-16x12.jpg 16w, https:\/\/pulsair.net\/wp-content\/uploads\/2026\/03\/P1280095-SchrAder-4-600x450.jpg 600w\" sizes=\"(max-width: 1920px) 100vw, 1920px\" \/><\/div><\/a>\n\t\t\t\t<div class=\"elementor-post__text\">\n\t\t\t\t<h3 class=\"elementor-post__title\">\n\t\t\t<a href=\"https:\/\/pulsair.net\/fr\/referenz\/autohaus-schroeder-gmbh-bad-oldesloe\/\" >\n\t\t\t\tAutohaus Schr\u00f6der GmbH Bad Oldesloe, Deutschland &#x1f1e9;&#x1f1ea;\t\t\t<\/a>\n\t\t<\/h3>\n\t\t\n\t\t<a class=\"elementor-post__read-more\" href=\"https:\/\/pulsair.net\/fr\/referenz\/autohaus-schroeder-gmbh-bad-oldesloe\/\" aria-label=\"Read more about Autohaus Schr\u00f6der GmbH Bad Oldesloe, Deutschland &#x1f1e9;&#x1f1ea;\" tabindex=\"-1\" >\n\t\t\tZur Referenz &gt;&gt;\t\t<\/a>\n\n\t\t\t\t<\/div>\n\t\t\t\t<div class=\"elementor-post__meta-data\">\n\t\t\t\t\t<span class=\"elementor-post-date\">\n\t\t\tmars 26, 2026\t\t<\/span>\n\t\t\t\t<\/div>\n\t\t\t\t\t<\/div>\n\t\t<\/article>\n\t\t\t\t<article class=\"elementor-post elementor-grid-item post-5086 post type-post status-publish format-standard has-post-thumbnail hentry category-deutschland category-referenz\" role=\"listitem\">\n\t\t\t<div class=\"elementor-post__card\">\n\t\t\t\t<a class=\"elementor-post__thumbnail__link\" href=\"https:\/\/pulsair.net\/fr\/referenz\/ts-carservice-thomas-stoss-schluechtern\/\" tabindex=\"-1\" ><div class=\"elementor-post__thumbnail\"><img loading=\"lazy\" decoding=\"async\" width=\"1280\" height=\"1920\" src=\"https:\/\/pulsair.net\/wp-content\/uploads\/2026\/03\/ts-pulsair_5063-ts-Car-Service-7.jpg\" class=\"attachment-full size-full wp-image-5088\" alt=\"\" srcset=\"https:\/\/pulsair.net\/wp-content\/uploads\/2026\/03\/ts-pulsair_5063-ts-Car-Service-7.jpg 1280w, https:\/\/pulsair.net\/wp-content\/uploads\/2026\/03\/ts-pulsair_5063-ts-Car-Service-7-200x300.jpg 200w, https:\/\/pulsair.net\/wp-content\/uploads\/2026\/03\/ts-pulsair_5063-ts-Car-Service-7-683x1024.jpg 683w, https:\/\/pulsair.net\/wp-content\/uploads\/2026\/03\/ts-pulsair_5063-ts-Car-Service-7-768x1152.jpg 768w, https:\/\/pulsair.net\/wp-content\/uploads\/2026\/03\/ts-pulsair_5063-ts-Car-Service-7-1024x1536.jpg 1024w, https:\/\/pulsair.net\/wp-content\/uploads\/2026\/03\/ts-pulsair_5063-ts-Car-Service-7-8x12.jpg 8w, https:\/\/pulsair.net\/wp-content\/uploads\/2026\/03\/ts-pulsair_5063-ts-Car-Service-7-600x900.jpg 600w\" sizes=\"(max-width: 1280px) 100vw, 1280px\" \/><\/div><\/a>\n\t\t\t\t<div class=\"elementor-post__text\">\n\t\t\t\t<h3 class=\"elementor-post__title\">\n\t\t\t<a href=\"https:\/\/pulsair.net\/fr\/referenz\/ts-carservice-thomas-stoss-schluechtern\/\" >\n\t\t\t\tTS-Carservice Thomas Sto\u00df Schl\u00fcchtern, Deutschland &#x1f1e9;&#x1f1ea;\t\t\t<\/a>\n\t\t<\/h3>\n\t\t\n\t\t<a class=\"elementor-post__read-more\" href=\"https:\/\/pulsair.net\/fr\/referenz\/ts-carservice-thomas-stoss-schluechtern\/\" aria-label=\"Read more about TS-Carservice Thomas Sto\u00df Schl\u00fcchtern, Deutschland &#x1f1e9;&#x1f1ea;\" tabindex=\"-1\" >\n\t\t\tZur Referenz &gt;&gt;\t\t<\/a>\n\n\t\t\t\t<\/div>\n\t\t\t\t<div class=\"elementor-post__meta-data\">\n\t\t\t\t\t<span class=\"elementor-post-date\">\n\t\t\tmars 26, 2026\t\t<\/span>\n\t\t\t\t<\/div>\n\t\t\t\t\t<\/div>\n\t\t<\/article>\n\t\t\t\t<article class=\"elementor-post elementor-grid-item post-5074 post type-post status-publish format-standard has-post-thumbnail hentry category-deutschland category-referenz\" role=\"listitem\">\n\t\t\t<div class=\"elementor-post__card\">\n\t\t\t\t<a class=\"elementor-post__thumbnail__link\" href=\"https:\/\/pulsair.net\/fr\/referenz\/autohaus-richter-gmbh-bitterfeld-wolfen\/\" tabindex=\"-1\" ><div class=\"elementor-post__thumbnail\"><img loading=\"lazy\" decoding=\"async\" width=\"1920\" height=\"1280\" src=\"https:\/\/pulsair.net\/wp-content\/uploads\/2026\/03\/foto-grehl-1MP-7246.jpg\" class=\"attachment-full size-full wp-image-5076\" alt=\"\" srcset=\"https:\/\/pulsair.net\/wp-content\/uploads\/2026\/03\/foto-grehl-1MP-7246.jpg 1920w, https:\/\/pulsair.net\/wp-content\/uploads\/2026\/03\/foto-grehl-1MP-7246-300x200.jpg 300w, https:\/\/pulsair.net\/wp-content\/uploads\/2026\/03\/foto-grehl-1MP-7246-1024x683.jpg 1024w, https:\/\/pulsair.net\/wp-content\/uploads\/2026\/03\/foto-grehl-1MP-7246-768x512.jpg 768w, https:\/\/pulsair.net\/wp-content\/uploads\/2026\/03\/foto-grehl-1MP-7246-1536x1024.jpg 1536w, https:\/\/pulsair.net\/wp-content\/uploads\/2026\/03\/foto-grehl-1MP-7246-18x12.jpg 18w, https:\/\/pulsair.net\/wp-content\/uploads\/2026\/03\/foto-grehl-1MP-7246-600x400.jpg 600w\" sizes=\"(max-width: 1920px) 100vw, 1920px\" \/><\/div><\/a>\n\t\t\t\t<div class=\"elementor-post__text\">\n\t\t\t\t<h3 class=\"elementor-post__title\">\n\t\t\t<a href=\"https:\/\/pulsair.net\/fr\/referenz\/autohaus-richter-gmbh-bitterfeld-wolfen\/\" >\n\t\t\t\tAutohaus Richter GmbH Bitterfeld-Wolfen, Deutschland &#x1f1e9;&#x1f1ea;\t\t\t<\/a>\n\t\t<\/h3>\n\t\t\n\t\t<a class=\"elementor-post__read-more\" href=\"https:\/\/pulsair.net\/fr\/referenz\/autohaus-richter-gmbh-bitterfeld-wolfen\/\" aria-label=\"Read more about Autohaus Richter GmbH Bitterfeld-Wolfen, Deutschland &#x1f1e9;&#x1f1ea;\" tabindex=\"-1\" >\n\t\t\tZur Referenz &gt;&gt;\t\t<\/a>\n\n\t\t\t\t<\/div>\n\t\t\t\t<div class=\"elementor-post__meta-data\">\n\t\t\t\t\t<span class=\"elementor-post-date\">\n\t\t\tmars 26, 2026\t\t<\/span>\n\t\t\t\t<\/div>\n\t\t\t\t\t<\/div>\n\t\t<\/article>\n\t\t\t\t<article class=\"elementor-post elementor-grid-item post-5056 post type-post status-publish format-standard has-post-thumbnail hentry category-deutschland category-referenz\" role=\"listitem\">\n\t\t\t<div class=\"elementor-post__card\">\n\t\t\t\t<a class=\"elementor-post__thumbnail__link\" href=\"https:\/\/pulsair.net\/fr\/referenz\/1a-autoservice-martin-distner-eslarn\/\" tabindex=\"-1\" ><div class=\"elementor-post__thumbnail\"><img loading=\"lazy\" decoding=\"async\" width=\"1709\" height=\"2560\" src=\"https:\/\/pulsair.net\/wp-content\/uploads\/2026\/03\/DSCF2467-scaled.jpg\" class=\"attachment-full size-full wp-image-5060\" alt=\"\" srcset=\"https:\/\/pulsair.net\/wp-content\/uploads\/2026\/03\/DSCF2467-scaled.jpg 1709w, https:\/\/pulsair.net\/wp-content\/uploads\/2026\/03\/DSCF2467-200x300.jpg 200w, https:\/\/pulsair.net\/wp-content\/uploads\/2026\/03\/DSCF2467-684x1024.jpg 684w, https:\/\/pulsair.net\/wp-content\/uploads\/2026\/03\/DSCF2467-768x1150.jpg 768w, https:\/\/pulsair.net\/wp-content\/uploads\/2026\/03\/DSCF2467-1025x1536.jpg 1025w, https:\/\/pulsair.net\/wp-content\/uploads\/2026\/03\/DSCF2467-1367x2048.jpg 1367w, https:\/\/pulsair.net\/wp-content\/uploads\/2026\/03\/DSCF2467-8x12.jpg 8w, https:\/\/pulsair.net\/wp-content\/uploads\/2026\/03\/DSCF2467-600x899.jpg 600w\" sizes=\"(max-width: 1709px) 100vw, 1709px\" \/><\/div><\/a>\n\t\t\t\t<div class=\"elementor-post__text\">\n\t\t\t\t<h3 class=\"elementor-post__title\">\n\t\t\t<a href=\"https:\/\/pulsair.net\/fr\/referenz\/1a-autoservice-martin-distner-eslarn\/\" >\n\t\t\t\t1a autoservice Martin Distner Eslarn, Deutschland &#x1f1e9;&#x1f1ea;\t\t\t<\/a>\n\t\t<\/h3>\n\t\t\n\t\t<a class=\"elementor-post__read-more\" href=\"https:\/\/pulsair.net\/fr\/referenz\/1a-autoservice-martin-distner-eslarn\/\" aria-label=\"Read more about 1a autoservice Martin Distner Eslarn, Deutschland &#x1f1e9;&#x1f1ea;\" tabindex=\"-1\" >\n\t\t\tZur Referenz &gt;&gt;\t\t<\/a>\n\n\t\t\t\t<\/div>\n\t\t\t\t<div class=\"elementor-post__meta-data\">\n\t\t\t\t\t<span class=\"elementor-post-date\">\n\t\t\tmars 26, 2026\t\t<\/span>\n\t\t\t\t<\/div>\n\t\t\t\t\t<\/div>\n\t\t<\/article>\n\t\t\t\t<article class=\"elementor-post elementor-grid-item post-5047 post type-post status-publish format-standard has-post-thumbnail hentry category-deutschland category-referenz\" role=\"listitem\">\n\t\t\t<div class=\"elementor-post__card\">\n\t\t\t\t<a class=\"elementor-post__thumbnail__link\" href=\"https:\/\/pulsair.net\/fr\/referenz\/autohaus-bacher-gmbh-ingolstadt\/\" tabindex=\"-1\" ><div class=\"elementor-post__thumbnail\"><img loading=\"lazy\" decoding=\"async\" width=\"1920\" height=\"1280\" src=\"https:\/\/pulsair.net\/wp-content\/uploads\/2026\/03\/Bild-004.jpg\" class=\"attachment-full size-full wp-image-5049\" alt=\"\" srcset=\"https:\/\/pulsair.net\/wp-content\/uploads\/2026\/03\/Bild-004.jpg 1920w, https:\/\/pulsair.net\/wp-content\/uploads\/2026\/03\/Bild-004-300x200.jpg 300w, https:\/\/pulsair.net\/wp-content\/uploads\/2026\/03\/Bild-004-1024x683.jpg 1024w, https:\/\/pulsair.net\/wp-content\/uploads\/2026\/03\/Bild-004-768x512.jpg 768w, https:\/\/pulsair.net\/wp-content\/uploads\/2026\/03\/Bild-004-1536x1024.jpg 1536w, https:\/\/pulsair.net\/wp-content\/uploads\/2026\/03\/Bild-004-18x12.jpg 18w, https:\/\/pulsair.net\/wp-content\/uploads\/2026\/03\/Bild-004-600x400.jpg 600w\" sizes=\"(max-width: 1920px) 100vw, 1920px\" \/><\/div><\/a>\n\t\t\t\t<div class=\"elementor-post__text\">\n\t\t\t\t<h3 class=\"elementor-post__title\">\n\t\t\t<a href=\"https:\/\/pulsair.net\/fr\/referenz\/autohaus-bacher-gmbh-ingolstadt\/\" >\n\t\t\t\tAutohaus Bacher GmbH Ingolstadt, Deutschland &#x1f1e9;&#x1f1ea;\t\t\t<\/a>\n\t\t<\/h3>\n\t\t\n\t\t<a class=\"elementor-post__read-more\" href=\"https:\/\/pulsair.net\/fr\/referenz\/autohaus-bacher-gmbh-ingolstadt\/\" aria-label=\"Read more about Autohaus Bacher GmbH Ingolstadt, Deutschland &#x1f1e9;&#x1f1ea;\" tabindex=\"-1\" >\n\t\t\tZur Referenz &gt;&gt;\t\t<\/a>\n\n\t\t\t\t<\/div>\n\t\t\t\t<div class=\"elementor-post__meta-data\">\n\t\t\t\t\t<span class=\"elementor-post-date\">\n\t\t\tmars 26, 2026\t\t<\/span>\n\t\t\t\t<\/div>\n\t\t\t\t\t<\/div>\n\t\t<\/article>\n\t\t\t\t<article class=\"elementor-post elementor-grid-item post-4924 post type-post status-publish format-standard has-post-thumbnail hentry category-deutschland category-referenz\" role=\"listitem\">\n\t\t\t<div class=\"elementor-post__card\">\n\t\t\t\t<a class=\"elementor-post__thumbnail__link\" href=\"https:\/\/pulsair.net\/fr\/referenz\/stefan-alt-reidenhausen\/\" tabindex=\"-1\" ><div class=\"elementor-post__thumbnail\"><img loading=\"lazy\" decoding=\"async\" width=\"1280\" height=\"1920\" src=\"https:\/\/pulsair.net\/wp-content\/uploads\/2026\/03\/2509Alt7-5068.jpg\" class=\"attachment-full size-full wp-image-4926\" alt=\"\" srcset=\"https:\/\/pulsair.net\/wp-content\/uploads\/2026\/03\/2509Alt7-5068.jpg 1280w, https:\/\/pulsair.net\/wp-content\/uploads\/2026\/03\/2509Alt7-5068-200x300.jpg 200w, https:\/\/pulsair.net\/wp-content\/uploads\/2026\/03\/2509Alt7-5068-683x1024.jpg 683w, https:\/\/pulsair.net\/wp-content\/uploads\/2026\/03\/2509Alt7-5068-768x1152.jpg 768w, https:\/\/pulsair.net\/wp-content\/uploads\/2026\/03\/2509Alt7-5068-1024x1536.jpg 1024w, https:\/\/pulsair.net\/wp-content\/uploads\/2026\/03\/2509Alt7-5068-8x12.jpg 8w, https:\/\/pulsair.net\/wp-content\/uploads\/2026\/03\/2509Alt7-5068-600x900.jpg 600w\" sizes=\"(max-width: 1280px) 100vw, 1280px\" \/><\/div><\/a>\n\t\t\t\t<div class=\"elementor-post__text\">\n\t\t\t\t<h3 class=\"elementor-post__title\">\n\t\t\t<a href=\"https:\/\/pulsair.net\/fr\/referenz\/stefan-alt-reidenhausen\/\" >\n\t\t\t\tAtelier automobile ind\u00e9pendant Stefan Alt Reidenhausen Allemagne \ud83c\udde9\ud83c\uddea\t\t\t<\/a>\n\t\t<\/h3>\n\t\t\n\t\t<a class=\"elementor-post__read-more\" href=\"https:\/\/pulsair.net\/fr\/referenz\/stefan-alt-reidenhausen\/\" aria-label=\"Read more about Freie Kfz-werkstatt Stefan Alt Reidenhausen Deutschland &#x1f1e9;&#x1f1ea;\" tabindex=\"-1\" >\n\t\t\tZur Referenz &gt;&gt;\t\t<\/a>\n\n\t\t\t\t<\/div>\n\t\t\t\t<div class=\"elementor-post__meta-data\">\n\t\t\t\t\t<span class=\"elementor-post-date\">\n\t\t\tmars 24, 2026\t\t<\/span>\n\t\t\t\t<\/div>\n\t\t\t\t\t<\/div>\n\t\t<\/article>\n\t\t\t\t<article class=\"elementor-post elementor-grid-item post-4916 post type-post status-publish format-standard has-post-thumbnail hentry category-deutschland category-referenz\" role=\"listitem\">\n\t\t\t<div class=\"elementor-post__card\">\n\t\t\t\t<a class=\"elementor-post__thumbnail__link\" href=\"https:\/\/pulsair.net\/fr\/referenz\/auto-wohlschlager-rohrdorf-achenmuehle\/\" tabindex=\"-1\" ><div class=\"elementor-post__thumbnail\"><img loading=\"lazy\" decoding=\"async\" width=\"1512\" height=\"2016\" src=\"https:\/\/pulsair.net\/wp-content\/uploads\/2026\/03\/bce832fd-18b0-42b4-a534-a2bbd5d6eb6b.jpg\" class=\"attachment-full size-full wp-image-4918\" alt=\"\" srcset=\"https:\/\/pulsair.net\/wp-content\/uploads\/2026\/03\/bce832fd-18b0-42b4-a534-a2bbd5d6eb6b.jpg 1512w, https:\/\/pulsair.net\/wp-content\/uploads\/2026\/03\/bce832fd-18b0-42b4-a534-a2bbd5d6eb6b-225x300.jpg 225w, https:\/\/pulsair.net\/wp-content\/uploads\/2026\/03\/bce832fd-18b0-42b4-a534-a2bbd5d6eb6b-768x1024.jpg 768w, https:\/\/pulsair.net\/wp-content\/uploads\/2026\/03\/bce832fd-18b0-42b4-a534-a2bbd5d6eb6b-1152x1536.jpg 1152w, https:\/\/pulsair.net\/wp-content\/uploads\/2026\/03\/bce832fd-18b0-42b4-a534-a2bbd5d6eb6b-9x12.jpg 9w, https:\/\/pulsair.net\/wp-content\/uploads\/2026\/03\/bce832fd-18b0-42b4-a534-a2bbd5d6eb6b-600x800.jpg 600w\" sizes=\"(max-width: 1512px) 100vw, 1512px\" \/><\/div><\/a>\n\t\t\t\t<div class=\"elementor-post__text\">\n\t\t\t\t<h3 class=\"elementor-post__title\">\n\t\t\t<a href=\"https:\/\/pulsair.net\/fr\/referenz\/auto-wohlschlager-rohrdorf-achenmuehle\/\" >\n\t\t\t\tAuto Wohlschlager Rohrdorf-Achenm\u00fchle Allemagne \ud83c\udde9\ud83c\uddea\t\t\t<\/a>\n\t\t<\/h3>\n\t\t\n\t\t<a class=\"elementor-post__read-more\" href=\"https:\/\/pulsair.net\/fr\/referenz\/auto-wohlschlager-rohrdorf-achenmuehle\/\" aria-label=\"Read more about Auto Wohlschlager Rohrdorf-Achenm\u00fchle Deutschland &#x1f1e9;&#x1f1ea;\" tabindex=\"-1\" >\n\t\t\tZur Referenz &gt;&gt;\t\t<\/a>\n\n\t\t\t\t<\/div>\n\t\t\t\t<div class=\"elementor-post__meta-data\">\n\t\t\t\t\t<span class=\"elementor-post-date\">\n\t\t\tmars 24, 2026\t\t<\/span>\n\t\t\t\t<\/div>\n\t\t\t\t\t<\/div>\n\t\t<\/article>\n\t\t\t\t<article class=\"elementor-post elementor-grid-item post-4912 post type-post status-publish format-standard has-post-thumbnail hentry category-deutschland category-referenz\" role=\"listitem\">\n\t\t\t<div class=\"elementor-post__card\">\n\t\t\t\t<a class=\"elementor-post__thumbnail__link\" href=\"https:\/\/pulsair.net\/fr\/referenz\/auto-reifenservice-wissemborski-ochtrup\/\" tabindex=\"-1\" ><div class=\"elementor-post__thumbnail\"><img loading=\"lazy\" decoding=\"async\" width=\"2560\" height=\"1920\" src=\"https:\/\/pulsair.net\/wp-content\/uploads\/2026\/03\/4096-3072-max-1-scaled.jpg\" class=\"attachment-full size-full wp-image-4914\" alt=\"\" srcset=\"https:\/\/pulsair.net\/wp-content\/uploads\/2026\/03\/4096-3072-max-1-scaled.jpg 2560w, https:\/\/pulsair.net\/wp-content\/uploads\/2026\/03\/4096-3072-max-1-300x225.jpg 300w, https:\/\/pulsair.net\/wp-content\/uploads\/2026\/03\/4096-3072-max-1-1024x768.jpg 1024w, https:\/\/pulsair.net\/wp-content\/uploads\/2026\/03\/4096-3072-max-1-768x576.jpg 768w, https:\/\/pulsair.net\/wp-content\/uploads\/2026\/03\/4096-3072-max-1-1536x1152.jpg 1536w, https:\/\/pulsair.net\/wp-content\/uploads\/2026\/03\/4096-3072-max-1-2048x1536.jpg 2048w, https:\/\/pulsair.net\/wp-content\/uploads\/2026\/03\/4096-3072-max-1-16x12.jpg 16w, https:\/\/pulsair.net\/wp-content\/uploads\/2026\/03\/4096-3072-max-1-600x450.jpg 600w\" sizes=\"(max-width: 2560px) 100vw, 2560px\" \/><\/div><\/a>\n\t\t\t\t<div class=\"elementor-post__text\">\n\t\t\t\t<h3 class=\"elementor-post__title\">\n\t\t\t<a href=\"https:\/\/pulsair.net\/fr\/referenz\/auto-reifenservice-wissemborski-ochtrup\/\" >\n\t\t\t\tAuto- u. Reifenservice Wissemborski Ochtrup Allemagne \ud83c\udde9\ud83c\uddea\t\t\t<\/a>\n\t\t<\/h3>\n\t\t\n\t\t<a class=\"elementor-post__read-more\" href=\"https:\/\/pulsair.net\/fr\/referenz\/auto-reifenservice-wissemborski-ochtrup\/\" aria-label=\"Read more about Auto- u. Reifenservice Wissemborski Ochtrup Deutschland &#x1f1e9;&#x1f1ea;\" tabindex=\"-1\" >\n\t\t\tZur Referenz &gt;&gt;\t\t<\/a>\n\n\t\t\t\t<\/div>\n\t\t\t\t<div class=\"elementor-post__meta-data\">\n\t\t\t\t\t<span class=\"elementor-post-date\">\n\t\t\tmars 24, 2026\t\t<\/span>\n\t\t\t\t<\/div>\n\t\t\t\t\t<\/div>\n\t\t<\/article>\n\t\t\t\t<article class=\"elementor-post elementor-grid-item post-4909 post type-post status-publish format-standard has-post-thumbnail hentry category-deutschland category-referenz\" role=\"listitem\">\n\t\t\t<div class=\"elementor-post__card\">\n\t\t\t\t<a class=\"elementor-post__thumbnail__link\" href=\"https:\/\/pulsair.net\/fr\/referenz\/wilhelm-rosenberg-ohg-bad-wildungen\/\" tabindex=\"-1\" ><div class=\"elementor-post__thumbnail\"><img loading=\"lazy\" decoding=\"async\" width=\"794\" height=\"794\" src=\"https:\/\/pulsair.net\/wp-content\/uploads\/2026\/03\/Puls-air-Heizgeraet-vorne-rechtscut.png\" class=\"attachment-full size-full wp-image-4819\" alt=\"\" srcset=\"https:\/\/pulsair.net\/wp-content\/uploads\/2026\/03\/Puls-air-Heizgeraet-vorne-rechtscut.png 794w, https:\/\/pulsair.net\/wp-content\/uploads\/2026\/03\/Puls-air-Heizgeraet-vorne-rechtscut-300x300.png 300w, https:\/\/pulsair.net\/wp-content\/uploads\/2026\/03\/Puls-air-Heizgeraet-vorne-rechtscut-150x150.png 150w, https:\/\/pulsair.net\/wp-content\/uploads\/2026\/03\/Puls-air-Heizgeraet-vorne-rechtscut-768x768.png 768w, https:\/\/pulsair.net\/wp-content\/uploads\/2026\/03\/Puls-air-Heizgeraet-vorne-rechtscut-12x12.png 12w, https:\/\/pulsair.net\/wp-content\/uploads\/2026\/03\/Puls-air-Heizgeraet-vorne-rechtscut-600x600.png 600w, https:\/\/pulsair.net\/wp-content\/uploads\/2026\/03\/Puls-air-Heizgeraet-vorne-rechtscut-100x100.png 100w\" sizes=\"(max-width: 794px) 100vw, 794px\" \/><\/div><\/a>\n\t\t\t\t<div class=\"elementor-post__text\">\n\t\t\t\t<h3 class=\"elementor-post__title\">\n\t\t\t<a href=\"https:\/\/pulsair.net\/fr\/referenz\/wilhelm-rosenberg-ohg-bad-wildungen\/\" >\n\t\t\t\tWilhelm Rosenberg KG Bad Wildungen, Allemagne \ud83c\udde9\ud83c\uddea\t\t\t<\/a>\n\t\t<\/h3>\n\t\t\n\t\t<a class=\"elementor-post__read-more\" href=\"https:\/\/pulsair.net\/fr\/referenz\/wilhelm-rosenberg-ohg-bad-wildungen\/\" aria-label=\"Read more about Wilhelm Rosenberg OHG Bad Wildungen, Deutschland &#x1f1e9;&#x1f1ea;\" tabindex=\"-1\" >\n\t\t\tZur Referenz &gt;&gt;\t\t<\/a>\n\n\t\t\t\t<\/div>\n\t\t\t\t<div class=\"elementor-post__meta-data\">\n\t\t\t\t\t<span class=\"elementor-post-date\">\n\t\t\tmars 24, 2026\t\t<\/span>\n\t\t\t\t<\/div>\n\t\t\t\t\t<\/div>\n\t\t<\/article>\n\t\t\t\t<article class=\"elementor-post elementor-grid-item post-4906 post type-post status-publish format-standard has-post-thumbnail hentry category-deutschland category-referenz\" role=\"listitem\">\n\t\t\t<div class=\"elementor-post__card\">\n\t\t\t\t<a class=\"elementor-post__thumbnail__link\" href=\"https:\/\/pulsair.net\/fr\/referenz\/fahrzeugtechnik-raab-langenleiten\/\" tabindex=\"-1\" ><div class=\"elementor-post__thumbnail\"><img loading=\"lazy\" decoding=\"async\" width=\"794\" height=\"794\" src=\"https:\/\/pulsair.net\/wp-content\/uploads\/2026\/03\/Puls-air-Heizgeraet-vorne-rechtscut.png\" class=\"attachment-full size-full wp-image-4819\" alt=\"\" srcset=\"https:\/\/pulsair.net\/wp-content\/uploads\/2026\/03\/Puls-air-Heizgeraet-vorne-rechtscut.png 794w, https:\/\/pulsair.net\/wp-content\/uploads\/2026\/03\/Puls-air-Heizgeraet-vorne-rechtscut-300x300.png 300w, https:\/\/pulsair.net\/wp-content\/uploads\/2026\/03\/Puls-air-Heizgeraet-vorne-rechtscut-150x150.png 150w, https:\/\/pulsair.net\/wp-content\/uploads\/2026\/03\/Puls-air-Heizgeraet-vorne-rechtscut-768x768.png 768w, https:\/\/pulsair.net\/wp-content\/uploads\/2026\/03\/Puls-air-Heizgeraet-vorne-rechtscut-12x12.png 12w, https:\/\/pulsair.net\/wp-content\/uploads\/2026\/03\/Puls-air-Heizgeraet-vorne-rechtscut-600x600.png 600w, https:\/\/pulsair.net\/wp-content\/uploads\/2026\/03\/Puls-air-Heizgeraet-vorne-rechtscut-100x100.png 100w\" sizes=\"(max-width: 794px) 100vw, 794px\" \/><\/div><\/a>\n\t\t\t\t<div class=\"elementor-post__text\">\n\t\t\t\t<h3 class=\"elementor-post__title\">\n\t\t\t<a href=\"https:\/\/pulsair.net\/fr\/referenz\/fahrzeugtechnik-raab-langenleiten\/\" >\n\t\t\t\tTechnologie automobile Raab Langenleiten Allemagne \ud83c\udde9\ud83c\uddea\t\t\t<\/a>\n\t\t<\/h3>\n\t\t\n\t\t<a class=\"elementor-post__read-more\" href=\"https:\/\/pulsair.net\/fr\/referenz\/fahrzeugtechnik-raab-langenleiten\/\" aria-label=\"Read more about Fahrzeugtechnik Raab Langenleiten Deutschland &#x1f1e9;&#x1f1ea;\" tabindex=\"-1\" >\n\t\t\tZur Referenz &gt;&gt;\t\t<\/a>\n\n\t\t\t\t<\/div>\n\t\t\t\t<div class=\"elementor-post__meta-data\">\n\t\t\t\t\t<span class=\"elementor-post-date\">\n\t\t\tmars 24, 2026\t\t<\/span>\n\t\t\t\t<\/div>\n\t\t\t\t\t<\/div>\n\t\t<\/article>\n\t\t\t\t<article class=\"elementor-post elementor-grid-item post-4902 post type-post status-publish format-standard has-post-thumbnail hentry category-deutschland category-referenz\" role=\"listitem\">\n\t\t\t<div class=\"elementor-post__card\">\n\t\t\t\t<a class=\"elementor-post__thumbnail__link\" href=\"https:\/\/pulsair.net\/fr\/referenz\/michael-schuster-ramstein-miesenbach\/\" tabindex=\"-1\" ><div class=\"elementor-post__thumbnail\"><img loading=\"lazy\" decoding=\"async\" width=\"794\" height=\"794\" src=\"https:\/\/pulsair.net\/wp-content\/uploads\/2026\/03\/Puls-air-Heizgeraet-vorne-rechtscut.png\" class=\"attachment-full size-full wp-image-4819\" alt=\"\" srcset=\"https:\/\/pulsair.net\/wp-content\/uploads\/2026\/03\/Puls-air-Heizgeraet-vorne-rechtscut.png 794w, https:\/\/pulsair.net\/wp-content\/uploads\/2026\/03\/Puls-air-Heizgeraet-vorne-rechtscut-300x300.png 300w, https:\/\/pulsair.net\/wp-content\/uploads\/2026\/03\/Puls-air-Heizgeraet-vorne-rechtscut-150x150.png 150w, https:\/\/pulsair.net\/wp-content\/uploads\/2026\/03\/Puls-air-Heizgeraet-vorne-rechtscut-768x768.png 768w, https:\/\/pulsair.net\/wp-content\/uploads\/2026\/03\/Puls-air-Heizgeraet-vorne-rechtscut-12x12.png 12w, https:\/\/pulsair.net\/wp-content\/uploads\/2026\/03\/Puls-air-Heizgeraet-vorne-rechtscut-600x600.png 600w, https:\/\/pulsair.net\/wp-content\/uploads\/2026\/03\/Puls-air-Heizgeraet-vorne-rechtscut-100x100.png 100w\" sizes=\"(max-width: 794px) 100vw, 794px\" \/><\/div><\/a>\n\t\t\t\t<div class=\"elementor-post__text\">\n\t\t\t\t<h3 class=\"elementor-post__title\">\n\t\t\t<a href=\"https:\/\/pulsair.net\/fr\/referenz\/michael-schuster-ramstein-miesenbach\/\" >\n\t\t\t\tMichael Schuster Ramstein-Miesenbach Allemagne \ud83c\udde9\ud83c\uddea\t\t\t<\/a>\n\t\t<\/h3>\n\t\t\n\t\t<a class=\"elementor-post__read-more\" href=\"https:\/\/pulsair.net\/fr\/referenz\/michael-schuster-ramstein-miesenbach\/\" aria-label=\"Read more about Michael Schuster Ramstein-Miesenbach Deutschland &#x1f1e9;&#x1f1ea;\" tabindex=\"-1\" >\n\t\t\tZur Referenz &gt;&gt;\t\t<\/a>\n\n\t\t\t\t<\/div>\n\t\t\t\t<div class=\"elementor-post__meta-data\">\n\t\t\t\t\t<span class=\"elementor-post-date\">\n\t\t\tmars 24, 2026\t\t<\/span>\n\t\t\t\t<\/div>\n\t\t\t\t\t<\/div>\n\t\t<\/article>\n\t\t\t\t<article class=\"elementor-post elementor-grid-item post-4899 post type-post status-publish format-standard has-post-thumbnail hentry category-deutschland category-referenz\" role=\"listitem\">\n\t\t\t<div class=\"elementor-post__card\">\n\t\t\t\t<a class=\"elementor-post__thumbnail__link\" href=\"https:\/\/pulsair.net\/fr\/referenz\/auto-matzinger-gmbh-niederneuching\/\" tabindex=\"-1\" ><div class=\"elementor-post__thumbnail\"><img loading=\"lazy\" decoding=\"async\" width=\"794\" height=\"794\" src=\"https:\/\/pulsair.net\/wp-content\/uploads\/2026\/03\/Puls-air-Heizgeraet-vorne-rechtscut.png\" class=\"attachment-full size-full wp-image-4819\" alt=\"\" srcset=\"https:\/\/pulsair.net\/wp-content\/uploads\/2026\/03\/Puls-air-Heizgeraet-vorne-rechtscut.png 794w, https:\/\/pulsair.net\/wp-content\/uploads\/2026\/03\/Puls-air-Heizgeraet-vorne-rechtscut-300x300.png 300w, https:\/\/pulsair.net\/wp-content\/uploads\/2026\/03\/Puls-air-Heizgeraet-vorne-rechtscut-150x150.png 150w, https:\/\/pulsair.net\/wp-content\/uploads\/2026\/03\/Puls-air-Heizgeraet-vorne-rechtscut-768x768.png 768w, https:\/\/pulsair.net\/wp-content\/uploads\/2026\/03\/Puls-air-Heizgeraet-vorne-rechtscut-12x12.png 12w, https:\/\/pulsair.net\/wp-content\/uploads\/2026\/03\/Puls-air-Heizgeraet-vorne-rechtscut-600x600.png 600w, https:\/\/pulsair.net\/wp-content\/uploads\/2026\/03\/Puls-air-Heizgeraet-vorne-rechtscut-100x100.png 100w\" sizes=\"(max-width: 794px) 100vw, 794px\" \/><\/div><\/a>\n\t\t\t\t<div class=\"elementor-post__text\">\n\t\t\t\t<h3 class=\"elementor-post__title\">\n\t\t\t<a href=\"https:\/\/pulsair.net\/fr\/referenz\/auto-matzinger-gmbh-niederneuching\/\" >\n\t\t\t\tAuto Matzinger GmbH&amp;Co.KG Niederneuching Allemagne \ud83c\udde9\ud83c\uddea\t\t\t<\/a>\n\t\t<\/h3>\n\t\t\n\t\t<a class=\"elementor-post__read-more\" href=\"https:\/\/pulsair.net\/fr\/referenz\/auto-matzinger-gmbh-niederneuching\/\" aria-label=\"Read more about Auto Matzinger GmbH&#038;Co.KG Niederneuching Deutschland &#x1f1e9;&#x1f1ea;\" tabindex=\"-1\" >\n\t\t\tZur Referenz &gt;&gt;\t\t<\/a>\n\n\t\t\t\t<\/div>\n\t\t\t\t<div class=\"elementor-post__meta-data\">\n\t\t\t\t\t<span class=\"elementor-post-date\">\n\t\t\tmars 24, 2026\t\t<\/span>\n\t\t\t\t<\/div>\n\t\t\t\t\t<\/div>\n\t\t<\/article>\n\t\t\t\t<article class=\"elementor-post elementor-grid-item post-4896 post type-post status-publish format-standard has-post-thumbnail hentry category-deutschland category-referenz\" role=\"listitem\">\n\t\t\t<div class=\"elementor-post__card\">\n\t\t\t\t<a class=\"elementor-post__thumbnail__link\" href=\"https:\/\/pulsair.net\/fr\/referenz\/georg-mais-reil\/\" tabindex=\"-1\" ><div class=\"elementor-post__thumbnail\"><img loading=\"lazy\" decoding=\"async\" width=\"794\" height=\"794\" src=\"https:\/\/pulsair.net\/wp-content\/uploads\/2026\/03\/Puls-air-Heizgeraet-vorne-rechtscut.png\" class=\"attachment-full size-full wp-image-4819\" alt=\"\" srcset=\"https:\/\/pulsair.net\/wp-content\/uploads\/2026\/03\/Puls-air-Heizgeraet-vorne-rechtscut.png 794w, https:\/\/pulsair.net\/wp-content\/uploads\/2026\/03\/Puls-air-Heizgeraet-vorne-rechtscut-300x300.png 300w, https:\/\/pulsair.net\/wp-content\/uploads\/2026\/03\/Puls-air-Heizgeraet-vorne-rechtscut-150x150.png 150w, https:\/\/pulsair.net\/wp-content\/uploads\/2026\/03\/Puls-air-Heizgeraet-vorne-rechtscut-768x768.png 768w, https:\/\/pulsair.net\/wp-content\/uploads\/2026\/03\/Puls-air-Heizgeraet-vorne-rechtscut-12x12.png 12w, https:\/\/pulsair.net\/wp-content\/uploads\/2026\/03\/Puls-air-Heizgeraet-vorne-rechtscut-600x600.png 600w, https:\/\/pulsair.net\/wp-content\/uploads\/2026\/03\/Puls-air-Heizgeraet-vorne-rechtscut-100x100.png 100w\" sizes=\"(max-width: 794px) 100vw, 794px\" \/><\/div><\/a>\n\t\t\t\t<div class=\"elementor-post__text\">\n\t\t\t\t<h3 class=\"elementor-post__title\">\n\t\t\t<a href=\"https:\/\/pulsair.net\/fr\/referenz\/georg-mais-reil\/\" >\n\t\t\t\tGeorg Mais Reil Allemagne \ud83c\udde9\ud83c\uddea\t\t\t<\/a>\n\t\t<\/h3>\n\t\t\n\t\t<a class=\"elementor-post__read-more\" href=\"https:\/\/pulsair.net\/fr\/referenz\/georg-mais-reil\/\" aria-label=\"Read more about Georg Mais Reil Deutschland &#x1f1e9;&#x1f1ea;\" tabindex=\"-1\" >\n\t\t\tZur Referenz &gt;&gt;\t\t<\/a>\n\n\t\t\t\t<\/div>\n\t\t\t\t<div class=\"elementor-post__meta-data\">\n\t\t\t\t\t<span class=\"elementor-post-date\">\n\t\t\tmars 24, 2026\t\t<\/span>\n\t\t\t\t<\/div>\n\t\t\t\t\t<\/div>\n\t\t<\/article>\n\t\t\t\t<article class=\"elementor-post elementor-grid-item post-4893 post type-post status-publish format-standard has-post-thumbnail hentry category-deutschland category-referenz\" role=\"listitem\">\n\t\t\t<div class=\"elementor-post__card\">\n\t\t\t\t<a class=\"elementor-post__thumbnail__link\" href=\"https:\/\/pulsair.net\/fr\/referenz\/auto-leuner-dresden\/\" tabindex=\"-1\" ><div class=\"elementor-post__thumbnail\"><img loading=\"lazy\" decoding=\"async\" width=\"794\" height=\"794\" src=\"https:\/\/pulsair.net\/wp-content\/uploads\/2026\/03\/Puls-air-Heizgeraet-vorne-rechtscut.png\" class=\"attachment-full size-full wp-image-4819\" alt=\"\" srcset=\"https:\/\/pulsair.net\/wp-content\/uploads\/2026\/03\/Puls-air-Heizgeraet-vorne-rechtscut.png 794w, https:\/\/pulsair.net\/wp-content\/uploads\/2026\/03\/Puls-air-Heizgeraet-vorne-rechtscut-300x300.png 300w, https:\/\/pulsair.net\/wp-content\/uploads\/2026\/03\/Puls-air-Heizgeraet-vorne-rechtscut-150x150.png 150w, https:\/\/pulsair.net\/wp-content\/uploads\/2026\/03\/Puls-air-Heizgeraet-vorne-rechtscut-768x768.png 768w, https:\/\/pulsair.net\/wp-content\/uploads\/2026\/03\/Puls-air-Heizgeraet-vorne-rechtscut-12x12.png 12w, https:\/\/pulsair.net\/wp-content\/uploads\/2026\/03\/Puls-air-Heizgeraet-vorne-rechtscut-600x600.png 600w, https:\/\/pulsair.net\/wp-content\/uploads\/2026\/03\/Puls-air-Heizgeraet-vorne-rechtscut-100x100.png 100w\" sizes=\"(max-width: 794px) 100vw, 794px\" \/><\/div><\/a>\n\t\t\t\t<div class=\"elementor-post__text\">\n\t\t\t\t<h3 class=\"elementor-post__title\">\n\t\t\t<a href=\"https:\/\/pulsair.net\/fr\/referenz\/auto-leuner-dresden\/\" >\n\t\t\t\tAuto Leuner Dresde Allemagne \ud83c\udde9\ud83c\uddea\t\t\t<\/a>\n\t\t<\/h3>\n\t\t\n\t\t<a class=\"elementor-post__read-more\" href=\"https:\/\/pulsair.net\/fr\/referenz\/auto-leuner-dresden\/\" aria-label=\"Read more about Auto Leuner Dresden Deutschland &#x1f1e9;&#x1f1ea;\" tabindex=\"-1\" >\n\t\t\tZur Referenz &gt;&gt;\t\t<\/a>\n\n\t\t\t\t<\/div>\n\t\t\t\t<div class=\"elementor-post__meta-data\">\n\t\t\t\t\t<span class=\"elementor-post-date\">\n\t\t\tmars 24, 2026\t\t<\/span>\n\t\t\t\t<\/div>\n\t\t\t\t\t<\/div>\n\t\t<\/article>\n\t\t\t\t<article class=\"elementor-post elementor-grid-item post-4890 post type-post status-publish format-standard has-post-thumbnail hentry category-deutschland category-referenz\" role=\"listitem\">\n\t\t\t<div class=\"elementor-post__card\">\n\t\t\t\t<a class=\"elementor-post__thumbnail__link\" href=\"https:\/\/pulsair.net\/fr\/referenz\/holzdesign-michael-foehr-bruggen\/\" tabindex=\"-1\" ><div class=\"elementor-post__thumbnail\"><img loading=\"lazy\" decoding=\"async\" width=\"794\" height=\"794\" src=\"https:\/\/pulsair.net\/wp-content\/uploads\/2026\/03\/Puls-air-Heizgeraet-vorne-rechtscut.png\" class=\"attachment-full size-full wp-image-4819\" alt=\"\" srcset=\"https:\/\/pulsair.net\/wp-content\/uploads\/2026\/03\/Puls-air-Heizgeraet-vorne-rechtscut.png 794w, https:\/\/pulsair.net\/wp-content\/uploads\/2026\/03\/Puls-air-Heizgeraet-vorne-rechtscut-300x300.png 300w, https:\/\/pulsair.net\/wp-content\/uploads\/2026\/03\/Puls-air-Heizgeraet-vorne-rechtscut-150x150.png 150w, https:\/\/pulsair.net\/wp-content\/uploads\/2026\/03\/Puls-air-Heizgeraet-vorne-rechtscut-768x768.png 768w, https:\/\/pulsair.net\/wp-content\/uploads\/2026\/03\/Puls-air-Heizgeraet-vorne-rechtscut-12x12.png 12w, https:\/\/pulsair.net\/wp-content\/uploads\/2026\/03\/Puls-air-Heizgeraet-vorne-rechtscut-600x600.png 600w, https:\/\/pulsair.net\/wp-content\/uploads\/2026\/03\/Puls-air-Heizgeraet-vorne-rechtscut-100x100.png 100w\" sizes=\"(max-width: 794px) 100vw, 794px\" \/><\/div><\/a>\n\t\t\t\t<div class=\"elementor-post__text\">\n\t\t\t\t<h3 class=\"elementor-post__title\">\n\t\t\t<a href=\"https:\/\/pulsair.net\/fr\/referenz\/holzdesign-michael-foehr-bruggen\/\" >\n\t\t\t\tHolzdesign Michael F\u00f6hr Burggen Allemagne \ud83c\udde9\ud83c\uddea\t\t\t<\/a>\n\t\t<\/h3>\n\t\t\n\t\t<a class=\"elementor-post__read-more\" href=\"https:\/\/pulsair.net\/fr\/referenz\/holzdesign-michael-foehr-bruggen\/\" aria-label=\"Read more about Holzdesign Michael F\u00f6hr Burggen Deutschland &#x1f1e9;&#x1f1ea;\" tabindex=\"-1\" >\n\t\t\tZur Referenz &gt;&gt;\t\t<\/a>\n\n\t\t\t\t<\/div>\n\t\t\t\t<div class=\"elementor-post__meta-data\">\n\t\t\t\t\t<span class=\"elementor-post-date\">\n\t\t\tmars 24, 2026\t\t<\/span>\n\t\t\t\t<\/div>\n\t\t\t\t\t<\/div>\n\t\t<\/article>\n\t\t\t\t<article class=\"elementor-post elementor-grid-item post-4885 post type-post status-publish format-standard has-post-thumbnail hentry category-deutschland category-referenz\" role=\"listitem\">\n\t\t\t<div class=\"elementor-post__card\">\n\t\t\t\t<a class=\"elementor-post__thumbnail__link\" href=\"https:\/\/pulsair.net\/fr\/referenz\/stefan-held-gmbh-loerrach\/\" tabindex=\"-1\" ><div class=\"elementor-post__thumbnail\"><img loading=\"lazy\" decoding=\"async\" width=\"794\" height=\"794\" src=\"https:\/\/pulsair.net\/wp-content\/uploads\/2026\/03\/Puls-air-Heizgeraet-vorne-rechtscut.png\" class=\"attachment-full size-full wp-image-4819\" alt=\"\" srcset=\"https:\/\/pulsair.net\/wp-content\/uploads\/2026\/03\/Puls-air-Heizgeraet-vorne-rechtscut.png 794w, https:\/\/pulsair.net\/wp-content\/uploads\/2026\/03\/Puls-air-Heizgeraet-vorne-rechtscut-300x300.png 300w, https:\/\/pulsair.net\/wp-content\/uploads\/2026\/03\/Puls-air-Heizgeraet-vorne-rechtscut-150x150.png 150w, https:\/\/pulsair.net\/wp-content\/uploads\/2026\/03\/Puls-air-Heizgeraet-vorne-rechtscut-768x768.png 768w, https:\/\/pulsair.net\/wp-content\/uploads\/2026\/03\/Puls-air-Heizgeraet-vorne-rechtscut-12x12.png 12w, https:\/\/pulsair.net\/wp-content\/uploads\/2026\/03\/Puls-air-Heizgeraet-vorne-rechtscut-600x600.png 600w, https:\/\/pulsair.net\/wp-content\/uploads\/2026\/03\/Puls-air-Heizgeraet-vorne-rechtscut-100x100.png 100w\" sizes=\"(max-width: 794px) 100vw, 794px\" \/><\/div><\/a>\n\t\t\t\t<div class=\"elementor-post__text\">\n\t\t\t\t<h3 class=\"elementor-post__title\">\n\t\t\t<a href=\"https:\/\/pulsair.net\/fr\/referenz\/stefan-held-gmbh-loerrach\/\" >\n\t\t\t\tPremio Reifen + Autoservice Stefan Held GmbH L\u00f6rrach Allemagne \ud83c\udde9\ud83c\uddea\t\t\t<\/a>\n\t\t<\/h3>\n\t\t\n\t\t<a class=\"elementor-post__read-more\" href=\"https:\/\/pulsair.net\/fr\/referenz\/stefan-held-gmbh-loerrach\/\" aria-label=\"Read more about Premio Reifen + Autoservice Stefan Held GmbH L\u00f6rrach Deutschland &#x1f1e9;&#x1f1ea;\" tabindex=\"-1\" >\n\t\t\tZur Referenz &gt;&gt;\t\t<\/a>\n\n\t\t\t\t<\/div>\n\t\t\t\t<div class=\"elementor-post__meta-data\">\n\t\t\t\t\t<span class=\"elementor-post-date\">\n\t\t\tmars 24, 2026\t\t<\/span>\n\t\t\t\t<\/div>\n\t\t\t\t\t<\/div>\n\t\t<\/article>\n\t\t\t\t<article class=\"elementor-post elementor-grid-item post-4872 post type-post status-publish format-standard has-post-thumbnail hentry category-deutschland category-referenz\" role=\"listitem\">\n\t\t\t<div class=\"elementor-post__card\">\n\t\t\t\t<a class=\"elementor-post__thumbnail__link\" href=\"https:\/\/pulsair.net\/fr\/referenz\/auto-ferres-gmbh-wittilich\/\" tabindex=\"-1\" ><div class=\"elementor-post__thumbnail\"><img loading=\"lazy\" decoding=\"async\" width=\"794\" height=\"794\" src=\"https:\/\/pulsair.net\/wp-content\/uploads\/2026\/03\/Puls-air-Heizgeraet-vorne-rechtscut.png\" class=\"attachment-full size-full wp-image-4819\" alt=\"\" srcset=\"https:\/\/pulsair.net\/wp-content\/uploads\/2026\/03\/Puls-air-Heizgeraet-vorne-rechtscut.png 794w, https:\/\/pulsair.net\/wp-content\/uploads\/2026\/03\/Puls-air-Heizgeraet-vorne-rechtscut-300x300.png 300w, https:\/\/pulsair.net\/wp-content\/uploads\/2026\/03\/Puls-air-Heizgeraet-vorne-rechtscut-150x150.png 150w, https:\/\/pulsair.net\/wp-content\/uploads\/2026\/03\/Puls-air-Heizgeraet-vorne-rechtscut-768x768.png 768w, https:\/\/pulsair.net\/wp-content\/uploads\/2026\/03\/Puls-air-Heizgeraet-vorne-rechtscut-12x12.png 12w, https:\/\/pulsair.net\/wp-content\/uploads\/2026\/03\/Puls-air-Heizgeraet-vorne-rechtscut-600x600.png 600w, https:\/\/pulsair.net\/wp-content\/uploads\/2026\/03\/Puls-air-Heizgeraet-vorne-rechtscut-100x100.png 100w\" sizes=\"(max-width: 794px) 100vw, 794px\" \/><\/div><\/a>\n\t\t\t\t<div class=\"elementor-post__text\">\n\t\t\t\t<h3 class=\"elementor-post__title\">\n\t\t\t<a href=\"https:\/\/pulsair.net\/fr\/referenz\/auto-ferres-gmbh-wittilich\/\" >\n\t\t\t\tAuto Ferres GmbH Wittlich Allemagne \ud83c\udde9\ud83c\uddea\t\t\t<\/a>\n\t\t<\/h3>\n\t\t\n\t\t<a class=\"elementor-post__read-more\" href=\"https:\/\/pulsair.net\/fr\/referenz\/auto-ferres-gmbh-wittilich\/\" aria-label=\"Read more about Auto Ferres GmbH Wittlich Deutschland &#x1f1e9;&#x1f1ea;\" tabindex=\"-1\" >\n\t\t\tZur Referenz &gt;&gt;\t\t<\/a>\n\n\t\t\t\t<\/div>\n\t\t\t\t<div class=\"elementor-post__meta-data\">\n\t\t\t\t\t<span class=\"elementor-post-date\">\n\t\t\tmars 24, 2026\t\t<\/span>\n\t\t\t\t<\/div>\n\t\t\t\t\t<\/div>\n\t\t<\/article>\n\t\t\t\t<\/div>\n\t\t\n\t\t\t\t\t\t<\/div>\n\t\t\t\t<\/div>\n\t\t\t\t\t<\/div>\n\t\t<\/div>\n\t\t\t\t\t<\/div>\n\t\t<\/section>\n\t\t\t\t<\/div>","protected":false},"excerpt":{"rendered":"<p>Kundenreferenz \u201eWir haben unsere Heizkanone gegen Puls-air getauscht und sind sehr zufrieden!\u201c Anton Hawle Wien<\/p>","protected":false},"author":2,"featured_media":3788,"comment_status":"closed","ping_status":"closed","sticky":false,"template":"","format":"standard","meta":{"_joinchat":[],"footnotes":""},"categories":[47,44],"tags":[],"class_list":["post-3786","post","type-post","status-publish","format-standard","has-post-thumbnail","hentry","category-oesterreich","category-referenz"],"yoast_head":"<!-- This site is optimized with the Yoast SEO plugin v27.4 - https:\/\/yoast.com\/product\/yoast-seo-wordpress\/ -->\n<title>Anton Hawle Wien\/\u00d6sterreich &#x1f1e6;&#x1f1f9; - Puls-air Hallen und Werkstattheizung<\/title>\n<meta name=\"robots\" content=\"index, follow, max-snippet:-1, max-image-preview:large, max-video-preview:-1\" \/>\n<link rel=\"canonical\" href=\"https:\/\/pulsair.net\/fr\/referenz\/anton-hawle-wien-oesterreich\/\" \/>\n<meta property=\"og:locale\" content=\"fr_FR\" \/>\n<meta property=\"og:type\" content=\"article\" \/>\n<meta property=\"og:title\" content=\"Anton Hawle Wien\/\u00d6sterreich &#x1f1e6;&#x1f1f9; - Puls-air Hallen und Werkstattheizung\" \/>\n<meta property=\"og:description\" content=\"Kundenreferenz \u201eWir haben unsere Heizkanone gegen Puls-air getauscht und sind sehr zufrieden!\u201c Anton Hawle Wien\" \/>\n<meta property=\"og:url\" content=\"https:\/\/pulsair.net\/fr\/referenz\/anton-hawle-wien-oesterreich\/\" \/>\n<meta property=\"og:site_name\" content=\"Puls-air Hallen und Werkstattheizung\" \/>\n<meta property=\"article:published_time\" content=\"2024-11-11T12:16:30+00:00\" \/>\n<meta property=\"article:modified_time\" content=\"2026-03-26T07:26:25+00:00\" \/>\n<meta property=\"og:image\" content=\"https:\/\/pulsair.net\/wp-content\/uploads\/2024\/11\/8-2024_Puls-Austria-1453.jpg\" \/>\n\t<meta property=\"og:image:width\" content=\"1277\" \/>\n\t<meta property=\"og:image:height\" content=\"1920\" \/>\n\t<meta property=\"og:image:type\" content=\"image\/jpeg\" \/>\n<meta name=\"author\" content=\"Luca Pletzer\" \/>\n<meta name=\"twitter:card\" content=\"summary_large_image\" \/>\n<meta name=\"twitter:label1\" content=\"Written by\" \/>\n\t<meta name=\"twitter:data1\" content=\"Luca Pletzer\" \/>\n\t<meta name=\"twitter:label2\" content=\"Est. reading time\" \/>\n\t<meta name=\"twitter:data2\" content=\"3 minutes\" \/>\n<script type=\"application\/ld+json\" class=\"yoast-schema-graph\">{\"@context\":\"https:\\\/\\\/schema.org\",\"@graph\":[{\"@type\":\"Article\",\"@id\":\"https:\\\/\\\/pulsair.net\\\/referenz\\\/anton-hawle-wien-oesterreich\\\/#article\",\"isPartOf\":{\"@id\":\"https:\\\/\\\/pulsair.net\\\/referenz\\\/anton-hawle-wien-oesterreich\\\/\"},\"author\":{\"name\":\"Luca Pletzer\",\"@id\":\"https:\\\/\\\/pulsair.net\\\/#\\\/schema\\\/person\\\/8ce7e42b60cd860146fe9332b1599b80\"},\"headline\":\"Anton Hawle Wien\\\/\u00d6sterreich &#x1f1e6;&#x1f1f9;\",\"datePublished\":\"2024-11-11T12:16:30+00:00\",\"dateModified\":\"2026-03-26T07:26:25+00:00\",\"mainEntityOfPage\":{\"@id\":\"https:\\\/\\\/pulsair.net\\\/referenz\\\/anton-hawle-wien-oesterreich\\\/\"},\"wordCount\":643,\"publisher\":{\"@id\":\"https:\\\/\\\/pulsair.net\\\/#organization\"},\"image\":{\"@id\":\"https:\\\/\\\/pulsair.net\\\/referenz\\\/anton-hawle-wien-oesterreich\\\/#primaryimage\"},\"thumbnailUrl\":\"https:\\\/\\\/pulsair.net\\\/wp-content\\\/uploads\\\/2024\\\/11\\\/8-2024_Puls-Austria-1453.jpg\",\"articleSection\":[\"\u00d6sterreich\",\"Referenz\"],\"inLanguage\":\"fr-FR\"},{\"@type\":\"WebPage\",\"@id\":\"https:\\\/\\\/pulsair.net\\\/referenz\\\/anton-hawle-wien-oesterreich\\\/\",\"url\":\"https:\\\/\\\/pulsair.net\\\/referenz\\\/anton-hawle-wien-oesterreich\\\/\",\"name\":\"Anton Hawle Wien\\\/\u00d6sterreich &#x1f1e6;&#x1f1f9; - Puls-air Hallen und Werkstattheizung\",\"isPartOf\":{\"@id\":\"https:\\\/\\\/pulsair.net\\\/#website\"},\"primaryImageOfPage\":{\"@id\":\"https:\\\/\\\/pulsair.net\\\/referenz\\\/anton-hawle-wien-oesterreich\\\/#primaryimage\"},\"image\":{\"@id\":\"https:\\\/\\\/pulsair.net\\\/referenz\\\/anton-hawle-wien-oesterreich\\\/#primaryimage\"},\"thumbnailUrl\":\"https:\\\/\\\/pulsair.net\\\/wp-content\\\/uploads\\\/2024\\\/11\\\/8-2024_Puls-Austria-1453.jpg\",\"datePublished\":\"2024-11-11T12:16:30+00:00\",\"dateModified\":\"2026-03-26T07:26:25+00:00\",\"breadcrumb\":{\"@id\":\"https:\\\/\\\/pulsair.net\\\/referenz\\\/anton-hawle-wien-oesterreich\\\/#breadcrumb\"},\"inLanguage\":\"fr-FR\",\"potentialAction\":[{\"@type\":\"ReadAction\",\"target\":[\"https:\\\/\\\/pulsair.net\\\/referenz\\\/anton-hawle-wien-oesterreich\\\/\"]}]},{\"@type\":\"ImageObject\",\"inLanguage\":\"fr-FR\",\"@id\":\"https:\\\/\\\/pulsair.net\\\/referenz\\\/anton-hawle-wien-oesterreich\\\/#primaryimage\",\"url\":\"https:\\\/\\\/pulsair.net\\\/wp-content\\\/uploads\\\/2024\\\/11\\\/8-2024_Puls-Austria-1453.jpg\",\"contentUrl\":\"https:\\\/\\\/pulsair.net\\\/wp-content\\\/uploads\\\/2024\\\/11\\\/8-2024_Puls-Austria-1453.jpg\",\"width\":1277,\"height\":1920,\"caption\":\"Anton Hawle Betriebsleiter KFZ- Techniker Mst.\"},{\"@type\":\"BreadcrumbList\",\"@id\":\"https:\\\/\\\/pulsair.net\\\/referenz\\\/anton-hawle-wien-oesterreich\\\/#breadcrumb\",\"itemListElement\":[{\"@type\":\"ListItem\",\"position\":1,\"name\":\"Startseite\",\"item\":\"https:\\\/\\\/pulsair.net\\\/\"},{\"@type\":\"ListItem\",\"position\":2,\"name\":\"Anton Hawle Wien\\\/\u00d6sterreich &#x1f1e6;&#x1f1f9;\"}]},{\"@type\":\"WebSite\",\"@id\":\"https:\\\/\\\/pulsair.net\\\/#website\",\"url\":\"https:\\\/\\\/pulsair.net\\\/\",\"name\":\"Puls-air Hallen und Werkstattheizung\",\"description\":\"50 % Heizkosten sparen\",\"publisher\":{\"@id\":\"https:\\\/\\\/pulsair.net\\\/#organization\"},\"potentialAction\":[{\"@type\":\"SearchAction\",\"target\":{\"@type\":\"EntryPoint\",\"urlTemplate\":\"https:\\\/\\\/pulsair.net\\\/?s={search_term_string}\"},\"query-input\":{\"@type\":\"PropertyValueSpecification\",\"valueRequired\":true,\"valueName\":\"search_term_string\"}}],\"inLanguage\":\"fr-FR\"},{\"@type\":\"Organization\",\"@id\":\"https:\\\/\\\/pulsair.net\\\/#organization\",\"name\":\"Puls-air Hallen und Werkstattheizung\",\"url\":\"https:\\\/\\\/pulsair.net\\\/\",\"logo\":{\"@type\":\"ImageObject\",\"inLanguage\":\"fr-FR\",\"@id\":\"https:\\\/\\\/pulsair.net\\\/#\\\/schema\\\/logo\\\/image\\\/\",\"url\":\"https:\\\/\\\/pulsair.net\\\/wp-content\\\/uploads\\\/2020\\\/07\\\/cropped-cropped-Rotation-alleine-500x500-1.png\",\"contentUrl\":\"https:\\\/\\\/pulsair.net\\\/wp-content\\\/uploads\\\/2020\\\/07\\\/cropped-cropped-Rotation-alleine-500x500-1.png\",\"width\":512,\"height\":512,\"caption\":\"Puls-air Hallen und Werkstattheizung\"},\"image\":{\"@id\":\"https:\\\/\\\/pulsair.net\\\/#\\\/schema\\\/logo\\\/image\\\/\"}},{\"@type\":\"Person\",\"@id\":\"https:\\\/\\\/pulsair.net\\\/#\\\/schema\\\/person\\\/8ce7e42b60cd860146fe9332b1599b80\",\"name\":\"Luca Pletzer\",\"image\":{\"@type\":\"ImageObject\",\"inLanguage\":\"fr-FR\",\"@id\":\"https:\\\/\\\/secure.gravatar.com\\\/avatar\\\/b3b43e1d42dc536d7696b8f044b5439fd2b2b4ca770a94409f7058813516f41a?s=96&d=mm&r=g\",\"url\":\"https:\\\/\\\/secure.gravatar.com\\\/avatar\\\/b3b43e1d42dc536d7696b8f044b5439fd2b2b4ca770a94409f7058813516f41a?s=96&d=mm&r=g\",\"contentUrl\":\"https:\\\/\\\/secure.gravatar.com\\\/avatar\\\/b3b43e1d42dc536d7696b8f044b5439fd2b2b4ca770a94409f7058813516f41a?s=96&d=mm&r=g\",\"caption\":\"Luca Pletzer\"},\"url\":\"https:\\\/\\\/pulsair.net\\\/fr\\\/author\\\/onlinemarketingluca-pletzer-com\\\/\"}]}<\/script>\n<!-- \/ Yoast SEO plugin. -->","yoast_head_json":{"title":"Anton Hawle Wien\/\u00d6sterreich &#x1f1e6;&#x1f1f9; - Puls-air Hallen und Werkstattheizung","robots":{"index":"index","follow":"follow","max-snippet":"max-snippet:-1","max-image-preview":"max-image-preview:large","max-video-preview":"max-video-preview:-1"},"canonical":"https:\/\/pulsair.net\/fr\/referenz\/anton-hawle-wien-oesterreich\/","og_locale":"fr_FR","og_type":"article","og_title":"Anton Hawle Wien\/\u00d6sterreich &#x1f1e6;&#x1f1f9; - Puls-air Hallen und Werkstattheizung","og_description":"Kundenreferenz \u201eWir haben unsere Heizkanone gegen Puls-air getauscht und sind sehr zufrieden!\u201c Anton Hawle Wien","og_url":"https:\/\/pulsair.net\/fr\/referenz\/anton-hawle-wien-oesterreich\/","og_site_name":"Puls-air Hallen und Werkstattheizung","article_published_time":"2024-11-11T12:16:30+00:00","article_modified_time":"2026-03-26T07:26:25+00:00","og_image":[{"width":1277,"height":1920,"url":"https:\/\/pulsair.net\/wp-content\/uploads\/2024\/11\/8-2024_Puls-Austria-1453.jpg","type":"image\/jpeg"}],"author":"Luca Pletzer","twitter_card":"summary_large_image","twitter_misc":{"Written by":"Luca Pletzer","Est. reading time":"3 minutes"},"schema":{"@context":"https:\/\/schema.org","@graph":[{"@type":"Article","@id":"https:\/\/pulsair.net\/referenz\/anton-hawle-wien-oesterreich\/#article","isPartOf":{"@id":"https:\/\/pulsair.net\/referenz\/anton-hawle-wien-oesterreich\/"},"author":{"name":"Luca Pletzer","@id":"https:\/\/pulsair.net\/#\/schema\/person\/8ce7e42b60cd860146fe9332b1599b80"},"headline":"Anton Hawle Wien\/\u00d6sterreich &#x1f1e6;&#x1f1f9;","datePublished":"2024-11-11T12:16:30+00:00","dateModified":"2026-03-26T07:26:25+00:00","mainEntityOfPage":{"@id":"https:\/\/pulsair.net\/referenz\/anton-hawle-wien-oesterreich\/"},"wordCount":643,"publisher":{"@id":"https:\/\/pulsair.net\/#organization"},"image":{"@id":"https:\/\/pulsair.net\/referenz\/anton-hawle-wien-oesterreich\/#primaryimage"},"thumbnailUrl":"https:\/\/pulsair.net\/wp-content\/uploads\/2024\/11\/8-2024_Puls-Austria-1453.jpg","articleSection":["\u00d6sterreich","Referenz"],"inLanguage":"fr-FR"},{"@type":"WebPage","@id":"https:\/\/pulsair.net\/referenz\/anton-hawle-wien-oesterreich\/","url":"https:\/\/pulsair.net\/referenz\/anton-hawle-wien-oesterreich\/","name":"Anton Hawle Wien\/\u00d6sterreich &#x1f1e6;&#x1f1f9; - Puls-air Hallen und Werkstattheizung","isPartOf":{"@id":"https:\/\/pulsair.net\/#website"},"primaryImageOfPage":{"@id":"https:\/\/pulsair.net\/referenz\/anton-hawle-wien-oesterreich\/#primaryimage"},"image":{"@id":"https:\/\/pulsair.net\/referenz\/anton-hawle-wien-oesterreich\/#primaryimage"},"thumbnailUrl":"https:\/\/pulsair.net\/wp-content\/uploads\/2024\/11\/8-2024_Puls-Austria-1453.jpg","datePublished":"2024-11-11T12:16:30+00:00","dateModified":"2026-03-26T07:26:25+00:00","breadcrumb":{"@id":"https:\/\/pulsair.net\/referenz\/anton-hawle-wien-oesterreich\/#breadcrumb"},"inLanguage":"fr-FR","potentialAction":[{"@type":"ReadAction","target":["https:\/\/pulsair.net\/referenz\/anton-hawle-wien-oesterreich\/"]}]},{"@type":"ImageObject","inLanguage":"fr-FR","@id":"https:\/\/pulsair.net\/referenz\/anton-hawle-wien-oesterreich\/#primaryimage","url":"https:\/\/pulsair.net\/wp-content\/uploads\/2024\/11\/8-2024_Puls-Austria-1453.jpg","contentUrl":"https:\/\/pulsair.net\/wp-content\/uploads\/2024\/11\/8-2024_Puls-Austria-1453.jpg","width":1277,"height":1920,"caption":"Anton Hawle Betriebsleiter KFZ- Techniker Mst."},{"@type":"BreadcrumbList","@id":"https:\/\/pulsair.net\/referenz\/anton-hawle-wien-oesterreich\/#breadcrumb","itemListElement":[{"@type":"ListItem","position":1,"name":"Startseite","item":"https:\/\/pulsair.net\/"},{"@type":"ListItem","position":2,"name":"Anton Hawle Wien\/\u00d6sterreich &#x1f1e6;&#x1f1f9;"}]},{"@type":"WebSite","@id":"https:\/\/pulsair.net\/#website","url":"https:\/\/pulsair.net\/","name":"Puls-air Hallen und Werkstattheizung","description":"50 % Heizkosten sparen","publisher":{"@id":"https:\/\/pulsair.net\/#organization"},"potentialAction":[{"@type":"SearchAction","target":{"@type":"EntryPoint","urlTemplate":"https:\/\/pulsair.net\/?s={search_term_string}"},"query-input":{"@type":"PropertyValueSpecification","valueRequired":true,"valueName":"search_term_string"}}],"inLanguage":"fr-FR"},{"@type":"Organization","@id":"https:\/\/pulsair.net\/#organization","name":"Puls-air Hallen und Werkstattheizung","url":"https:\/\/pulsair.net\/","logo":{"@type":"ImageObject","inLanguage":"fr-FR","@id":"https:\/\/pulsair.net\/#\/schema\/logo\/image\/","url":"https:\/\/pulsair.net\/wp-content\/uploads\/2020\/07\/cropped-cropped-Rotation-alleine-500x500-1.png","contentUrl":"https:\/\/pulsair.net\/wp-content\/uploads\/2020\/07\/cropped-cropped-Rotation-alleine-500x500-1.png","width":512,"height":512,"caption":"Puls-air Hallen und Werkstattheizung"},"image":{"@id":"https:\/\/pulsair.net\/#\/schema\/logo\/image\/"}},{"@type":"Person","@id":"https:\/\/pulsair.net\/#\/schema\/person\/8ce7e42b60cd860146fe9332b1599b80","name":"Luca Pletzer","image":{"@type":"ImageObject","inLanguage":"fr-FR","@id":"https:\/\/secure.gravatar.com\/avatar\/b3b43e1d42dc536d7696b8f044b5439fd2b2b4ca770a94409f7058813516f41a?s=96&d=mm&r=g","url":"https:\/\/secure.gravatar.com\/avatar\/b3b43e1d42dc536d7696b8f044b5439fd2b2b4ca770a94409f7058813516f41a?s=96&d=mm&r=g","contentUrl":"https:\/\/secure.gravatar.com\/avatar\/b3b43e1d42dc536d7696b8f044b5439fd2b2b4ca770a94409f7058813516f41a?s=96&d=mm&r=g","caption":"Luca Pletzer"},"url":"https:\/\/pulsair.net\/fr\/author\/onlinemarketingluca-pletzer-com\/"}]}},"_links":{"self":[{"href":"https:\/\/pulsair.net\/fr\/wp-json\/wp\/v2\/posts\/3786","targetHints":{"allow":["GET"]}}],"collection":[{"href":"https:\/\/pulsair.net\/fr\/wp-json\/wp\/v2\/posts"}],"about":[{"href":"https:\/\/pulsair.net\/fr\/wp-json\/wp\/v2\/types\/post"}],"author":[{"embeddable":true,"href":"https:\/\/pulsair.net\/fr\/wp-json\/wp\/v2\/users\/2"}],"replies":[{"embeddable":true,"href":"https:\/\/pulsair.net\/fr\/wp-json\/wp\/v2\/comments?post=3786"}],"version-history":[{"count":7,"href":"https:\/\/pulsair.net\/fr\/wp-json\/wp\/v2\/posts\/3786\/revisions"}],"predecessor-version":[{"id":5043,"href":"https:\/\/pulsair.net\/fr\/wp-json\/wp\/v2\/posts\/3786\/revisions\/5043"}],"wp:featuredmedia":[{"embeddable":true,"href":"https:\/\/pulsair.net\/fr\/wp-json\/wp\/v2\/media\/3788"}],"wp:attachment":[{"href":"https:\/\/pulsair.net\/fr\/wp-json\/wp\/v2\/media?parent=3786"}],"wp:term":[{"taxonomy":"category","embeddable":true,"href":"https:\/\/pulsair.net\/fr\/wp-json\/wp\/v2\/categories?post=3786"},{"taxonomy":"post_tag","embeddable":true,"href":"https:\/\/pulsair.net\/fr\/wp-json\/wp\/v2\/tags?post=3786"}],"curies":[{"name":"wp","href":"https:\/\/api.w.org\/{rel}","templated":true}]}}