{"id":1246,"date":"2022-04-12T12:58:59","date_gmt":"2022-04-12T12:58:59","guid":{"rendered":"https:\/\/werkstattheizung.pulsair.net\/?p=1246"},"modified":"2024-11-12T07:27:40","modified_gmt":"2024-11-12T07:27:40","slug":"autohaus-frank-mannert-in-rimpar","status":"publish","type":"post","link":"https:\/\/pulsair.net\/nl\/referenz\/autohaus-frank-mannert-in-rimpar\/","title":{"rendered":"Autohaus Frank Mannert in Rimpar Bayern\/Deutschland &#x1f1e9;&#x1f1ea;"},"content":{"rendered":"<div data-elementor-type=\"wp-post\" data-elementor-id=\"1246\" class=\"elementor elementor-1246\" data-elementor-post-type=\"post\">\n\t\t\t\t\t\t<section class=\"elementor-section elementor-top-section elementor-element elementor-element-b326046 elementor-reverse-tablet elementor-reverse-mobile elementor-section-boxed elementor-section-height-default elementor-section-height-default\" data-id=\"b326046\" data-element_type=\"section\" data-e-type=\"section\" data-settings=\"{&quot;background_background&quot;:&quot;classic&quot;}\">\n\t\t\t\t\t\t<div class=\"elementor-container elementor-column-gap-default\">\n\t\t\t\t\t<div class=\"elementor-column elementor-col-50 elementor-top-column elementor-element elementor-element-48afff31\" data-id=\"48afff31\" data-element_type=\"column\" data-e-type=\"column\">\n\t\t\t<div class=\"elementor-widget-wrap elementor-element-populated\">\n\t\t\t\t\t\t<div class=\"elementor-element elementor-element-47098b0f elementor-widget elementor-widget-text-editor\" data-id=\"47098b0f\" data-element_type=\"widget\" data-e-type=\"widget\" data-widget_type=\"text-editor.default\">\n\t\t\t\t<div class=\"elementor-widget-container\">\n\t\t\t\t\t\t\t\t\t<div class=\"titel_cst_small smallTitle TitelKlein\">Klantreferentie<\/div>\t\t\t\t\t\t\t\t<\/div>\n\t\t\t\t<\/div>\n\t\t\t\t<div class=\"elementor-element elementor-element-555652b4 elementor-widget elementor-widget-text-editor\" data-id=\"555652b4\" data-element_type=\"widget\" data-e-type=\"widget\" data-widget_type=\"text-editor.default\">\n\t\t\t\t<div class=\"elementor-widget-container\">\n\t\t\t\t\t\t\t\t\t<div class=\"titel_cst\"><div class=\"titel_cst_big\"><h1><strong>Autohaus Frank Mannert in Rimpar\u00a0<\/strong><\/h1><\/div><\/div>\t\t\t\t\t\t\t\t<\/div>\n\t\t\t\t<\/div>\n\t\t\t\t<div class=\"elementor-element elementor-element-10354a02 elementor-widget elementor-widget-text-editor\" data-id=\"10354a02\" data-element_type=\"widget\" data-e-type=\"widget\" data-widget_type=\"text-editor.default\">\n\t\t\t\t<div class=\"elementor-widget-container\">\n\t\t\t\t\t\t\t\t\t<h2>GLEICHM\u00c4SSIGE W\u00c4RME BEI GERINGEM VERBRAUCH<\/h2><p>Autohaus Frank Mannert in Rimpar in der N\u00e4he von W\u00fcrzburg schildert seine Erfahrungen mit den Heizger\u00e4ten des Herstellers Puls-air aus \u00d6sterreich. \u201eGleichm\u00e4\u00dfige W\u00e4rme bei geringem Verbrauch!&#8220;<\/p><h2>Reparatur und Service f\u00fcr alle Fahrzeuge<\/h2><p>Mit insgesamt 11 Mitarbeiter, unter denen auch einige Familienmitglieder sind, bietet Inhaber Frank Mannert seit 1973 sowohl f\u00fcr Service und Reparaturarbeiten, als auch f\u00fcr Unfallinstandsetzungen und Lackierarbeiten ein kompetentes und fachlich bestens ausgebildetes Team.<\/p>\t\t\t\t\t\t\t\t<\/div>\n\t\t\t\t<\/div>\n\t\t\t\t\t<\/div>\n\t\t<\/div>\n\t\t\t\t<div class=\"elementor-column elementor-col-50 elementor-top-column elementor-element elementor-element-3fd23096\" data-id=\"3fd23096\" data-element_type=\"column\" data-e-type=\"column\">\n\t\t\t<div class=\"elementor-widget-wrap elementor-element-populated\">\n\t\t\t\t\t\t<div class=\"elementor-element elementor-element-cfb7898 elementor-widget elementor-widget-image\" data-id=\"cfb7898\" data-element_type=\"widget\" data-e-type=\"widget\" data-widget_type=\"image.default\">\n\t\t\t\t<div class=\"elementor-widget-container\">\n\t\t\t\t\t\t\t\t\t\t\t\t\t\t\t\t<a href=\"https:\/\/werkstattheizung.pulsair.net\/wp-content\/uploads\/2022\/04\/Mannert-1-scaled.jpg\" data-elementor-open-lightbox=\"yes\" data-elementor-lightbox-title=\"Inhaber Frank Mannert\" data-elementor-lightbox-description=\"Inhaber Frank Mannert\" data-e-action-hash=\"#elementor-action%3Aaction%3Dlightbox%26settings%3DeyJpZCI6MTI0OCwidXJsIjoiaHR0cHM6XC9cL3B1bHNhaXIubmV0XC93cC1jb250ZW50XC91cGxvYWRzXC8yMDIyXC8wNFwvTWFubmVydC0xLXNjYWxlZC5qcGcifQ%3D%3D\">\n\t\t\t\t\t\t\t<img fetchpriority=\"high\" decoding=\"async\" width=\"1024\" height=\"683\" src=\"https:\/\/pulsair.net\/wp-content\/uploads\/2022\/04\/Mannert-1-1024x683.jpg\" class=\"attachment-large size-large wp-image-1248\" alt=\"Inhaber Frank Mannert\" srcset=\"https:\/\/pulsair.net\/wp-content\/uploads\/2022\/04\/Mannert-1-1024x683.jpg 1024w, https:\/\/pulsair.net\/wp-content\/uploads\/2022\/04\/Mannert-1-300x200.jpg 300w, https:\/\/pulsair.net\/wp-content\/uploads\/2022\/04\/Mannert-1-768x512.jpg 768w, https:\/\/pulsair.net\/wp-content\/uploads\/2022\/04\/Mannert-1-1536x1024.jpg 1536w, https:\/\/pulsair.net\/wp-content\/uploads\/2022\/04\/Mannert-1-2048x1365.jpg 2048w, https:\/\/pulsair.net\/wp-content\/uploads\/2022\/04\/Mannert-1-600x400.jpg 600w\" sizes=\"(max-width: 1024px) 100vw, 1024px\" \/>\t\t\t\t\t\t\t\t<\/a>\n\t\t\t\t\t\t\t\t\t\t\t\t\t\t\t<\/div>\n\t\t\t\t<\/div>\n\t\t\t\t\t<\/div>\n\t\t<\/div>\n\t\t\t\t\t<\/div>\n\t\t<\/section>\n\t\t\t\t<section class=\"elementor-section elementor-top-section elementor-element elementor-element-7ebf292 elementor-section-boxed elementor-section-height-default elementor-section-height-default\" data-id=\"7ebf292\" data-element_type=\"section\" data-e-type=\"section\" data-settings=\"{&quot;background_background&quot;:&quot;classic&quot;}\">\n\t\t\t\t\t\t<div class=\"elementor-container elementor-column-gap-default\">\n\t\t\t\t\t<div class=\"elementor-column elementor-col-50 elementor-top-column elementor-element elementor-element-daa0f45\" data-id=\"daa0f45\" data-element_type=\"column\" data-e-type=\"column\">\n\t\t\t<div class=\"elementor-widget-wrap elementor-element-populated\">\n\t\t\t\t\t\t<div class=\"elementor-element elementor-element-1c1ffa7 elementor-widget elementor-widget-text-editor\" data-id=\"1c1ffa7\" data-element_type=\"widget\" data-e-type=\"widget\" data-widget_type=\"text-editor.default\">\n\t\t\t\t<div class=\"elementor-widget-container\">\n\t\t\t\t\t\t\t\t\t<h2>Pluspunkt flexible Nutzung<\/h2><p>\u201eWir k\u00f6nnen nun auch bei Bedarf eine Zusatzhalle beheizen, die wir fr\u00fcher nicht beheizt haben.\u201c so Herr Mannert. Die flexible Nutzung und Mobilit\u00e4t von Puls-air macht es m\u00f6glich. \u201eUnser erstes Ger\u00e4t haben wir 2015 bestellt, da wir mit der Heizleistung und mit dem Verbrauch so zufrieden sind, haben wir uns 2017 dann eine 2. Heizung angeschafft. Nun sind alle unsere R\u00e4umlichkeiten bestens beheizt und wir k\u00f6nnen bei einer angenehmen Raumtemperatur unserer Arbeit nachgehen\u201c, schildert Inhaber Mannert.<\/p>\t\t\t\t\t\t\t\t<\/div>\n\t\t\t\t<\/div>\n\t\t\t\t\t<\/div>\n\t\t<\/div>\n\t\t\t\t<div class=\"elementor-column elementor-col-50 elementor-top-column elementor-element elementor-element-042170f\" data-id=\"042170f\" data-element_type=\"column\" data-e-type=\"column\">\n\t\t\t<div class=\"elementor-widget-wrap elementor-element-populated\">\n\t\t\t\t\t\t<div class=\"elementor-element elementor-element-80fbd34 elementor-widget elementor-widget-image\" data-id=\"80fbd34\" data-element_type=\"widget\" data-e-type=\"widget\" data-widget_type=\"image.default\">\n\t\t\t\t<div class=\"elementor-widget-container\">\n\t\t\t\t\t\t\t\t\t\t\t\t\t\t\t\t<a href=\"https:\/\/werkstattheizung.pulsair.net\/wp-content\/uploads\/2022\/04\/Mannert-3-scaled.jpg\" data-elementor-open-lightbox=\"yes\" data-elementor-lightbox-title=\"Innenansicht Autohaus Mannert\" data-elementor-lightbox-description=\"Innenansicht Autohaus Mannert\" data-e-action-hash=\"#elementor-action%3Aaction%3Dlightbox%26settings%3DeyJpZCI6MTI0OSwidXJsIjoiaHR0cHM6XC9cL3B1bHNhaXIubmV0XC93cC1jb250ZW50XC91cGxvYWRzXC8yMDIyXC8wNFwvTWFubmVydC0zLXNjYWxlZC5qcGcifQ%3D%3D\">\n\t\t\t\t\t\t\t<img decoding=\"async\" width=\"1024\" height=\"647\" src=\"https:\/\/pulsair.net\/wp-content\/uploads\/2022\/04\/Mannert-3-1024x647.jpg\" class=\"attachment-large size-large wp-image-1249\" alt=\"Innenansicht Autohaus Mannert\" srcset=\"https:\/\/pulsair.net\/wp-content\/uploads\/2022\/04\/Mannert-3-1024x647.jpg 1024w, https:\/\/pulsair.net\/wp-content\/uploads\/2022\/04\/Mannert-3-300x189.jpg 300w, https:\/\/pulsair.net\/wp-content\/uploads\/2022\/04\/Mannert-3-768x485.jpg 768w, https:\/\/pulsair.net\/wp-content\/uploads\/2022\/04\/Mannert-3-1536x970.jpg 1536w, https:\/\/pulsair.net\/wp-content\/uploads\/2022\/04\/Mannert-3-2048x1293.jpg 2048w, https:\/\/pulsair.net\/wp-content\/uploads\/2022\/04\/Mannert-3-600x379.jpg 600w\" sizes=\"(max-width: 1024px) 100vw, 1024px\" \/>\t\t\t\t\t\t\t\t<\/a>\n\t\t\t\t\t\t\t\t\t\t\t\t\t\t\t<\/div>\n\t\t\t\t<\/div>\n\t\t\t\t\t<\/div>\n\t\t<\/div>\n\t\t\t\t\t<\/div>\n\t\t<\/section>\n\t\t\t\t<section class=\"elementor-section elementor-top-section elementor-element elementor-element-798ff94 elementor-section-boxed elementor-section-height-default elementor-section-height-default\" data-id=\"798ff94\" data-element_type=\"section\" data-e-type=\"section\" data-settings=\"{&quot;background_background&quot;:&quot;classic&quot;}\">\n\t\t\t\t\t\t<div class=\"elementor-container elementor-column-gap-default\">\n\t\t\t\t\t<div class=\"elementor-column elementor-col-50 elementor-top-column elementor-element elementor-element-78c4c9d\" data-id=\"78c4c9d\" data-element_type=\"column\" data-e-type=\"column\">\n\t\t\t<div class=\"elementor-widget-wrap elementor-element-populated\">\n\t\t\t\t\t\t<div class=\"elementor-element elementor-element-117a562 elementor-widget elementor-widget-text-editor\" data-id=\"117a562\" data-element_type=\"widget\" data-e-type=\"widget\" data-widget_type=\"text-editor.default\">\n\t\t\t\t<div class=\"elementor-widget-container\">\n\t\t\t\t\t\t\t\t\t<h2>Pluspunkt flexible Nutzung<\/h2><p>\u201eWir k\u00f6nnen nun auch bei Bedarf eine Zusatzhalle beheizen, die wir fr\u00fcher nicht beheizt haben.\u201c so Herr Mannert. Die flexible Nutzung und Mobilit\u00e4t von Puls-air macht es m\u00f6glich. \u201eUnser erstes Ger\u00e4t haben wir 2015 bestellt, da wir mit der Heizleistung und mit dem Verbrauch so zufrieden sind, haben wir uns 2017 dann eine 2. Heizung angeschafft. Nun sind alle unsere R\u00e4umlichkeiten bestens beheizt und wir k\u00f6nnen bei einer angenehmen Raumtemperatur unserer Arbeit nachgehen\u201c, schildert Inhaber Mannert.<\/p>\t\t\t\t\t\t\t\t<\/div>\n\t\t\t\t<\/div>\n\t\t\t\t\t<\/div>\n\t\t<\/div>\n\t\t\t\t<div class=\"elementor-column elementor-col-50 elementor-top-column elementor-element elementor-element-329a18b\" data-id=\"329a18b\" data-element_type=\"column\" data-e-type=\"column\">\n\t\t\t<div class=\"elementor-widget-wrap elementor-element-populated\">\n\t\t\t\t\t\t<div class=\"elementor-element elementor-element-3dc8c8c elementor-widget elementor-widget-image\" data-id=\"3dc8c8c\" data-element_type=\"widget\" data-e-type=\"widget\" data-widget_type=\"image.default\">\n\t\t\t\t<div class=\"elementor-widget-container\">\n\t\t\t\t\t\t\t\t\t\t\t\t\t\t\t\t<a href=\"https:\/\/werkstattheizung.pulsair.net\/wp-content\/uploads\/2022\/04\/Mannert-2-scaled.jpg\" data-elementor-open-lightbox=\"yes\" data-elementor-lightbox-title=\"Au\u00dfenansicht Autohaus Mannert\" data-elementor-lightbox-description=\"Au\u00dfenansicht Autohaus Mannert\" data-e-action-hash=\"#elementor-action%3Aaction%3Dlightbox%26settings%3DeyJpZCI6MTI1MCwidXJsIjoiaHR0cHM6XC9cL3B1bHNhaXIubmV0XC93cC1jb250ZW50XC91cGxvYWRzXC8yMDIyXC8wNFwvTWFubmVydC0yLXNjYWxlZC5qcGcifQ%3D%3D\">\n\t\t\t\t\t\t\t<img decoding=\"async\" width=\"1024\" height=\"683\" src=\"https:\/\/pulsair.net\/wp-content\/uploads\/2022\/04\/Mannert-2-1024x683.jpg\" class=\"attachment-large size-large wp-image-1250\" alt=\"Au\u00dfenansicht Autohaus Mannert\" srcset=\"https:\/\/pulsair.net\/wp-content\/uploads\/2022\/04\/Mannert-2-1024x683.jpg 1024w, https:\/\/pulsair.net\/wp-content\/uploads\/2022\/04\/Mannert-2-300x200.jpg 300w, https:\/\/pulsair.net\/wp-content\/uploads\/2022\/04\/Mannert-2-768x512.jpg 768w, https:\/\/pulsair.net\/wp-content\/uploads\/2022\/04\/Mannert-2-1536x1024.jpg 1536w, https:\/\/pulsair.net\/wp-content\/uploads\/2022\/04\/Mannert-2-2048x1365.jpg 2048w, https:\/\/pulsair.net\/wp-content\/uploads\/2022\/04\/Mannert-2-600x400.jpg 600w\" sizes=\"(max-width: 1024px) 100vw, 1024px\" \/>\t\t\t\t\t\t\t\t<\/a>\n\t\t\t\t\t\t\t\t\t\t\t\t\t\t\t<\/div>\n\t\t\t\t<\/div>\n\t\t\t\t\t<\/div>\n\t\t<\/div>\n\t\t\t\t\t<\/div>\n\t\t<\/section>\n\t\t\t\t<section class=\"elementor-section elementor-top-section elementor-element elementor-element-f66ab53 elementor-section-boxed elementor-section-height-default elementor-section-height-default\" data-id=\"f66ab53\" data-element_type=\"section\" data-e-type=\"section\" data-settings=\"{&quot;background_background&quot;:&quot;classic&quot;}\">\n\t\t\t\t\t\t<div class=\"elementor-container elementor-column-gap-default\">\n\t\t\t\t\t<div class=\"elementor-column elementor-col-50 elementor-top-column elementor-element elementor-element-3bdb4ca\" data-id=\"3bdb4ca\" data-element_type=\"column\" data-e-type=\"column\">\n\t\t\t<div class=\"elementor-widget-wrap elementor-element-populated\">\n\t\t\t\t\t\t<div class=\"elementor-element elementor-element-9cf294a elementor-widget elementor-widget-text-editor\" data-id=\"9cf294a\" data-element_type=\"widget\" data-e-type=\"widget\" data-widget_type=\"text-editor.default\">\n\t\t\t\t<div class=\"elementor-widget-container\">\n\t\t\t\t\t\t\t\t\t<h2>Gro\u00dfe Hallen kostensparend Heizen<\/h2><p>\u201eDurch Puls-air sparen wir uns ca. die H\u00e4lfte der Heizkosten, die wir vorher mit konventionellen Deckengebl\u00e4sen hatten. Zudem ist die W\u00e4rmeverteilung quasi nicht vergleichbar. Deckengebl\u00e4se bringen die W\u00e4rme einfach nicht dorthin, wo wir sie ben\u00f6tigen \u2013 in den Fu\u00dfbereich. Somit wird viel Energie verschwendet und wir arbeiten trotzdem mit kalten F\u00fc\u00dfen. Puls-air verteilt die W\u00e4rme gleichm\u00e4\u00dfig und vor allem im unteren Bereich unserer Hallen. \u201eWarme F\u00fc\u00dfe, warmer K\u00f6rper\u201c, erkl\u00e4rt Mannert.<\/p>\t\t\t\t\t\t\t\t<\/div>\n\t\t\t\t<\/div>\n\t\t\t\t\t<\/div>\n\t\t<\/div>\n\t\t\t\t<div class=\"elementor-column elementor-col-50 elementor-top-column elementor-element elementor-element-e4e95c8\" data-id=\"e4e95c8\" data-element_type=\"column\" data-e-type=\"column\">\n\t\t\t<div class=\"elementor-widget-wrap elementor-element-populated\">\n\t\t\t\t\t\t<div class=\"elementor-element elementor-element-ed06472 elementor-widget elementor-widget-image\" data-id=\"ed06472\" data-element_type=\"widget\" data-e-type=\"widget\" data-widget_type=\"image.default\">\n\t\t\t\t<div class=\"elementor-widget-container\">\n\t\t\t\t\t\t\t\t\t\t\t\t\t\t\t\t<a href=\"https:\/\/werkstattheizung.pulsair.net\/wp-content\/uploads\/2022\/04\/Mannert-5-scaled.jpg\" data-elementor-open-lightbox=\"yes\" data-elementor-lightbox-title=\"Innenansicht 2 Mannert\" data-elementor-lightbox-description=\"Innenansicht 2 Mannert\" data-e-action-hash=\"#elementor-action%3Aaction%3Dlightbox%26settings%3DeyJpZCI6MTI1MSwidXJsIjoiaHR0cHM6XC9cL3B1bHNhaXIubmV0XC93cC1jb250ZW50XC91cGxvYWRzXC8yMDIyXC8wNFwvTWFubmVydC01LXNjYWxlZC5qcGcifQ%3D%3D\">\n\t\t\t\t\t\t\t<img loading=\"lazy\" decoding=\"async\" width=\"1024\" height=\"651\" src=\"https:\/\/pulsair.net\/wp-content\/uploads\/2022\/04\/Mannert-5-1024x651.jpg\" class=\"attachment-large size-large wp-image-1251\" alt=\"Innenansicht 2 Mannert\" srcset=\"https:\/\/pulsair.net\/wp-content\/uploads\/2022\/04\/Mannert-5-1024x651.jpg 1024w, https:\/\/pulsair.net\/wp-content\/uploads\/2022\/04\/Mannert-5-300x191.jpg 300w, https:\/\/pulsair.net\/wp-content\/uploads\/2022\/04\/Mannert-5-768x488.jpg 768w, https:\/\/pulsair.net\/wp-content\/uploads\/2022\/04\/Mannert-5-1536x976.jpg 1536w, https:\/\/pulsair.net\/wp-content\/uploads\/2022\/04\/Mannert-5-2048x1301.jpg 2048w, https:\/\/pulsair.net\/wp-content\/uploads\/2022\/04\/Mannert-5-600x381.jpg 600w\" sizes=\"(max-width: 1024px) 100vw, 1024px\" \/>\t\t\t\t\t\t\t\t<\/a>\n\t\t\t\t\t\t\t\t\t\t\t\t\t\t\t<\/div>\n\t\t\t\t<\/div>\n\t\t\t\t\t<\/div>\n\t\t<\/div>\n\t\t\t\t\t<\/div>\n\t\t<\/section>\n\t\t\t\t<section class=\"elementor-section elementor-top-section elementor-element elementor-element-53e3b13 elementor-section-boxed elementor-section-height-default elementor-section-height-default\" data-id=\"53e3b13\" data-element_type=\"section\" data-e-type=\"section\" data-settings=\"{&quot;background_background&quot;:&quot;classic&quot;}\">\n\t\t\t\t\t\t<div class=\"elementor-container elementor-column-gap-default\">\n\t\t\t\t\t<div class=\"elementor-column elementor-col-100 elementor-top-column elementor-element elementor-element-83a82f8\" data-id=\"83a82f8\" data-element_type=\"column\" data-e-type=\"column\">\n\t\t\t<div class=\"elementor-widget-wrap elementor-element-populated\">\n\t\t\t\t\t\t<div class=\"elementor-element elementor-element-faaf085 elementor-widget elementor-widget-text-editor\" data-id=\"faaf085\" data-element_type=\"widget\" data-e-type=\"widget\" data-widget_type=\"text-editor.default\">\n\t\t\t\t<div class=\"elementor-widget-container\">\n\t\t\t\t\t\t\t\t\t<h2>Thema Umwelt und CO2 sparen in aller Munde<\/h2><p>Durch die Heizkostenersparnisse von Puls-air sinken nicht nur die Kosten. Es sinkt auch die CO2 Belastung f\u00fcr die Umwelt. Was in der heutigen Zeit ein sehr wichtiger Punkt. Puls-air hilft seit 25 Jahren dabei, CO2 zu sparen und die Belastung f\u00fcr unsere Umwelt zu minimieren. Auch wenn es nur ein kleiner Beitrag ist, wenn jeder eine Kleinigkeit f\u00fcr den Umweltschutz macht, entsteht in der Summe ein gro\u00dfer Effekt.<\/p><p>Autohaus Frank Mannert<br \/>Kettelerstra\u00dfe 1<br \/>97222 Rimpar<\/p><p>Telefon: 09365-1000<br \/>E-mail:<a href=\"mailto:info@auto-mannert.de?subject=Homepage\">\u00a0info@auto-mannert.de<br \/><\/a><a href=\"http:\/\/www.auto-mannert.de\/\">http:\/\/www.auto-mannert.de\/<\/a><\/p>\t\t\t\t\t\t\t\t<\/div>\n\t\t\t\t<\/div>\n\t\t\t\t\t<\/div>\n\t\t<\/div>\n\t\t\t\t\t<\/div>\n\t\t<\/section>\n\t\t\t\t<section class=\"elementor-section elementor-top-section elementor-element elementor-element-05d5797 elementor-section-boxed elementor-section-height-default elementor-section-height-default\" data-id=\"05d5797\" data-element_type=\"section\" data-e-type=\"section\">\n\t\t\t\t\t\t<div class=\"elementor-container elementor-column-gap-default\">\n\t\t\t\t\t<div class=\"elementor-column elementor-col-100 elementor-top-column elementor-element elementor-element-77a0251\" data-id=\"77a0251\" data-element_type=\"column\" data-e-type=\"column\">\n\t\t\t<div class=\"elementor-widget-wrap elementor-element-populated\">\n\t\t\t\t\t\t<div class=\"elementor-element elementor-element-06d753c elementor-widget elementor-widget-text-editor\" data-id=\"06d753c\" data-element_type=\"widget\" data-e-type=\"widget\" data-widget_type=\"text-editor.default\">\n\t\t\t\t<div class=\"elementor-widget-container\">\n\t\t\t\t\t\t\t\t\t<div class=\"titel_cst\"><div class=\"titel_cst_big\"><h2 class=\"Titel\">Verdere referenties:<\/h2><\/div><\/div>\t\t\t\t\t\t\t\t<\/div>\n\t\t\t\t<\/div>\n\t\t\t\t<div class=\"elementor-element elementor-element-cd53b0b elementor-grid-3 elementor-grid-tablet-2 elementor-grid-mobile-1 elementor-posts--thumbnail-top elementor-card-shadow-yes elementor-posts__hover-gradient elementor-widget elementor-widget-global elementor-global-1038 elementor-widget-posts\" data-id=\"cd53b0b\" data-element_type=\"widget\" data-e-type=\"widget\" data-settings=\"{&quot;cards_masonry&quot;:&quot;yes&quot;,&quot;cards_columns&quot;:&quot;3&quot;,&quot;cards_columns_tablet&quot;:&quot;2&quot;,&quot;cards_columns_mobile&quot;:&quot;1&quot;,&quot;cards_row_gap&quot;:{&quot;unit&quot;:&quot;px&quot;,&quot;size&quot;:35,&quot;sizes&quot;:[]},&quot;cards_row_gap_tablet&quot;:{&quot;unit&quot;:&quot;px&quot;,&quot;size&quot;:&quot;&quot;,&quot;sizes&quot;:[]},&quot;cards_row_gap_mobile&quot;:{&quot;unit&quot;:&quot;px&quot;,&quot;size&quot;:&quot;&quot;,&quot;sizes&quot;:[]}}\" data-widget_type=\"posts.cards\">\n\t\t\t\t<div class=\"elementor-widget-container\">\n\t\t\t\t\t\t\t<div class=\"elementor-posts-container elementor-posts elementor-posts--skin-cards elementor-grid\" role=\"list\">\n\t\t\t\t<article class=\"elementor-post elementor-grid-item post-5109 post type-post status-publish format-standard has-post-thumbnail hentry category-deutschland category-referenz\" role=\"listitem\">\n\t\t\t<div class=\"elementor-post__card\">\n\t\t\t\t<a class=\"elementor-post__thumbnail__link\" href=\"https:\/\/pulsair.net\/nl\/referenz\/auto-lackier-center-bamberg\/\" tabindex=\"-1\" ><div class=\"elementor-post__thumbnail\"><img loading=\"lazy\" decoding=\"async\" width=\"640\" height=\"480\" src=\"https:\/\/pulsair.net\/wp-content\/uploads\/2026\/03\/unnamed-2.jpg\" class=\"attachment-full size-full wp-image-5111\" alt=\"\" srcset=\"https:\/\/pulsair.net\/wp-content\/uploads\/2026\/03\/unnamed-2.jpg 640w, https:\/\/pulsair.net\/wp-content\/uploads\/2026\/03\/unnamed-2-300x225.jpg 300w, https:\/\/pulsair.net\/wp-content\/uploads\/2026\/03\/unnamed-2-16x12.jpg 16w, https:\/\/pulsair.net\/wp-content\/uploads\/2026\/03\/unnamed-2-600x450.jpg 600w\" sizes=\"(max-width: 640px) 100vw, 640px\" \/><\/div><\/a>\n\t\t\t\t<div class=\"elementor-post__text\">\n\t\t\t\t<h3 class=\"elementor-post__title\">\n\t\t\t<a href=\"https:\/\/pulsair.net\/nl\/referenz\/auto-lackier-center-bamberg\/\" >\n\t\t\t\tAUTO-LACKIER-CENTER &#038; KAROSSERIEFACHBETRIEB, Bamberg, Deutschland &#x1f1e9;&#x1f1ea;\t\t\t<\/a>\n\t\t<\/h3>\n\t\t\n\t\t<a class=\"elementor-post__read-more\" href=\"https:\/\/pulsair.net\/nl\/referenz\/auto-lackier-center-bamberg\/\" aria-label=\"Read more about AUTO-LACKIER-CENTER &#038; KAROSSERIEFACHBETRIEB, Bamberg, Deutschland &#x1f1e9;&#x1f1ea;\" tabindex=\"-1\" >\n\t\t\tZur Referenz &gt;&gt;\t\t<\/a>\n\n\t\t\t\t<\/div>\n\t\t\t\t<div class=\"elementor-post__meta-data\">\n\t\t\t\t\t<span class=\"elementor-post-date\">\n\t\t\tmaart 30, 2026\t\t<\/span>\n\t\t\t\t<\/div>\n\t\t\t\t\t<\/div>\n\t\t<\/article>\n\t\t\t\t<article class=\"elementor-post elementor-grid-item post-5098 post type-post status-publish format-standard has-post-thumbnail hentry category-deutschland category-referenz\" role=\"listitem\">\n\t\t\t<div class=\"elementor-post__card\">\n\t\t\t\t<a class=\"elementor-post__thumbnail__link\" href=\"https:\/\/pulsair.net\/nl\/referenz\/autohaus-schroeder-gmbh-bad-oldesloe\/\" tabindex=\"-1\" ><div class=\"elementor-post__thumbnail\"><img loading=\"lazy\" decoding=\"async\" width=\"1920\" height=\"1440\" src=\"https:\/\/pulsair.net\/wp-content\/uploads\/2026\/03\/P1280095-SchrAder-4.jpg\" class=\"attachment-full size-full wp-image-5100\" alt=\"\" srcset=\"https:\/\/pulsair.net\/wp-content\/uploads\/2026\/03\/P1280095-SchrAder-4.jpg 1920w, https:\/\/pulsair.net\/wp-content\/uploads\/2026\/03\/P1280095-SchrAder-4-300x225.jpg 300w, https:\/\/pulsair.net\/wp-content\/uploads\/2026\/03\/P1280095-SchrAder-4-1024x768.jpg 1024w, https:\/\/pulsair.net\/wp-content\/uploads\/2026\/03\/P1280095-SchrAder-4-768x576.jpg 768w, https:\/\/pulsair.net\/wp-content\/uploads\/2026\/03\/P1280095-SchrAder-4-1536x1152.jpg 1536w, https:\/\/pulsair.net\/wp-content\/uploads\/2026\/03\/P1280095-SchrAder-4-16x12.jpg 16w, https:\/\/pulsair.net\/wp-content\/uploads\/2026\/03\/P1280095-SchrAder-4-600x450.jpg 600w\" sizes=\"(max-width: 1920px) 100vw, 1920px\" \/><\/div><\/a>\n\t\t\t\t<div class=\"elementor-post__text\">\n\t\t\t\t<h3 class=\"elementor-post__title\">\n\t\t\t<a href=\"https:\/\/pulsair.net\/nl\/referenz\/autohaus-schroeder-gmbh-bad-oldesloe\/\" >\n\t\t\t\tAutohaus Schr\u00f6der GmbH Bad Oldesloe, Deutschland &#x1f1e9;&#x1f1ea;\t\t\t<\/a>\n\t\t<\/h3>\n\t\t\n\t\t<a class=\"elementor-post__read-more\" href=\"https:\/\/pulsair.net\/nl\/referenz\/autohaus-schroeder-gmbh-bad-oldesloe\/\" aria-label=\"Read more about Autohaus Schr\u00f6der GmbH Bad Oldesloe, Deutschland &#x1f1e9;&#x1f1ea;\" tabindex=\"-1\" >\n\t\t\tZur Referenz &gt;&gt;\t\t<\/a>\n\n\t\t\t\t<\/div>\n\t\t\t\t<div class=\"elementor-post__meta-data\">\n\t\t\t\t\t<span class=\"elementor-post-date\">\n\t\t\tmaart 26, 2026\t\t<\/span>\n\t\t\t\t<\/div>\n\t\t\t\t\t<\/div>\n\t\t<\/article>\n\t\t\t\t<article class=\"elementor-post elementor-grid-item post-5086 post type-post status-publish format-standard has-post-thumbnail hentry category-deutschland category-referenz\" role=\"listitem\">\n\t\t\t<div class=\"elementor-post__card\">\n\t\t\t\t<a class=\"elementor-post__thumbnail__link\" href=\"https:\/\/pulsair.net\/nl\/referenz\/ts-carservice-thomas-stoss-schluechtern\/\" tabindex=\"-1\" ><div class=\"elementor-post__thumbnail\"><img loading=\"lazy\" decoding=\"async\" width=\"1280\" height=\"1920\" src=\"https:\/\/pulsair.net\/wp-content\/uploads\/2026\/03\/ts-pulsair_5063-ts-Car-Service-7.jpg\" class=\"attachment-full size-full wp-image-5088\" alt=\"\" srcset=\"https:\/\/pulsair.net\/wp-content\/uploads\/2026\/03\/ts-pulsair_5063-ts-Car-Service-7.jpg 1280w, https:\/\/pulsair.net\/wp-content\/uploads\/2026\/03\/ts-pulsair_5063-ts-Car-Service-7-200x300.jpg 200w, https:\/\/pulsair.net\/wp-content\/uploads\/2026\/03\/ts-pulsair_5063-ts-Car-Service-7-683x1024.jpg 683w, https:\/\/pulsair.net\/wp-content\/uploads\/2026\/03\/ts-pulsair_5063-ts-Car-Service-7-768x1152.jpg 768w, https:\/\/pulsair.net\/wp-content\/uploads\/2026\/03\/ts-pulsair_5063-ts-Car-Service-7-1024x1536.jpg 1024w, https:\/\/pulsair.net\/wp-content\/uploads\/2026\/03\/ts-pulsair_5063-ts-Car-Service-7-8x12.jpg 8w, https:\/\/pulsair.net\/wp-content\/uploads\/2026\/03\/ts-pulsair_5063-ts-Car-Service-7-600x900.jpg 600w\" sizes=\"(max-width: 1280px) 100vw, 1280px\" \/><\/div><\/a>\n\t\t\t\t<div class=\"elementor-post__text\">\n\t\t\t\t<h3 class=\"elementor-post__title\">\n\t\t\t<a href=\"https:\/\/pulsair.net\/nl\/referenz\/ts-carservice-thomas-stoss-schluechtern\/\" >\n\t\t\t\tTS-Carservice Thomas Sto\u00df Schl\u00fcchtern, Deutschland &#x1f1e9;&#x1f1ea;\t\t\t<\/a>\n\t\t<\/h3>\n\t\t\n\t\t<a class=\"elementor-post__read-more\" href=\"https:\/\/pulsair.net\/nl\/referenz\/ts-carservice-thomas-stoss-schluechtern\/\" aria-label=\"Read more about TS-Carservice Thomas Sto\u00df Schl\u00fcchtern, Deutschland &#x1f1e9;&#x1f1ea;\" tabindex=\"-1\" >\n\t\t\tZur Referenz &gt;&gt;\t\t<\/a>\n\n\t\t\t\t<\/div>\n\t\t\t\t<div class=\"elementor-post__meta-data\">\n\t\t\t\t\t<span class=\"elementor-post-date\">\n\t\t\tmaart 26, 2026\t\t<\/span>\n\t\t\t\t<\/div>\n\t\t\t\t\t<\/div>\n\t\t<\/article>\n\t\t\t\t<article class=\"elementor-post elementor-grid-item post-5074 post type-post status-publish format-standard has-post-thumbnail hentry category-deutschland category-referenz\" role=\"listitem\">\n\t\t\t<div class=\"elementor-post__card\">\n\t\t\t\t<a class=\"elementor-post__thumbnail__link\" href=\"https:\/\/pulsair.net\/nl\/referenz\/autohaus-richter-gmbh-bitterfeld-wolfen\/\" tabindex=\"-1\" ><div class=\"elementor-post__thumbnail\"><img loading=\"lazy\" decoding=\"async\" width=\"1920\" height=\"1280\" src=\"https:\/\/pulsair.net\/wp-content\/uploads\/2026\/03\/foto-grehl-1MP-7246.jpg\" class=\"attachment-full size-full wp-image-5076\" alt=\"\" srcset=\"https:\/\/pulsair.net\/wp-content\/uploads\/2026\/03\/foto-grehl-1MP-7246.jpg 1920w, https:\/\/pulsair.net\/wp-content\/uploads\/2026\/03\/foto-grehl-1MP-7246-300x200.jpg 300w, https:\/\/pulsair.net\/wp-content\/uploads\/2026\/03\/foto-grehl-1MP-7246-1024x683.jpg 1024w, https:\/\/pulsair.net\/wp-content\/uploads\/2026\/03\/foto-grehl-1MP-7246-768x512.jpg 768w, https:\/\/pulsair.net\/wp-content\/uploads\/2026\/03\/foto-grehl-1MP-7246-1536x1024.jpg 1536w, https:\/\/pulsair.net\/wp-content\/uploads\/2026\/03\/foto-grehl-1MP-7246-18x12.jpg 18w, https:\/\/pulsair.net\/wp-content\/uploads\/2026\/03\/foto-grehl-1MP-7246-600x400.jpg 600w\" sizes=\"(max-width: 1920px) 100vw, 1920px\" \/><\/div><\/a>\n\t\t\t\t<div class=\"elementor-post__text\">\n\t\t\t\t<h3 class=\"elementor-post__title\">\n\t\t\t<a href=\"https:\/\/pulsair.net\/nl\/referenz\/autohaus-richter-gmbh-bitterfeld-wolfen\/\" >\n\t\t\t\tAutohaus Richter GmbH Bitterfeld-Wolfen, Deutschland &#x1f1e9;&#x1f1ea;\t\t\t<\/a>\n\t\t<\/h3>\n\t\t\n\t\t<a class=\"elementor-post__read-more\" href=\"https:\/\/pulsair.net\/nl\/referenz\/autohaus-richter-gmbh-bitterfeld-wolfen\/\" aria-label=\"Read more about Autohaus Richter GmbH Bitterfeld-Wolfen, Deutschland &#x1f1e9;&#x1f1ea;\" tabindex=\"-1\" >\n\t\t\tZur Referenz &gt;&gt;\t\t<\/a>\n\n\t\t\t\t<\/div>\n\t\t\t\t<div class=\"elementor-post__meta-data\">\n\t\t\t\t\t<span class=\"elementor-post-date\">\n\t\t\tmaart 26, 2026\t\t<\/span>\n\t\t\t\t<\/div>\n\t\t\t\t\t<\/div>\n\t\t<\/article>\n\t\t\t\t<article class=\"elementor-post elementor-grid-item post-5056 post type-post status-publish format-standard has-post-thumbnail hentry category-deutschland category-referenz\" role=\"listitem\">\n\t\t\t<div class=\"elementor-post__card\">\n\t\t\t\t<a class=\"elementor-post__thumbnail__link\" href=\"https:\/\/pulsair.net\/nl\/referenz\/1a-autoservice-martin-distner-eslarn\/\" tabindex=\"-1\" ><div class=\"elementor-post__thumbnail\"><img loading=\"lazy\" decoding=\"async\" width=\"1709\" height=\"2560\" src=\"https:\/\/pulsair.net\/wp-content\/uploads\/2026\/03\/DSCF2467-scaled.jpg\" class=\"attachment-full size-full wp-image-5060\" alt=\"\" srcset=\"https:\/\/pulsair.net\/wp-content\/uploads\/2026\/03\/DSCF2467-scaled.jpg 1709w, https:\/\/pulsair.net\/wp-content\/uploads\/2026\/03\/DSCF2467-200x300.jpg 200w, https:\/\/pulsair.net\/wp-content\/uploads\/2026\/03\/DSCF2467-684x1024.jpg 684w, https:\/\/pulsair.net\/wp-content\/uploads\/2026\/03\/DSCF2467-768x1150.jpg 768w, https:\/\/pulsair.net\/wp-content\/uploads\/2026\/03\/DSCF2467-1025x1536.jpg 1025w, https:\/\/pulsair.net\/wp-content\/uploads\/2026\/03\/DSCF2467-1367x2048.jpg 1367w, https:\/\/pulsair.net\/wp-content\/uploads\/2026\/03\/DSCF2467-8x12.jpg 8w, https:\/\/pulsair.net\/wp-content\/uploads\/2026\/03\/DSCF2467-600x899.jpg 600w\" sizes=\"(max-width: 1709px) 100vw, 1709px\" \/><\/div><\/a>\n\t\t\t\t<div class=\"elementor-post__text\">\n\t\t\t\t<h3 class=\"elementor-post__title\">\n\t\t\t<a href=\"https:\/\/pulsair.net\/nl\/referenz\/1a-autoservice-martin-distner-eslarn\/\" >\n\t\t\t\t1a autoservice Martin Distner Eslarn, Deutschland &#x1f1e9;&#x1f1ea;\t\t\t<\/a>\n\t\t<\/h3>\n\t\t\n\t\t<a class=\"elementor-post__read-more\" href=\"https:\/\/pulsair.net\/nl\/referenz\/1a-autoservice-martin-distner-eslarn\/\" aria-label=\"Read more about 1a autoservice Martin Distner Eslarn, Deutschland &#x1f1e9;&#x1f1ea;\" tabindex=\"-1\" >\n\t\t\tZur Referenz &gt;&gt;\t\t<\/a>\n\n\t\t\t\t<\/div>\n\t\t\t\t<div class=\"elementor-post__meta-data\">\n\t\t\t\t\t<span class=\"elementor-post-date\">\n\t\t\tmaart 26, 2026\t\t<\/span>\n\t\t\t\t<\/div>\n\t\t\t\t\t<\/div>\n\t\t<\/article>\n\t\t\t\t<article class=\"elementor-post elementor-grid-item post-5047 post type-post status-publish format-standard has-post-thumbnail hentry category-deutschland category-referenz\" role=\"listitem\">\n\t\t\t<div class=\"elementor-post__card\">\n\t\t\t\t<a class=\"elementor-post__thumbnail__link\" href=\"https:\/\/pulsair.net\/nl\/referenz\/autohaus-bacher-gmbh-ingolstadt\/\" tabindex=\"-1\" ><div class=\"elementor-post__thumbnail\"><img loading=\"lazy\" decoding=\"async\" width=\"1920\" height=\"1280\" src=\"https:\/\/pulsair.net\/wp-content\/uploads\/2026\/03\/Bild-004.jpg\" class=\"attachment-full size-full wp-image-5049\" alt=\"\" srcset=\"https:\/\/pulsair.net\/wp-content\/uploads\/2026\/03\/Bild-004.jpg 1920w, https:\/\/pulsair.net\/wp-content\/uploads\/2026\/03\/Bild-004-300x200.jpg 300w, https:\/\/pulsair.net\/wp-content\/uploads\/2026\/03\/Bild-004-1024x683.jpg 1024w, https:\/\/pulsair.net\/wp-content\/uploads\/2026\/03\/Bild-004-768x512.jpg 768w, https:\/\/pulsair.net\/wp-content\/uploads\/2026\/03\/Bild-004-1536x1024.jpg 1536w, https:\/\/pulsair.net\/wp-content\/uploads\/2026\/03\/Bild-004-18x12.jpg 18w, https:\/\/pulsair.net\/wp-content\/uploads\/2026\/03\/Bild-004-600x400.jpg 600w\" sizes=\"(max-width: 1920px) 100vw, 1920px\" \/><\/div><\/a>\n\t\t\t\t<div class=\"elementor-post__text\">\n\t\t\t\t<h3 class=\"elementor-post__title\">\n\t\t\t<a href=\"https:\/\/pulsair.net\/nl\/referenz\/autohaus-bacher-gmbh-ingolstadt\/\" >\n\t\t\t\tAutohaus Bacher GmbH Ingolstadt, Deutschland &#x1f1e9;&#x1f1ea;\t\t\t<\/a>\n\t\t<\/h3>\n\t\t\n\t\t<a class=\"elementor-post__read-more\" href=\"https:\/\/pulsair.net\/nl\/referenz\/autohaus-bacher-gmbh-ingolstadt\/\" aria-label=\"Read more about Autohaus Bacher GmbH Ingolstadt, Deutschland &#x1f1e9;&#x1f1ea;\" tabindex=\"-1\" >\n\t\t\tZur Referenz &gt;&gt;\t\t<\/a>\n\n\t\t\t\t<\/div>\n\t\t\t\t<div class=\"elementor-post__meta-data\">\n\t\t\t\t\t<span class=\"elementor-post-date\">\n\t\t\tmaart 26, 2026\t\t<\/span>\n\t\t\t\t<\/div>\n\t\t\t\t\t<\/div>\n\t\t<\/article>\n\t\t\t\t<article class=\"elementor-post elementor-grid-item post-4924 post type-post status-publish format-standard has-post-thumbnail hentry category-deutschland category-referenz\" role=\"listitem\">\n\t\t\t<div class=\"elementor-post__card\">\n\t\t\t\t<a class=\"elementor-post__thumbnail__link\" href=\"https:\/\/pulsair.net\/nl\/referenz\/stefan-alt-reidenhausen\/\" tabindex=\"-1\" ><div class=\"elementor-post__thumbnail\"><img loading=\"lazy\" decoding=\"async\" width=\"1280\" height=\"1920\" src=\"https:\/\/pulsair.net\/wp-content\/uploads\/2026\/03\/2509Alt7-5068.jpg\" class=\"attachment-full size-full wp-image-4926\" alt=\"\" srcset=\"https:\/\/pulsair.net\/wp-content\/uploads\/2026\/03\/2509Alt7-5068.jpg 1280w, https:\/\/pulsair.net\/wp-content\/uploads\/2026\/03\/2509Alt7-5068-200x300.jpg 200w, https:\/\/pulsair.net\/wp-content\/uploads\/2026\/03\/2509Alt7-5068-683x1024.jpg 683w, https:\/\/pulsair.net\/wp-content\/uploads\/2026\/03\/2509Alt7-5068-768x1152.jpg 768w, https:\/\/pulsair.net\/wp-content\/uploads\/2026\/03\/2509Alt7-5068-1024x1536.jpg 1024w, https:\/\/pulsair.net\/wp-content\/uploads\/2026\/03\/2509Alt7-5068-8x12.jpg 8w, https:\/\/pulsair.net\/wp-content\/uploads\/2026\/03\/2509Alt7-5068-600x900.jpg 600w\" sizes=\"(max-width: 1280px) 100vw, 1280px\" \/><\/div><\/a>\n\t\t\t\t<div class=\"elementor-post__text\">\n\t\t\t\t<h3 class=\"elementor-post__title\">\n\t\t\t<a href=\"https:\/\/pulsair.net\/nl\/referenz\/stefan-alt-reidenhausen\/\" >\n\t\t\t\tVrije garage Stefan Alt Reidenhausen Duitsland \ud83c\udde9\ud83c\uddea\t\t\t<\/a>\n\t\t<\/h3>\n\t\t\n\t\t<a class=\"elementor-post__read-more\" href=\"https:\/\/pulsair.net\/nl\/referenz\/stefan-alt-reidenhausen\/\" aria-label=\"Read more about Freie Kfz-werkstatt Stefan Alt Reidenhausen Deutschland &#x1f1e9;&#x1f1ea;\" tabindex=\"-1\" >\n\t\t\tZur Referenz &gt;&gt;\t\t<\/a>\n\n\t\t\t\t<\/div>\n\t\t\t\t<div class=\"elementor-post__meta-data\">\n\t\t\t\t\t<span class=\"elementor-post-date\">\n\t\t\t24 maart 2026\t\t<\/span>\n\t\t\t\t<\/div>\n\t\t\t\t\t<\/div>\n\t\t<\/article>\n\t\t\t\t<article class=\"elementor-post elementor-grid-item post-4916 post type-post status-publish format-standard has-post-thumbnail hentry category-deutschland category-referenz\" role=\"listitem\">\n\t\t\t<div class=\"elementor-post__card\">\n\t\t\t\t<a class=\"elementor-post__thumbnail__link\" href=\"https:\/\/pulsair.net\/nl\/referenz\/auto-wohlschlager-rohrdorf-achenmuehle\/\" tabindex=\"-1\" ><div class=\"elementor-post__thumbnail\"><img loading=\"lazy\" decoding=\"async\" width=\"1512\" height=\"2016\" src=\"https:\/\/pulsair.net\/wp-content\/uploads\/2026\/03\/bce832fd-18b0-42b4-a534-a2bbd5d6eb6b.jpg\" class=\"attachment-full size-full wp-image-4918\" alt=\"\" srcset=\"https:\/\/pulsair.net\/wp-content\/uploads\/2026\/03\/bce832fd-18b0-42b4-a534-a2bbd5d6eb6b.jpg 1512w, https:\/\/pulsair.net\/wp-content\/uploads\/2026\/03\/bce832fd-18b0-42b4-a534-a2bbd5d6eb6b-225x300.jpg 225w, https:\/\/pulsair.net\/wp-content\/uploads\/2026\/03\/bce832fd-18b0-42b4-a534-a2bbd5d6eb6b-768x1024.jpg 768w, https:\/\/pulsair.net\/wp-content\/uploads\/2026\/03\/bce832fd-18b0-42b4-a534-a2bbd5d6eb6b-1152x1536.jpg 1152w, https:\/\/pulsair.net\/wp-content\/uploads\/2026\/03\/bce832fd-18b0-42b4-a534-a2bbd5d6eb6b-9x12.jpg 9w, https:\/\/pulsair.net\/wp-content\/uploads\/2026\/03\/bce832fd-18b0-42b4-a534-a2bbd5d6eb6b-600x800.jpg 600w\" sizes=\"(max-width: 1512px) 100vw, 1512px\" \/><\/div><\/a>\n\t\t\t\t<div class=\"elementor-post__text\">\n\t\t\t\t<h3 class=\"elementor-post__title\">\n\t\t\t<a href=\"https:\/\/pulsair.net\/nl\/referenz\/auto-wohlschlager-rohrdorf-achenmuehle\/\" >\n\t\t\t\tAuto Wohlschlager Rohrdorf-Achenm\u00fchle Duitsland \ud83c\udde9\ud83c\uddea\t\t\t<\/a>\n\t\t<\/h3>\n\t\t\n\t\t<a class=\"elementor-post__read-more\" href=\"https:\/\/pulsair.net\/nl\/referenz\/auto-wohlschlager-rohrdorf-achenmuehle\/\" aria-label=\"Read more about Auto Wohlschlager Rohrdorf-Achenm\u00fchle Deutschland &#x1f1e9;&#x1f1ea;\" tabindex=\"-1\" >\n\t\t\tZur Referenz &gt;&gt;\t\t<\/a>\n\n\t\t\t\t<\/div>\n\t\t\t\t<div class=\"elementor-post__meta-data\">\n\t\t\t\t\t<span class=\"elementor-post-date\">\n\t\t\t24 maart 2026\t\t<\/span>\n\t\t\t\t<\/div>\n\t\t\t\t\t<\/div>\n\t\t<\/article>\n\t\t\t\t<article class=\"elementor-post elementor-grid-item post-4912 post type-post status-publish format-standard has-post-thumbnail hentry category-deutschland category-referenz\" role=\"listitem\">\n\t\t\t<div class=\"elementor-post__card\">\n\t\t\t\t<a class=\"elementor-post__thumbnail__link\" href=\"https:\/\/pulsair.net\/nl\/referenz\/auto-reifenservice-wissemborski-ochtrup\/\" tabindex=\"-1\" ><div class=\"elementor-post__thumbnail\"><img loading=\"lazy\" decoding=\"async\" width=\"2560\" height=\"1920\" src=\"https:\/\/pulsair.net\/wp-content\/uploads\/2026\/03\/4096-3072-max-1-scaled.jpg\" class=\"attachment-full size-full wp-image-4914\" alt=\"\" srcset=\"https:\/\/pulsair.net\/wp-content\/uploads\/2026\/03\/4096-3072-max-1-scaled.jpg 2560w, https:\/\/pulsair.net\/wp-content\/uploads\/2026\/03\/4096-3072-max-1-300x225.jpg 300w, https:\/\/pulsair.net\/wp-content\/uploads\/2026\/03\/4096-3072-max-1-1024x768.jpg 1024w, https:\/\/pulsair.net\/wp-content\/uploads\/2026\/03\/4096-3072-max-1-768x576.jpg 768w, https:\/\/pulsair.net\/wp-content\/uploads\/2026\/03\/4096-3072-max-1-1536x1152.jpg 1536w, https:\/\/pulsair.net\/wp-content\/uploads\/2026\/03\/4096-3072-max-1-2048x1536.jpg 2048w, https:\/\/pulsair.net\/wp-content\/uploads\/2026\/03\/4096-3072-max-1-16x12.jpg 16w, https:\/\/pulsair.net\/wp-content\/uploads\/2026\/03\/4096-3072-max-1-600x450.jpg 600w\" sizes=\"(max-width: 2560px) 100vw, 2560px\" \/><\/div><\/a>\n\t\t\t\t<div class=\"elementor-post__text\">\n\t\t\t\t<h3 class=\"elementor-post__title\">\n\t\t\t<a href=\"https:\/\/pulsair.net\/nl\/referenz\/auto-reifenservice-wissemborski-ochtrup\/\" >\n\t\t\t\tAuto- en Bandenservice Wissemborski Ochtrup Duitsland \ud83c\udde9\ud83c\uddea\t\t\t<\/a>\n\t\t<\/h3>\n\t\t\n\t\t<a class=\"elementor-post__read-more\" href=\"https:\/\/pulsair.net\/nl\/referenz\/auto-reifenservice-wissemborski-ochtrup\/\" aria-label=\"Read more about Auto- u. Reifenservice Wissemborski Ochtrup Deutschland &#x1f1e9;&#x1f1ea;\" tabindex=\"-1\" >\n\t\t\tZur Referenz &gt;&gt;\t\t<\/a>\n\n\t\t\t\t<\/div>\n\t\t\t\t<div class=\"elementor-post__meta-data\">\n\t\t\t\t\t<span class=\"elementor-post-date\">\n\t\t\t24 maart 2026\t\t<\/span>\n\t\t\t\t<\/div>\n\t\t\t\t\t<\/div>\n\t\t<\/article>\n\t\t\t\t<article class=\"elementor-post elementor-grid-item post-4909 post type-post status-publish format-standard has-post-thumbnail hentry category-deutschland category-referenz\" role=\"listitem\">\n\t\t\t<div class=\"elementor-post__card\">\n\t\t\t\t<a class=\"elementor-post__thumbnail__link\" href=\"https:\/\/pulsair.net\/nl\/referenz\/wilhelm-rosenberg-ohg-bad-wildungen\/\" tabindex=\"-1\" ><div class=\"elementor-post__thumbnail\"><img loading=\"lazy\" decoding=\"async\" width=\"794\" height=\"794\" src=\"https:\/\/pulsair.net\/wp-content\/uploads\/2026\/03\/Puls-air-Heizgeraet-vorne-rechtscut.png\" class=\"attachment-full size-full wp-image-4819\" alt=\"\" srcset=\"https:\/\/pulsair.net\/wp-content\/uploads\/2026\/03\/Puls-air-Heizgeraet-vorne-rechtscut.png 794w, https:\/\/pulsair.net\/wp-content\/uploads\/2026\/03\/Puls-air-Heizgeraet-vorne-rechtscut-300x300.png 300w, https:\/\/pulsair.net\/wp-content\/uploads\/2026\/03\/Puls-air-Heizgeraet-vorne-rechtscut-150x150.png 150w, https:\/\/pulsair.net\/wp-content\/uploads\/2026\/03\/Puls-air-Heizgeraet-vorne-rechtscut-768x768.png 768w, https:\/\/pulsair.net\/wp-content\/uploads\/2026\/03\/Puls-air-Heizgeraet-vorne-rechtscut-12x12.png 12w, https:\/\/pulsair.net\/wp-content\/uploads\/2026\/03\/Puls-air-Heizgeraet-vorne-rechtscut-600x600.png 600w, https:\/\/pulsair.net\/wp-content\/uploads\/2026\/03\/Puls-air-Heizgeraet-vorne-rechtscut-100x100.png 100w\" sizes=\"(max-width: 794px) 100vw, 794px\" \/><\/div><\/a>\n\t\t\t\t<div class=\"elementor-post__text\">\n\t\t\t\t<h3 class=\"elementor-post__title\">\n\t\t\t<a href=\"https:\/\/pulsair.net\/nl\/referenz\/wilhelm-rosenberg-ohg-bad-wildungen\/\" >\n\t\t\t\tWilhelm Rosenberg OHG Bad Wildungen, Duitsland \ud83c\udde9\ud83c\uddea\t\t\t<\/a>\n\t\t<\/h3>\n\t\t\n\t\t<a class=\"elementor-post__read-more\" href=\"https:\/\/pulsair.net\/nl\/referenz\/wilhelm-rosenberg-ohg-bad-wildungen\/\" aria-label=\"Read more about Wilhelm Rosenberg OHG Bad Wildungen, Deutschland &#x1f1e9;&#x1f1ea;\" tabindex=\"-1\" >\n\t\t\tZur Referenz &gt;&gt;\t\t<\/a>\n\n\t\t\t\t<\/div>\n\t\t\t\t<div class=\"elementor-post__meta-data\">\n\t\t\t\t\t<span class=\"elementor-post-date\">\n\t\t\t24 maart 2026\t\t<\/span>\n\t\t\t\t<\/div>\n\t\t\t\t\t<\/div>\n\t\t<\/article>\n\t\t\t\t<article class=\"elementor-post elementor-grid-item post-4906 post type-post status-publish format-standard has-post-thumbnail hentry category-deutschland category-referenz\" role=\"listitem\">\n\t\t\t<div class=\"elementor-post__card\">\n\t\t\t\t<a class=\"elementor-post__thumbnail__link\" href=\"https:\/\/pulsair.net\/nl\/referenz\/fahrzeugtechnik-raab-langenleiten\/\" tabindex=\"-1\" ><div class=\"elementor-post__thumbnail\"><img loading=\"lazy\" decoding=\"async\" width=\"794\" height=\"794\" src=\"https:\/\/pulsair.net\/wp-content\/uploads\/2026\/03\/Puls-air-Heizgeraet-vorne-rechtscut.png\" class=\"attachment-full size-full wp-image-4819\" alt=\"\" srcset=\"https:\/\/pulsair.net\/wp-content\/uploads\/2026\/03\/Puls-air-Heizgeraet-vorne-rechtscut.png 794w, https:\/\/pulsair.net\/wp-content\/uploads\/2026\/03\/Puls-air-Heizgeraet-vorne-rechtscut-300x300.png 300w, https:\/\/pulsair.net\/wp-content\/uploads\/2026\/03\/Puls-air-Heizgeraet-vorne-rechtscut-150x150.png 150w, https:\/\/pulsair.net\/wp-content\/uploads\/2026\/03\/Puls-air-Heizgeraet-vorne-rechtscut-768x768.png 768w, https:\/\/pulsair.net\/wp-content\/uploads\/2026\/03\/Puls-air-Heizgeraet-vorne-rechtscut-12x12.png 12w, https:\/\/pulsair.net\/wp-content\/uploads\/2026\/03\/Puls-air-Heizgeraet-vorne-rechtscut-600x600.png 600w, https:\/\/pulsair.net\/wp-content\/uploads\/2026\/03\/Puls-air-Heizgeraet-vorne-rechtscut-100x100.png 100w\" sizes=\"(max-width: 794px) 100vw, 794px\" \/><\/div><\/a>\n\t\t\t\t<div class=\"elementor-post__text\">\n\t\t\t\t<h3 class=\"elementor-post__title\">\n\t\t\t<a href=\"https:\/\/pulsair.net\/nl\/referenz\/fahrzeugtechnik-raab-langenleiten\/\" >\n\t\t\t\tVoertuigtechniek Raab Langenleiten Duitsland \ud83c\udde9\ud83c\uddea\t\t\t<\/a>\n\t\t<\/h3>\n\t\t\n\t\t<a class=\"elementor-post__read-more\" href=\"https:\/\/pulsair.net\/nl\/referenz\/fahrzeugtechnik-raab-langenleiten\/\" aria-label=\"Read more about Fahrzeugtechnik Raab Langenleiten Deutschland &#x1f1e9;&#x1f1ea;\" tabindex=\"-1\" >\n\t\t\tZur Referenz &gt;&gt;\t\t<\/a>\n\n\t\t\t\t<\/div>\n\t\t\t\t<div class=\"elementor-post__meta-data\">\n\t\t\t\t\t<span class=\"elementor-post-date\">\n\t\t\t24 maart 2026\t\t<\/span>\n\t\t\t\t<\/div>\n\t\t\t\t\t<\/div>\n\t\t<\/article>\n\t\t\t\t<article class=\"elementor-post elementor-grid-item post-4902 post type-post status-publish format-standard has-post-thumbnail hentry category-deutschland category-referenz\" role=\"listitem\">\n\t\t\t<div class=\"elementor-post__card\">\n\t\t\t\t<a class=\"elementor-post__thumbnail__link\" href=\"https:\/\/pulsair.net\/nl\/referenz\/michael-schuster-ramstein-miesenbach\/\" tabindex=\"-1\" ><div class=\"elementor-post__thumbnail\"><img loading=\"lazy\" decoding=\"async\" width=\"794\" height=\"794\" src=\"https:\/\/pulsair.net\/wp-content\/uploads\/2026\/03\/Puls-air-Heizgeraet-vorne-rechtscut.png\" class=\"attachment-full size-full wp-image-4819\" alt=\"\" srcset=\"https:\/\/pulsair.net\/wp-content\/uploads\/2026\/03\/Puls-air-Heizgeraet-vorne-rechtscut.png 794w, https:\/\/pulsair.net\/wp-content\/uploads\/2026\/03\/Puls-air-Heizgeraet-vorne-rechtscut-300x300.png 300w, https:\/\/pulsair.net\/wp-content\/uploads\/2026\/03\/Puls-air-Heizgeraet-vorne-rechtscut-150x150.png 150w, https:\/\/pulsair.net\/wp-content\/uploads\/2026\/03\/Puls-air-Heizgeraet-vorne-rechtscut-768x768.png 768w, https:\/\/pulsair.net\/wp-content\/uploads\/2026\/03\/Puls-air-Heizgeraet-vorne-rechtscut-12x12.png 12w, https:\/\/pulsair.net\/wp-content\/uploads\/2026\/03\/Puls-air-Heizgeraet-vorne-rechtscut-600x600.png 600w, https:\/\/pulsair.net\/wp-content\/uploads\/2026\/03\/Puls-air-Heizgeraet-vorne-rechtscut-100x100.png 100w\" sizes=\"(max-width: 794px) 100vw, 794px\" \/><\/div><\/a>\n\t\t\t\t<div class=\"elementor-post__text\">\n\t\t\t\t<h3 class=\"elementor-post__title\">\n\t\t\t<a href=\"https:\/\/pulsair.net\/nl\/referenz\/michael-schuster-ramstein-miesenbach\/\" >\n\t\t\t\tMichael Schuster Ramstein-Miesenbach Duitsland \ud83c\udde9\ud83c\uddea\t\t\t<\/a>\n\t\t<\/h3>\n\t\t\n\t\t<a class=\"elementor-post__read-more\" href=\"https:\/\/pulsair.net\/nl\/referenz\/michael-schuster-ramstein-miesenbach\/\" aria-label=\"Read more about Michael Schuster Ramstein-Miesenbach Deutschland &#x1f1e9;&#x1f1ea;\" tabindex=\"-1\" >\n\t\t\tZur Referenz &gt;&gt;\t\t<\/a>\n\n\t\t\t\t<\/div>\n\t\t\t\t<div class=\"elementor-post__meta-data\">\n\t\t\t\t\t<span class=\"elementor-post-date\">\n\t\t\t24 maart 2026\t\t<\/span>\n\t\t\t\t<\/div>\n\t\t\t\t\t<\/div>\n\t\t<\/article>\n\t\t\t\t<article class=\"elementor-post elementor-grid-item post-4899 post type-post status-publish format-standard has-post-thumbnail hentry category-deutschland category-referenz\" role=\"listitem\">\n\t\t\t<div class=\"elementor-post__card\">\n\t\t\t\t<a class=\"elementor-post__thumbnail__link\" href=\"https:\/\/pulsair.net\/nl\/referenz\/auto-matzinger-gmbh-niederneuching\/\" tabindex=\"-1\" ><div class=\"elementor-post__thumbnail\"><img loading=\"lazy\" decoding=\"async\" width=\"794\" height=\"794\" src=\"https:\/\/pulsair.net\/wp-content\/uploads\/2026\/03\/Puls-air-Heizgeraet-vorne-rechtscut.png\" class=\"attachment-full size-full wp-image-4819\" alt=\"\" srcset=\"https:\/\/pulsair.net\/wp-content\/uploads\/2026\/03\/Puls-air-Heizgeraet-vorne-rechtscut.png 794w, https:\/\/pulsair.net\/wp-content\/uploads\/2026\/03\/Puls-air-Heizgeraet-vorne-rechtscut-300x300.png 300w, https:\/\/pulsair.net\/wp-content\/uploads\/2026\/03\/Puls-air-Heizgeraet-vorne-rechtscut-150x150.png 150w, https:\/\/pulsair.net\/wp-content\/uploads\/2026\/03\/Puls-air-Heizgeraet-vorne-rechtscut-768x768.png 768w, https:\/\/pulsair.net\/wp-content\/uploads\/2026\/03\/Puls-air-Heizgeraet-vorne-rechtscut-12x12.png 12w, https:\/\/pulsair.net\/wp-content\/uploads\/2026\/03\/Puls-air-Heizgeraet-vorne-rechtscut-600x600.png 600w, https:\/\/pulsair.net\/wp-content\/uploads\/2026\/03\/Puls-air-Heizgeraet-vorne-rechtscut-100x100.png 100w\" sizes=\"(max-width: 794px) 100vw, 794px\" \/><\/div><\/a>\n\t\t\t\t<div class=\"elementor-post__text\">\n\t\t\t\t<h3 class=\"elementor-post__title\">\n\t\t\t<a href=\"https:\/\/pulsair.net\/nl\/referenz\/auto-matzinger-gmbh-niederneuching\/\" >\n\t\t\t\tAuto Matzinger GmbH&amp;Co.KG Niederneuching Duitsland \ud83c\udde9\ud83c\uddea\t\t\t<\/a>\n\t\t<\/h3>\n\t\t\n\t\t<a class=\"elementor-post__read-more\" href=\"https:\/\/pulsair.net\/nl\/referenz\/auto-matzinger-gmbh-niederneuching\/\" aria-label=\"Read more about Auto Matzinger GmbH&#038;Co.KG Niederneuching Deutschland &#x1f1e9;&#x1f1ea;\" tabindex=\"-1\" >\n\t\t\tZur Referenz &gt;&gt;\t\t<\/a>\n\n\t\t\t\t<\/div>\n\t\t\t\t<div class=\"elementor-post__meta-data\">\n\t\t\t\t\t<span class=\"elementor-post-date\">\n\t\t\t24 maart 2026\t\t<\/span>\n\t\t\t\t<\/div>\n\t\t\t\t\t<\/div>\n\t\t<\/article>\n\t\t\t\t<article class=\"elementor-post elementor-grid-item post-4896 post type-post status-publish format-standard has-post-thumbnail hentry category-deutschland category-referenz\" role=\"listitem\">\n\t\t\t<div class=\"elementor-post__card\">\n\t\t\t\t<a class=\"elementor-post__thumbnail__link\" href=\"https:\/\/pulsair.net\/nl\/referenz\/georg-mais-reil\/\" tabindex=\"-1\" ><div class=\"elementor-post__thumbnail\"><img loading=\"lazy\" decoding=\"async\" width=\"794\" height=\"794\" src=\"https:\/\/pulsair.net\/wp-content\/uploads\/2026\/03\/Puls-air-Heizgeraet-vorne-rechtscut.png\" class=\"attachment-full size-full wp-image-4819\" alt=\"\" srcset=\"https:\/\/pulsair.net\/wp-content\/uploads\/2026\/03\/Puls-air-Heizgeraet-vorne-rechtscut.png 794w, https:\/\/pulsair.net\/wp-content\/uploads\/2026\/03\/Puls-air-Heizgeraet-vorne-rechtscut-300x300.png 300w, https:\/\/pulsair.net\/wp-content\/uploads\/2026\/03\/Puls-air-Heizgeraet-vorne-rechtscut-150x150.png 150w, https:\/\/pulsair.net\/wp-content\/uploads\/2026\/03\/Puls-air-Heizgeraet-vorne-rechtscut-768x768.png 768w, https:\/\/pulsair.net\/wp-content\/uploads\/2026\/03\/Puls-air-Heizgeraet-vorne-rechtscut-12x12.png 12w, https:\/\/pulsair.net\/wp-content\/uploads\/2026\/03\/Puls-air-Heizgeraet-vorne-rechtscut-600x600.png 600w, https:\/\/pulsair.net\/wp-content\/uploads\/2026\/03\/Puls-air-Heizgeraet-vorne-rechtscut-100x100.png 100w\" sizes=\"(max-width: 794px) 100vw, 794px\" \/><\/div><\/a>\n\t\t\t\t<div class=\"elementor-post__text\">\n\t\t\t\t<h3 class=\"elementor-post__title\">\n\t\t\t<a href=\"https:\/\/pulsair.net\/nl\/referenz\/georg-mais-reil\/\" >\n\t\t\t\tGeorg Mais Reil Duitsland \ud83c\udde9\ud83c\uddea\t\t\t<\/a>\n\t\t<\/h3>\n\t\t\n\t\t<a class=\"elementor-post__read-more\" href=\"https:\/\/pulsair.net\/nl\/referenz\/georg-mais-reil\/\" aria-label=\"Read more about Georg Mais Reil Deutschland &#x1f1e9;&#x1f1ea;\" tabindex=\"-1\" >\n\t\t\tZur Referenz &gt;&gt;\t\t<\/a>\n\n\t\t\t\t<\/div>\n\t\t\t\t<div class=\"elementor-post__meta-data\">\n\t\t\t\t\t<span class=\"elementor-post-date\">\n\t\t\t24 maart 2026\t\t<\/span>\n\t\t\t\t<\/div>\n\t\t\t\t\t<\/div>\n\t\t<\/article>\n\t\t\t\t<article class=\"elementor-post elementor-grid-item post-4893 post type-post status-publish format-standard has-post-thumbnail hentry category-deutschland category-referenz\" role=\"listitem\">\n\t\t\t<div class=\"elementor-post__card\">\n\t\t\t\t<a class=\"elementor-post__thumbnail__link\" href=\"https:\/\/pulsair.net\/nl\/referenz\/auto-leuner-dresden\/\" tabindex=\"-1\" ><div class=\"elementor-post__thumbnail\"><img loading=\"lazy\" decoding=\"async\" width=\"794\" height=\"794\" src=\"https:\/\/pulsair.net\/wp-content\/uploads\/2026\/03\/Puls-air-Heizgeraet-vorne-rechtscut.png\" class=\"attachment-full size-full wp-image-4819\" alt=\"\" srcset=\"https:\/\/pulsair.net\/wp-content\/uploads\/2026\/03\/Puls-air-Heizgeraet-vorne-rechtscut.png 794w, https:\/\/pulsair.net\/wp-content\/uploads\/2026\/03\/Puls-air-Heizgeraet-vorne-rechtscut-300x300.png 300w, https:\/\/pulsair.net\/wp-content\/uploads\/2026\/03\/Puls-air-Heizgeraet-vorne-rechtscut-150x150.png 150w, https:\/\/pulsair.net\/wp-content\/uploads\/2026\/03\/Puls-air-Heizgeraet-vorne-rechtscut-768x768.png 768w, https:\/\/pulsair.net\/wp-content\/uploads\/2026\/03\/Puls-air-Heizgeraet-vorne-rechtscut-12x12.png 12w, https:\/\/pulsair.net\/wp-content\/uploads\/2026\/03\/Puls-air-Heizgeraet-vorne-rechtscut-600x600.png 600w, https:\/\/pulsair.net\/wp-content\/uploads\/2026\/03\/Puls-air-Heizgeraet-vorne-rechtscut-100x100.png 100w\" sizes=\"(max-width: 794px) 100vw, 794px\" \/><\/div><\/a>\n\t\t\t\t<div class=\"elementor-post__text\">\n\t\t\t\t<h3 class=\"elementor-post__title\">\n\t\t\t<a href=\"https:\/\/pulsair.net\/nl\/referenz\/auto-leuner-dresden\/\" >\n\t\t\t\tAuto Leuner Dresden Duitsland \ud83c\udde9\ud83c\uddea\t\t\t<\/a>\n\t\t<\/h3>\n\t\t\n\t\t<a class=\"elementor-post__read-more\" href=\"https:\/\/pulsair.net\/nl\/referenz\/auto-leuner-dresden\/\" aria-label=\"Read more about Auto Leuner Dresden Deutschland &#x1f1e9;&#x1f1ea;\" tabindex=\"-1\" >\n\t\t\tZur Referenz &gt;&gt;\t\t<\/a>\n\n\t\t\t\t<\/div>\n\t\t\t\t<div class=\"elementor-post__meta-data\">\n\t\t\t\t\t<span class=\"elementor-post-date\">\n\t\t\t24 maart 2026\t\t<\/span>\n\t\t\t\t<\/div>\n\t\t\t\t\t<\/div>\n\t\t<\/article>\n\t\t\t\t<article class=\"elementor-post elementor-grid-item post-4890 post type-post status-publish format-standard has-post-thumbnail hentry category-deutschland category-referenz\" role=\"listitem\">\n\t\t\t<div class=\"elementor-post__card\">\n\t\t\t\t<a class=\"elementor-post__thumbnail__link\" href=\"https:\/\/pulsair.net\/nl\/referenz\/holzdesign-michael-foehr-bruggen\/\" tabindex=\"-1\" ><div class=\"elementor-post__thumbnail\"><img loading=\"lazy\" decoding=\"async\" width=\"794\" height=\"794\" src=\"https:\/\/pulsair.net\/wp-content\/uploads\/2026\/03\/Puls-air-Heizgeraet-vorne-rechtscut.png\" class=\"attachment-full size-full wp-image-4819\" alt=\"\" srcset=\"https:\/\/pulsair.net\/wp-content\/uploads\/2026\/03\/Puls-air-Heizgeraet-vorne-rechtscut.png 794w, https:\/\/pulsair.net\/wp-content\/uploads\/2026\/03\/Puls-air-Heizgeraet-vorne-rechtscut-300x300.png 300w, https:\/\/pulsair.net\/wp-content\/uploads\/2026\/03\/Puls-air-Heizgeraet-vorne-rechtscut-150x150.png 150w, https:\/\/pulsair.net\/wp-content\/uploads\/2026\/03\/Puls-air-Heizgeraet-vorne-rechtscut-768x768.png 768w, https:\/\/pulsair.net\/wp-content\/uploads\/2026\/03\/Puls-air-Heizgeraet-vorne-rechtscut-12x12.png 12w, https:\/\/pulsair.net\/wp-content\/uploads\/2026\/03\/Puls-air-Heizgeraet-vorne-rechtscut-600x600.png 600w, https:\/\/pulsair.net\/wp-content\/uploads\/2026\/03\/Puls-air-Heizgeraet-vorne-rechtscut-100x100.png 100w\" sizes=\"(max-width: 794px) 100vw, 794px\" \/><\/div><\/a>\n\t\t\t\t<div class=\"elementor-post__text\">\n\t\t\t\t<h3 class=\"elementor-post__title\">\n\t\t\t<a href=\"https:\/\/pulsair.net\/nl\/referenz\/holzdesign-michael-foehr-bruggen\/\" >\n\t\t\t\tHolzdesign Michael F\u00f6hr Burggen Duitsland \ud83c\udde9\ud83c\uddea\t\t\t<\/a>\n\t\t<\/h3>\n\t\t\n\t\t<a class=\"elementor-post__read-more\" href=\"https:\/\/pulsair.net\/nl\/referenz\/holzdesign-michael-foehr-bruggen\/\" aria-label=\"Read more about Holzdesign Michael F\u00f6hr Burggen Deutschland &#x1f1e9;&#x1f1ea;\" tabindex=\"-1\" >\n\t\t\tZur Referenz &gt;&gt;\t\t<\/a>\n\n\t\t\t\t<\/div>\n\t\t\t\t<div class=\"elementor-post__meta-data\">\n\t\t\t\t\t<span class=\"elementor-post-date\">\n\t\t\t24 maart 2026\t\t<\/span>\n\t\t\t\t<\/div>\n\t\t\t\t\t<\/div>\n\t\t<\/article>\n\t\t\t\t<article class=\"elementor-post elementor-grid-item post-4885 post type-post status-publish format-standard has-post-thumbnail hentry category-deutschland category-referenz\" role=\"listitem\">\n\t\t\t<div class=\"elementor-post__card\">\n\t\t\t\t<a class=\"elementor-post__thumbnail__link\" href=\"https:\/\/pulsair.net\/nl\/referenz\/stefan-held-gmbh-loerrach\/\" tabindex=\"-1\" ><div class=\"elementor-post__thumbnail\"><img loading=\"lazy\" decoding=\"async\" width=\"794\" height=\"794\" src=\"https:\/\/pulsair.net\/wp-content\/uploads\/2026\/03\/Puls-air-Heizgeraet-vorne-rechtscut.png\" class=\"attachment-full size-full wp-image-4819\" alt=\"\" srcset=\"https:\/\/pulsair.net\/wp-content\/uploads\/2026\/03\/Puls-air-Heizgeraet-vorne-rechtscut.png 794w, https:\/\/pulsair.net\/wp-content\/uploads\/2026\/03\/Puls-air-Heizgeraet-vorne-rechtscut-300x300.png 300w, https:\/\/pulsair.net\/wp-content\/uploads\/2026\/03\/Puls-air-Heizgeraet-vorne-rechtscut-150x150.png 150w, https:\/\/pulsair.net\/wp-content\/uploads\/2026\/03\/Puls-air-Heizgeraet-vorne-rechtscut-768x768.png 768w, https:\/\/pulsair.net\/wp-content\/uploads\/2026\/03\/Puls-air-Heizgeraet-vorne-rechtscut-12x12.png 12w, https:\/\/pulsair.net\/wp-content\/uploads\/2026\/03\/Puls-air-Heizgeraet-vorne-rechtscut-600x600.png 600w, https:\/\/pulsair.net\/wp-content\/uploads\/2026\/03\/Puls-air-Heizgeraet-vorne-rechtscut-100x100.png 100w\" sizes=\"(max-width: 794px) 100vw, 794px\" \/><\/div><\/a>\n\t\t\t\t<div class=\"elementor-post__text\">\n\t\t\t\t<h3 class=\"elementor-post__title\">\n\t\t\t<a href=\"https:\/\/pulsair.net\/nl\/referenz\/stefan-held-gmbh-loerrach\/\" >\n\t\t\t\tPremio Reifen + Autoservice Stefan Held GmbH L\u00f6rrach Duitsland \ud83c\udde9\ud83c\uddea\t\t\t<\/a>\n\t\t<\/h3>\n\t\t\n\t\t<a class=\"elementor-post__read-more\" href=\"https:\/\/pulsair.net\/nl\/referenz\/stefan-held-gmbh-loerrach\/\" aria-label=\"Read more about Premio Reifen + Autoservice Stefan Held GmbH L\u00f6rrach Deutschland &#x1f1e9;&#x1f1ea;\" tabindex=\"-1\" >\n\t\t\tZur Referenz &gt;&gt;\t\t<\/a>\n\n\t\t\t\t<\/div>\n\t\t\t\t<div class=\"elementor-post__meta-data\">\n\t\t\t\t\t<span class=\"elementor-post-date\">\n\t\t\t24 maart 2026\t\t<\/span>\n\t\t\t\t<\/div>\n\t\t\t\t\t<\/div>\n\t\t<\/article>\n\t\t\t\t<article class=\"elementor-post elementor-grid-item post-4872 post type-post status-publish format-standard has-post-thumbnail hentry category-deutschland category-referenz\" role=\"listitem\">\n\t\t\t<div class=\"elementor-post__card\">\n\t\t\t\t<a class=\"elementor-post__thumbnail__link\" href=\"https:\/\/pulsair.net\/nl\/referenz\/auto-ferres-gmbh-wittilich\/\" tabindex=\"-1\" ><div class=\"elementor-post__thumbnail\"><img loading=\"lazy\" decoding=\"async\" width=\"794\" height=\"794\" src=\"https:\/\/pulsair.net\/wp-content\/uploads\/2026\/03\/Puls-air-Heizgeraet-vorne-rechtscut.png\" class=\"attachment-full size-full wp-image-4819\" alt=\"\" srcset=\"https:\/\/pulsair.net\/wp-content\/uploads\/2026\/03\/Puls-air-Heizgeraet-vorne-rechtscut.png 794w, https:\/\/pulsair.net\/wp-content\/uploads\/2026\/03\/Puls-air-Heizgeraet-vorne-rechtscut-300x300.png 300w, https:\/\/pulsair.net\/wp-content\/uploads\/2026\/03\/Puls-air-Heizgeraet-vorne-rechtscut-150x150.png 150w, https:\/\/pulsair.net\/wp-content\/uploads\/2026\/03\/Puls-air-Heizgeraet-vorne-rechtscut-768x768.png 768w, https:\/\/pulsair.net\/wp-content\/uploads\/2026\/03\/Puls-air-Heizgeraet-vorne-rechtscut-12x12.png 12w, https:\/\/pulsair.net\/wp-content\/uploads\/2026\/03\/Puls-air-Heizgeraet-vorne-rechtscut-600x600.png 600w, https:\/\/pulsair.net\/wp-content\/uploads\/2026\/03\/Puls-air-Heizgeraet-vorne-rechtscut-100x100.png 100w\" sizes=\"(max-width: 794px) 100vw, 794px\" \/><\/div><\/a>\n\t\t\t\t<div class=\"elementor-post__text\">\n\t\t\t\t<h3 class=\"elementor-post__title\">\n\t\t\t<a href=\"https:\/\/pulsair.net\/nl\/referenz\/auto-ferres-gmbh-wittilich\/\" >\n\t\t\t\tAuto Ferres GmbH Wittlich Duitsland \ud83c\udde9\ud83c\uddea\t\t\t<\/a>\n\t\t<\/h3>\n\t\t\n\t\t<a class=\"elementor-post__read-more\" href=\"https:\/\/pulsair.net\/nl\/referenz\/auto-ferres-gmbh-wittilich\/\" aria-label=\"Read more about Auto Ferres GmbH Wittlich Deutschland &#x1f1e9;&#x1f1ea;\" tabindex=\"-1\" >\n\t\t\tZur Referenz &gt;&gt;\t\t<\/a>\n\n\t\t\t\t<\/div>\n\t\t\t\t<div class=\"elementor-post__meta-data\">\n\t\t\t\t\t<span class=\"elementor-post-date\">\n\t\t\t24 maart 2026\t\t<\/span>\n\t\t\t\t<\/div>\n\t\t\t\t\t<\/div>\n\t\t<\/article>\n\t\t\t\t<\/div>\n\t\t\n\t\t\t\t\t\t<\/div>\n\t\t\t\t<\/div>\n\t\t\t\t\t<\/div>\n\t\t<\/div>\n\t\t\t\t\t<\/div>\n\t\t<\/section>\n\t\t\t\t<\/div>","protected":false},"excerpt":{"rendered":"<p>Kundenreferenz Autohaus Frank Mannert in Rimpar\u00a0 GLEICHM\u00c4SSIGE W\u00c4RME BEI GERINGEM VERBRAUCH Autohaus Frank Mannert in<\/p>","protected":false},"author":2,"featured_media":1248,"comment_status":"closed","ping_status":"closed","sticky":false,"template":"","format":"standard","meta":{"_joinchat":[],"footnotes":""},"categories":[48,44],"tags":[],"class_list":["post-1246","post","type-post","status-publish","format-standard","has-post-thumbnail","hentry","category-deutschland","category-referenz"],"yoast_head":"<!-- This site is optimized with the Yoast SEO plugin v27.4 - https:\/\/yoast.com\/product\/yoast-seo-wordpress\/ -->\n<title>Autohaus Frank Mannert in Rimpar Bayern\/Deutschland &#x1f1e9;&#x1f1ea; - Puls-air Hallen und Werkstattheizung<\/title>\n<meta name=\"robots\" content=\"index, follow, max-snippet:-1, max-image-preview:large, max-video-preview:-1\" \/>\n<link rel=\"canonical\" href=\"https:\/\/pulsair.net\/nl\/referenz\/autohaus-frank-mannert-in-rimpar\/\" \/>\n<meta property=\"og:locale\" content=\"nl_NL\" \/>\n<meta property=\"og:type\" content=\"article\" \/>\n<meta property=\"og:title\" content=\"Autohaus Frank Mannert in Rimpar Bayern\/Deutschland &#x1f1e9;&#x1f1ea; - Puls-air Hallen und Werkstattheizung\" \/>\n<meta property=\"og:description\" content=\"Kundenreferenz Autohaus Frank Mannert in Rimpar\u00a0 GLEICHM\u00c4SSIGE W\u00c4RME BEI GERINGEM VERBRAUCH Autohaus Frank Mannert in\" \/>\n<meta property=\"og:url\" content=\"https:\/\/pulsair.net\/nl\/referenz\/autohaus-frank-mannert-in-rimpar\/\" \/>\n<meta property=\"og:site_name\" content=\"Puls-air Hallen und Werkstattheizung\" \/>\n<meta property=\"article:published_time\" content=\"2022-04-12T12:58:59+00:00\" \/>\n<meta property=\"article:modified_time\" content=\"2024-11-12T07:27:40+00:00\" \/>\n<meta property=\"og:image\" content=\"https:\/\/pulsair.net\/wp-content\/uploads\/2022\/04\/Mannert-1-scaled.jpg\" \/>\n\t<meta property=\"og:image:width\" content=\"2560\" \/>\n\t<meta property=\"og:image:height\" content=\"1707\" \/>\n\t<meta property=\"og:image:type\" content=\"image\/jpeg\" \/>\n<meta name=\"author\" content=\"Luca Pletzer\" \/>\n<meta name=\"twitter:card\" content=\"summary_large_image\" \/>\n<meta name=\"twitter:label1\" content=\"Written by\" \/>\n\t<meta name=\"twitter:data1\" content=\"Luca Pletzer\" \/>\n\t<meta name=\"twitter:label2\" content=\"Est. reading time\" \/>\n\t<meta name=\"twitter:data2\" content=\"2 minuten\" \/>\n<script type=\"application\/ld+json\" class=\"yoast-schema-graph\">{\"@context\":\"https:\\\/\\\/schema.org\",\"@graph\":[{\"@type\":\"Article\",\"@id\":\"https:\\\/\\\/pulsair.net\\\/referenz\\\/autohaus-frank-mannert-in-rimpar\\\/#article\",\"isPartOf\":{\"@id\":\"https:\\\/\\\/pulsair.net\\\/referenz\\\/autohaus-frank-mannert-in-rimpar\\\/\"},\"author\":{\"name\":\"Luca Pletzer\",\"@id\":\"https:\\\/\\\/pulsair.net\\\/#\\\/schema\\\/person\\\/8ce7e42b60cd860146fe9332b1599b80\"},\"headline\":\"Autohaus Frank Mannert in Rimpar Bayern\\\/Deutschland &#x1f1e9;&#x1f1ea;\",\"datePublished\":\"2022-04-12T12:58:59+00:00\",\"dateModified\":\"2024-11-12T07:27:40+00:00\",\"mainEntityOfPage\":{\"@id\":\"https:\\\/\\\/pulsair.net\\\/referenz\\\/autohaus-frank-mannert-in-rimpar\\\/\"},\"wordCount\":447,\"publisher\":{\"@id\":\"https:\\\/\\\/pulsair.net\\\/#organization\"},\"image\":{\"@id\":\"https:\\\/\\\/pulsair.net\\\/referenz\\\/autohaus-frank-mannert-in-rimpar\\\/#primaryimage\"},\"thumbnailUrl\":\"https:\\\/\\\/pulsair.net\\\/wp-content\\\/uploads\\\/2022\\\/04\\\/Mannert-1-scaled.jpg\",\"articleSection\":[\"Deutschland\",\"Referenz\"],\"inLanguage\":\"nl-NL\"},{\"@type\":\"WebPage\",\"@id\":\"https:\\\/\\\/pulsair.net\\\/referenz\\\/autohaus-frank-mannert-in-rimpar\\\/\",\"url\":\"https:\\\/\\\/pulsair.net\\\/referenz\\\/autohaus-frank-mannert-in-rimpar\\\/\",\"name\":\"Autohaus Frank Mannert in Rimpar Bayern\\\/Deutschland &#x1f1e9;&#x1f1ea; - Puls-air Hallen und Werkstattheizung\",\"isPartOf\":{\"@id\":\"https:\\\/\\\/pulsair.net\\\/#website\"},\"primaryImageOfPage\":{\"@id\":\"https:\\\/\\\/pulsair.net\\\/referenz\\\/autohaus-frank-mannert-in-rimpar\\\/#primaryimage\"},\"image\":{\"@id\":\"https:\\\/\\\/pulsair.net\\\/referenz\\\/autohaus-frank-mannert-in-rimpar\\\/#primaryimage\"},\"thumbnailUrl\":\"https:\\\/\\\/pulsair.net\\\/wp-content\\\/uploads\\\/2022\\\/04\\\/Mannert-1-scaled.jpg\",\"datePublished\":\"2022-04-12T12:58:59+00:00\",\"dateModified\":\"2024-11-12T07:27:40+00:00\",\"breadcrumb\":{\"@id\":\"https:\\\/\\\/pulsair.net\\\/referenz\\\/autohaus-frank-mannert-in-rimpar\\\/#breadcrumb\"},\"inLanguage\":\"nl-NL\",\"potentialAction\":[{\"@type\":\"ReadAction\",\"target\":[\"https:\\\/\\\/pulsair.net\\\/referenz\\\/autohaus-frank-mannert-in-rimpar\\\/\"]}]},{\"@type\":\"ImageObject\",\"inLanguage\":\"nl-NL\",\"@id\":\"https:\\\/\\\/pulsair.net\\\/referenz\\\/autohaus-frank-mannert-in-rimpar\\\/#primaryimage\",\"url\":\"https:\\\/\\\/pulsair.net\\\/wp-content\\\/uploads\\\/2022\\\/04\\\/Mannert-1-scaled.jpg\",\"contentUrl\":\"https:\\\/\\\/pulsair.net\\\/wp-content\\\/uploads\\\/2022\\\/04\\\/Mannert-1-scaled.jpg\",\"width\":2560,\"height\":1707,\"caption\":\"Inhaber Frank Mannert\"},{\"@type\":\"BreadcrumbList\",\"@id\":\"https:\\\/\\\/pulsair.net\\\/referenz\\\/autohaus-frank-mannert-in-rimpar\\\/#breadcrumb\",\"itemListElement\":[{\"@type\":\"ListItem\",\"position\":1,\"name\":\"Startseite\",\"item\":\"https:\\\/\\\/pulsair.net\\\/\"},{\"@type\":\"ListItem\",\"position\":2,\"name\":\"Autohaus Frank Mannert in Rimpar Bayern\\\/Deutschland &#x1f1e9;&#x1f1ea;\"}]},{\"@type\":\"WebSite\",\"@id\":\"https:\\\/\\\/pulsair.net\\\/#website\",\"url\":\"https:\\\/\\\/pulsair.net\\\/\",\"name\":\"Puls-air Hallen und Werkstattheizung\",\"description\":\"50 % Heizkosten sparen\",\"publisher\":{\"@id\":\"https:\\\/\\\/pulsair.net\\\/#organization\"},\"potentialAction\":[{\"@type\":\"SearchAction\",\"target\":{\"@type\":\"EntryPoint\",\"urlTemplate\":\"https:\\\/\\\/pulsair.net\\\/?s={search_term_string}\"},\"query-input\":{\"@type\":\"PropertyValueSpecification\",\"valueRequired\":true,\"valueName\":\"search_term_string\"}}],\"inLanguage\":\"nl-NL\"},{\"@type\":\"Organization\",\"@id\":\"https:\\\/\\\/pulsair.net\\\/#organization\",\"name\":\"Puls-air Hallen und Werkstattheizung\",\"url\":\"https:\\\/\\\/pulsair.net\\\/\",\"logo\":{\"@type\":\"ImageObject\",\"inLanguage\":\"nl-NL\",\"@id\":\"https:\\\/\\\/pulsair.net\\\/#\\\/schema\\\/logo\\\/image\\\/\",\"url\":\"https:\\\/\\\/pulsair.net\\\/wp-content\\\/uploads\\\/2020\\\/07\\\/cropped-cropped-Rotation-alleine-500x500-1.png\",\"contentUrl\":\"https:\\\/\\\/pulsair.net\\\/wp-content\\\/uploads\\\/2020\\\/07\\\/cropped-cropped-Rotation-alleine-500x500-1.png\",\"width\":512,\"height\":512,\"caption\":\"Puls-air Hallen und Werkstattheizung\"},\"image\":{\"@id\":\"https:\\\/\\\/pulsair.net\\\/#\\\/schema\\\/logo\\\/image\\\/\"}},{\"@type\":\"Person\",\"@id\":\"https:\\\/\\\/pulsair.net\\\/#\\\/schema\\\/person\\\/8ce7e42b60cd860146fe9332b1599b80\",\"name\":\"Luca Pletzer\",\"image\":{\"@type\":\"ImageObject\",\"inLanguage\":\"nl-NL\",\"@id\":\"https:\\\/\\\/secure.gravatar.com\\\/avatar\\\/b3b43e1d42dc536d7696b8f044b5439fd2b2b4ca770a94409f7058813516f41a?s=96&d=mm&r=g\",\"url\":\"https:\\\/\\\/secure.gravatar.com\\\/avatar\\\/b3b43e1d42dc536d7696b8f044b5439fd2b2b4ca770a94409f7058813516f41a?s=96&d=mm&r=g\",\"contentUrl\":\"https:\\\/\\\/secure.gravatar.com\\\/avatar\\\/b3b43e1d42dc536d7696b8f044b5439fd2b2b4ca770a94409f7058813516f41a?s=96&d=mm&r=g\",\"caption\":\"Luca Pletzer\"},\"url\":\"https:\\\/\\\/pulsair.net\\\/nl\\\/author\\\/onlinemarketingluca-pletzer-com\\\/\"}]}<\/script>\n<!-- \/ Yoast SEO plugin. -->","yoast_head_json":{"title":"Autohaus Frank Mannert in Rimpar Bayern\/Deutschland &#x1f1e9;&#x1f1ea; - Puls-air Hallen und Werkstattheizung","robots":{"index":"index","follow":"follow","max-snippet":"max-snippet:-1","max-image-preview":"max-image-preview:large","max-video-preview":"max-video-preview:-1"},"canonical":"https:\/\/pulsair.net\/nl\/referenz\/autohaus-frank-mannert-in-rimpar\/","og_locale":"nl_NL","og_type":"article","og_title":"Autohaus Frank Mannert in Rimpar Bayern\/Deutschland &#x1f1e9;&#x1f1ea; - Puls-air Hallen und Werkstattheizung","og_description":"Kundenreferenz Autohaus Frank Mannert in Rimpar\u00a0 GLEICHM\u00c4SSIGE W\u00c4RME BEI GERINGEM VERBRAUCH Autohaus Frank Mannert in","og_url":"https:\/\/pulsair.net\/nl\/referenz\/autohaus-frank-mannert-in-rimpar\/","og_site_name":"Puls-air Hallen und Werkstattheizung","article_published_time":"2022-04-12T12:58:59+00:00","article_modified_time":"2024-11-12T07:27:40+00:00","og_image":[{"width":2560,"height":1707,"url":"https:\/\/pulsair.net\/wp-content\/uploads\/2022\/04\/Mannert-1-scaled.jpg","type":"image\/jpeg"}],"author":"Luca Pletzer","twitter_card":"summary_large_image","twitter_misc":{"Written by":"Luca Pletzer","Est. reading time":"2 minuten"},"schema":{"@context":"https:\/\/schema.org","@graph":[{"@type":"Article","@id":"https:\/\/pulsair.net\/referenz\/autohaus-frank-mannert-in-rimpar\/#article","isPartOf":{"@id":"https:\/\/pulsair.net\/referenz\/autohaus-frank-mannert-in-rimpar\/"},"author":{"name":"Luca Pletzer","@id":"https:\/\/pulsair.net\/#\/schema\/person\/8ce7e42b60cd860146fe9332b1599b80"},"headline":"Autohaus Frank Mannert in Rimpar Bayern\/Deutschland &#x1f1e9;&#x1f1ea;","datePublished":"2022-04-12T12:58:59+00:00","dateModified":"2024-11-12T07:27:40+00:00","mainEntityOfPage":{"@id":"https:\/\/pulsair.net\/referenz\/autohaus-frank-mannert-in-rimpar\/"},"wordCount":447,"publisher":{"@id":"https:\/\/pulsair.net\/#organization"},"image":{"@id":"https:\/\/pulsair.net\/referenz\/autohaus-frank-mannert-in-rimpar\/#primaryimage"},"thumbnailUrl":"https:\/\/pulsair.net\/wp-content\/uploads\/2022\/04\/Mannert-1-scaled.jpg","articleSection":["Deutschland","Referenz"],"inLanguage":"nl-NL"},{"@type":"WebPage","@id":"https:\/\/pulsair.net\/referenz\/autohaus-frank-mannert-in-rimpar\/","url":"https:\/\/pulsair.net\/referenz\/autohaus-frank-mannert-in-rimpar\/","name":"Autohaus Frank Mannert in Rimpar Bayern\/Deutschland &#x1f1e9;&#x1f1ea; - Puls-air Hallen und Werkstattheizung","isPartOf":{"@id":"https:\/\/pulsair.net\/#website"},"primaryImageOfPage":{"@id":"https:\/\/pulsair.net\/referenz\/autohaus-frank-mannert-in-rimpar\/#primaryimage"},"image":{"@id":"https:\/\/pulsair.net\/referenz\/autohaus-frank-mannert-in-rimpar\/#primaryimage"},"thumbnailUrl":"https:\/\/pulsair.net\/wp-content\/uploads\/2022\/04\/Mannert-1-scaled.jpg","datePublished":"2022-04-12T12:58:59+00:00","dateModified":"2024-11-12T07:27:40+00:00","breadcrumb":{"@id":"https:\/\/pulsair.net\/referenz\/autohaus-frank-mannert-in-rimpar\/#breadcrumb"},"inLanguage":"nl-NL","potentialAction":[{"@type":"ReadAction","target":["https:\/\/pulsair.net\/referenz\/autohaus-frank-mannert-in-rimpar\/"]}]},{"@type":"ImageObject","inLanguage":"nl-NL","@id":"https:\/\/pulsair.net\/referenz\/autohaus-frank-mannert-in-rimpar\/#primaryimage","url":"https:\/\/pulsair.net\/wp-content\/uploads\/2022\/04\/Mannert-1-scaled.jpg","contentUrl":"https:\/\/pulsair.net\/wp-content\/uploads\/2022\/04\/Mannert-1-scaled.jpg","width":2560,"height":1707,"caption":"Inhaber Frank Mannert"},{"@type":"BreadcrumbList","@id":"https:\/\/pulsair.net\/referenz\/autohaus-frank-mannert-in-rimpar\/#breadcrumb","itemListElement":[{"@type":"ListItem","position":1,"name":"Startseite","item":"https:\/\/pulsair.net\/"},{"@type":"ListItem","position":2,"name":"Autohaus Frank Mannert in Rimpar Bayern\/Deutschland &#x1f1e9;&#x1f1ea;"}]},{"@type":"WebSite","@id":"https:\/\/pulsair.net\/#website","url":"https:\/\/pulsair.net\/","name":"Puls-air Hallen und Werkstattheizung","description":"50 % Heizkosten sparen","publisher":{"@id":"https:\/\/pulsair.net\/#organization"},"potentialAction":[{"@type":"SearchAction","target":{"@type":"EntryPoint","urlTemplate":"https:\/\/pulsair.net\/?s={search_term_string}"},"query-input":{"@type":"PropertyValueSpecification","valueRequired":true,"valueName":"search_term_string"}}],"inLanguage":"nl-NL"},{"@type":"Organization","@id":"https:\/\/pulsair.net\/#organization","name":"Puls-air Hallen und Werkstattheizung","url":"https:\/\/pulsair.net\/","logo":{"@type":"ImageObject","inLanguage":"nl-NL","@id":"https:\/\/pulsair.net\/#\/schema\/logo\/image\/","url":"https:\/\/pulsair.net\/wp-content\/uploads\/2020\/07\/cropped-cropped-Rotation-alleine-500x500-1.png","contentUrl":"https:\/\/pulsair.net\/wp-content\/uploads\/2020\/07\/cropped-cropped-Rotation-alleine-500x500-1.png","width":512,"height":512,"caption":"Puls-air Hallen und Werkstattheizung"},"image":{"@id":"https:\/\/pulsair.net\/#\/schema\/logo\/image\/"}},{"@type":"Person","@id":"https:\/\/pulsair.net\/#\/schema\/person\/8ce7e42b60cd860146fe9332b1599b80","name":"Luca Pletzer","image":{"@type":"ImageObject","inLanguage":"nl-NL","@id":"https:\/\/secure.gravatar.com\/avatar\/b3b43e1d42dc536d7696b8f044b5439fd2b2b4ca770a94409f7058813516f41a?s=96&d=mm&r=g","url":"https:\/\/secure.gravatar.com\/avatar\/b3b43e1d42dc536d7696b8f044b5439fd2b2b4ca770a94409f7058813516f41a?s=96&d=mm&r=g","contentUrl":"https:\/\/secure.gravatar.com\/avatar\/b3b43e1d42dc536d7696b8f044b5439fd2b2b4ca770a94409f7058813516f41a?s=96&d=mm&r=g","caption":"Luca Pletzer"},"url":"https:\/\/pulsair.net\/nl\/author\/onlinemarketingluca-pletzer-com\/"}]}},"_links":{"self":[{"href":"https:\/\/pulsair.net\/nl\/wp-json\/wp\/v2\/posts\/1246","targetHints":{"allow":["GET"]}}],"collection":[{"href":"https:\/\/pulsair.net\/nl\/wp-json\/wp\/v2\/posts"}],"about":[{"href":"https:\/\/pulsair.net\/nl\/wp-json\/wp\/v2\/types\/post"}],"author":[{"embeddable":true,"href":"https:\/\/pulsair.net\/nl\/wp-json\/wp\/v2\/users\/2"}],"replies":[{"embeddable":true,"href":"https:\/\/pulsair.net\/nl\/wp-json\/wp\/v2\/comments?post=1246"}],"version-history":[{"count":4,"href":"https:\/\/pulsair.net\/nl\/wp-json\/wp\/v2\/posts\/1246\/revisions"}],"predecessor-version":[{"id":3884,"href":"https:\/\/pulsair.net\/nl\/wp-json\/wp\/v2\/posts\/1246\/revisions\/3884"}],"wp:featuredmedia":[{"embeddable":true,"href":"https:\/\/pulsair.net\/nl\/wp-json\/wp\/v2\/media\/1248"}],"wp:attachment":[{"href":"https:\/\/pulsair.net\/nl\/wp-json\/wp\/v2\/media?parent=1246"}],"wp:term":[{"taxonomy":"category","embeddable":true,"href":"https:\/\/pulsair.net\/nl\/wp-json\/wp\/v2\/categories?post=1246"},{"taxonomy":"post_tag","embeddable":true,"href":"https:\/\/pulsair.net\/nl\/wp-json\/wp\/v2\/tags?post=1246"}],"curies":[{"name":"wp","href":"https:\/\/api.w.org\/{rel}","templated":true}]}}