{"id":2038,"date":"2022-10-14T09:19:25","date_gmt":"2022-10-14T09:19:25","guid":{"rendered":"https:\/\/pulsair.net\/?p=2038"},"modified":"2024-11-12T07:28:24","modified_gmt":"2024-11-12T07:28:24","slug":"knecht-automobile","status":"publish","type":"post","link":"https:\/\/pulsair.net\/nl\/referenz\/knecht-automobile\/","title":{"rendered":"Knecht Automobile Hettenschwil\/Zurzach\/Zwitserland \ud83c\udde8\ud83c\udded"},"content":{"rendered":"<div data-elementor-type=\"wp-post\" data-elementor-id=\"2038\" class=\"elementor elementor-2038\" data-elementor-post-type=\"post\">\n\t\t\t\t\t\t<section class=\"elementor-section elementor-top-section elementor-element elementor-element-b326046 elementor-reverse-tablet elementor-reverse-mobile elementor-section-boxed elementor-section-height-default elementor-section-height-default\" data-id=\"b326046\" data-element_type=\"section\" data-e-type=\"section\" data-settings=\"{&quot;background_background&quot;:&quot;classic&quot;}\">\n\t\t\t\t\t\t<div class=\"elementor-container elementor-column-gap-default\">\n\t\t\t\t\t<div class=\"elementor-column elementor-col-50 elementor-top-column elementor-element elementor-element-48afff31\" data-id=\"48afff31\" data-element_type=\"column\" data-e-type=\"column\">\n\t\t\t<div class=\"elementor-widget-wrap elementor-element-populated\">\n\t\t\t\t\t\t<div class=\"elementor-element elementor-element-47098b0f elementor-widget elementor-widget-text-editor\" data-id=\"47098b0f\" data-element_type=\"widget\" data-e-type=\"widget\" data-widget_type=\"text-editor.default\">\n\t\t\t\t<div class=\"elementor-widget-container\">\n\t\t\t\t\t\t\t\t\t<div class=\"titel_cst_small smallTitle TitelKlein\">Klantreferentie<\/div>\t\t\t\t\t\t\t\t<\/div>\n\t\t\t\t<\/div>\n\t\t\t\t<div class=\"elementor-element elementor-element-555652b4 elementor-widget elementor-widget-text-editor\" data-id=\"555652b4\" data-element_type=\"widget\" data-e-type=\"widget\" data-widget_type=\"text-editor.default\">\n\t\t\t\t<div class=\"elementor-widget-container\">\n\t\t\t\t\t\t\t\t\t<div class=\"titel_cst\"><div class=\"titel_cst_big\"><h1>Bereits seit 2016 wird auch in der Schweiz mit Puls-air geheizt.<\/h1><\/div><\/div>\t\t\t\t\t\t\t\t<\/div>\n\t\t\t\t<\/div>\n\t\t\t\t<div class=\"elementor-element elementor-element-10354a02 elementor-widget elementor-widget-text-editor\" data-id=\"10354a02\" data-element_type=\"widget\" data-e-type=\"widget\" data-widget_type=\"text-editor.default\">\n\t\t\t\t<div class=\"elementor-widget-container\">\n\t\t\t\t\t\t\t\t\t<p><strong>Joe Knecht, Inhaber von Knecht Automobile beschreibt seine Erfahrungen mit der heiz\u00f6lbetriebenen Werkstatt- und Hallenheizung Puls-air aus \u00d6sterreich.<\/strong><\/p><p>Seit 2004 ist Knecht Automobile im Schweizer Hettenschwil f\u00fcr seine Kunden da. Nach dem Motto \u201eQualit\u00e4t ist unser Antrieb\u201c werden in der hauseigenen Kfz-Werkstatt Reparatur- und Servicearbeiten f\u00fcr Fahrzeuge aller Marken durchgef\u00fchrt. Weiters verf\u00fcgt Knecht \u00fcber ein vielf\u00e4ltiges und breites Gebrauchtwagen-Angebot.<\/p><p>Damit in der hauseigenen Kfz-Werkstatt auch im Winter geschraubt werden kann erkundigte sich Knecht nach einer geeigneten Heizung f\u00fcr seine, mit 6,5 Meter, relativ hohe Werkstatt.<\/p><p>Bei einem Messebesuch in Frankfurt \u00fcberzeugte Knecht im Jahr 2016 die kompakte Heizung Puls-air aus \u00d6sterreich. Im selben Jahr orderte er als 1. Schweizer eine Puls-air Heizung.<\/p>\t\t\t\t\t\t\t\t<\/div>\n\t\t\t\t<\/div>\n\t\t\t\t\t<\/div>\n\t\t<\/div>\n\t\t\t\t<div class=\"elementor-column elementor-col-50 elementor-top-column elementor-element elementor-element-3fd23096\" data-id=\"3fd23096\" data-element_type=\"column\" data-e-type=\"column\">\n\t\t\t<div class=\"elementor-widget-wrap elementor-element-populated\">\n\t\t\t\t\t\t<div class=\"elementor-element elementor-element-cfb7898 elementor-widget elementor-widget-image\" data-id=\"cfb7898\" data-element_type=\"widget\" data-e-type=\"widget\" data-widget_type=\"image.default\">\n\t\t\t\t<div class=\"elementor-widget-container\">\n\t\t\t\t\t\t\t\t\t\t\t\t\t\t\t\t<a href=\"http:\/\/pulsair.net\/wp-content\/uploads\/2022\/10\/DSC1124-scaled.jpg\" data-elementor-open-lightbox=\"yes\" data-elementor-lightbox-title=\"Joe Knecht mit Puls-air Werkstattheizung\" data-elementor-lightbox-description=\"Joe Knecht mit Puls-air Werkstattheizung\" data-e-action-hash=\"#elementor-action%3Aaction%3Dlightbox%26settings%3DeyJpZCI6MjA0MSwidXJsIjoiaHR0cHM6XC9cL3B1bHNhaXIubmV0XC93cC1jb250ZW50XC91cGxvYWRzXC8yMDIyXC8xMFwvRFNDMTEyNC1zY2FsZWQuanBnIn0%3D\">\n\t\t\t\t\t\t\t<img fetchpriority=\"high\" decoding=\"async\" width=\"731\" height=\"1024\" src=\"https:\/\/pulsair.net\/wp-content\/uploads\/2022\/10\/DSC1124-731x1024.jpg\" class=\"attachment-large size-large wp-image-2041\" alt=\"Joe Knecht mit Puls-air Werkstattheizung\" srcset=\"https:\/\/pulsair.net\/wp-content\/uploads\/2022\/10\/DSC1124-731x1024.jpg 731w, https:\/\/pulsair.net\/wp-content\/uploads\/2022\/10\/DSC1124-214x300.jpg 214w, https:\/\/pulsair.net\/wp-content\/uploads\/2022\/10\/DSC1124-768x1076.jpg 768w, https:\/\/pulsair.net\/wp-content\/uploads\/2022\/10\/DSC1124-1096x1536.jpg 1096w, https:\/\/pulsair.net\/wp-content\/uploads\/2022\/10\/DSC1124-1462x2048.jpg 1462w, https:\/\/pulsair.net\/wp-content\/uploads\/2022\/10\/DSC1124-600x841.jpg 600w, https:\/\/pulsair.net\/wp-content\/uploads\/2022\/10\/DSC1124-scaled.jpg 1827w\" sizes=\"(max-width: 731px) 100vw, 731px\" \/>\t\t\t\t\t\t\t\t<\/a>\n\t\t\t\t\t\t\t\t\t\t\t\t\t\t\t<\/div>\n\t\t\t\t<\/div>\n\t\t\t\t\t<\/div>\n\t\t<\/div>\n\t\t\t\t\t<\/div>\n\t\t<\/section>\n\t\t\t\t<section class=\"elementor-section elementor-top-section elementor-element elementor-element-a5cc4db elementor-section-boxed elementor-section-height-default elementor-section-height-default\" data-id=\"a5cc4db\" data-element_type=\"section\" data-e-type=\"section\">\n\t\t\t\t\t\t<div class=\"elementor-container elementor-column-gap-default\">\n\t\t\t\t\t<div class=\"elementor-column elementor-col-50 elementor-top-column elementor-element elementor-element-a933b9e\" data-id=\"a933b9e\" data-element_type=\"column\" data-e-type=\"column\">\n\t\t\t<div class=\"elementor-widget-wrap elementor-element-populated\">\n\t\t\t\t\t\t<div class=\"elementor-element elementor-element-e5ef755 elementor-widget elementor-widget-image\" data-id=\"e5ef755\" data-element_type=\"widget\" data-e-type=\"widget\" data-widget_type=\"image.default\">\n\t\t\t\t<div class=\"elementor-widget-container\">\n\t\t\t\t\t\t\t\t\t\t\t\t\t\t\t\t<a href=\"http:\/\/pulsair.net\/wp-content\/uploads\/2022\/10\/DSC1127-scaled.jpg\" data-elementor-open-lightbox=\"yes\" data-elementor-lightbox-title=\"Knecht Automobile Innenansicht\" data-elementor-lightbox-description=\"Knecht Automobile Innenansicht\" data-e-action-hash=\"#elementor-action%3Aaction%3Dlightbox%26settings%3DeyJpZCI6MjA0MiwidXJsIjoiaHR0cHM6XC9cL3B1bHNhaXIubmV0XC93cC1jb250ZW50XC91cGxvYWRzXC8yMDIyXC8xMFwvRFNDMTEyNy1zY2FsZWQuanBnIn0%3D\">\n\t\t\t\t\t\t\t<img decoding=\"async\" width=\"1024\" height=\"553\" src=\"https:\/\/pulsair.net\/wp-content\/uploads\/2022\/10\/DSC1127-1024x553.jpg\" class=\"attachment-large size-large wp-image-2042\" alt=\"Knecht Automobile Innenansicht\" srcset=\"https:\/\/pulsair.net\/wp-content\/uploads\/2022\/10\/DSC1127-1024x553.jpg 1024w, https:\/\/pulsair.net\/wp-content\/uploads\/2022\/10\/DSC1127-300x162.jpg 300w, https:\/\/pulsair.net\/wp-content\/uploads\/2022\/10\/DSC1127-768x415.jpg 768w, https:\/\/pulsair.net\/wp-content\/uploads\/2022\/10\/DSC1127-1536x829.jpg 1536w, https:\/\/pulsair.net\/wp-content\/uploads\/2022\/10\/DSC1127-2048x1106.jpg 2048w, https:\/\/pulsair.net\/wp-content\/uploads\/2022\/10\/DSC1127-600x324.jpg 600w\" sizes=\"(max-width: 1024px) 100vw, 1024px\" \/>\t\t\t\t\t\t\t\t<\/a>\n\t\t\t\t\t\t\t\t\t\t\t\t\t\t\t<\/div>\n\t\t\t\t<\/div>\n\t\t\t\t\t<\/div>\n\t\t<\/div>\n\t\t\t\t<div class=\"elementor-column elementor-col-50 elementor-top-column elementor-element elementor-element-2c17cc8\" data-id=\"2c17cc8\" data-element_type=\"column\" data-e-type=\"column\">\n\t\t\t<div class=\"elementor-widget-wrap elementor-element-populated\">\n\t\t\t\t\t\t<div class=\"elementor-element elementor-element-670e3f3 elementor-widget elementor-widget-image\" data-id=\"670e3f3\" data-element_type=\"widget\" data-e-type=\"widget\" data-widget_type=\"image.default\">\n\t\t\t\t<div class=\"elementor-widget-container\">\n\t\t\t\t\t\t\t\t\t\t\t\t\t\t\t\t<a href=\"http:\/\/pulsair.net\/wp-content\/uploads\/2022\/10\/DSC1092-scaled.jpg\" data-elementor-open-lightbox=\"yes\" data-elementor-lightbox-title=\"Knecht Automobile Au\u00dfenansicht\" data-elementor-lightbox-description=\"Knecht Automobile Au\u00dfenansicht\" data-e-action-hash=\"#elementor-action%3Aaction%3Dlightbox%26settings%3DeyJpZCI6MjA0MywidXJsIjoiaHR0cHM6XC9cL3B1bHNhaXIubmV0XC93cC1jb250ZW50XC91cGxvYWRzXC8yMDIyXC8xMFwvRFNDMTA5Mi1zY2FsZWQuanBnIn0%3D\">\n\t\t\t\t\t\t\t<img decoding=\"async\" width=\"1024\" height=\"645\" src=\"https:\/\/pulsair.net\/wp-content\/uploads\/2022\/10\/DSC1092-1024x645.jpg\" class=\"attachment-large size-large wp-image-2043\" alt=\"Autoservice Marien Au\u00dfenaufnahme\" srcset=\"https:\/\/pulsair.net\/wp-content\/uploads\/2022\/10\/DSC1092-1024x645.jpg 1024w, https:\/\/pulsair.net\/wp-content\/uploads\/2022\/10\/DSC1092-300x189.jpg 300w, https:\/\/pulsair.net\/wp-content\/uploads\/2022\/10\/DSC1092-768x483.jpg 768w, https:\/\/pulsair.net\/wp-content\/uploads\/2022\/10\/DSC1092-1536x967.jpg 1536w, https:\/\/pulsair.net\/wp-content\/uploads\/2022\/10\/DSC1092-2048x1289.jpg 2048w, https:\/\/pulsair.net\/wp-content\/uploads\/2022\/10\/DSC1092-600x378.jpg 600w\" sizes=\"(max-width: 1024px) 100vw, 1024px\" \/>\t\t\t\t\t\t\t\t<\/a>\n\t\t\t\t\t\t\t\t\t\t\t\t\t\t\t<\/div>\n\t\t\t\t<\/div>\n\t\t\t\t\t<\/div>\n\t\t<\/div>\n\t\t\t\t\t<\/div>\n\t\t<\/section>\n\t\t\t\t<section class=\"elementor-section elementor-top-section elementor-element elementor-element-7ebf292 elementor-section-boxed elementor-section-height-default elementor-section-height-default\" data-id=\"7ebf292\" data-element_type=\"section\" data-e-type=\"section\" data-settings=\"{&quot;background_background&quot;:&quot;classic&quot;}\">\n\t\t\t\t\t\t<div class=\"elementor-container elementor-column-gap-default\">\n\t\t\t\t\t<div class=\"elementor-column elementor-col-100 elementor-top-column elementor-element elementor-element-daa0f45\" data-id=\"daa0f45\" data-element_type=\"column\" data-e-type=\"column\">\n\t\t\t<div class=\"elementor-widget-wrap elementor-element-populated\">\n\t\t\t\t\t\t<div class=\"elementor-element elementor-element-1c1ffa7 elementor-widget elementor-widget-text-editor\" data-id=\"1c1ffa7\" data-element_type=\"widget\" data-e-type=\"widget\" data-widget_type=\"text-editor.default\">\n\t\t\t\t<div class=\"elementor-widget-container\">\n\t\t\t\t\t\t\t\t\t<h2>Warm trotz 6,5 Meter Raumh\u00f6he<\/h2><p>Zu beginn hatte Knecht bedenken, ob die Heizung aus \u00d6sterreich seine Werkstatt beheizen kann, da sie mit 6,5 Metern relativ hoch ist. Schnell stellte heraus, dass die vom Hersteller beschriebene \u201esich langsam drehende thermische Luftwalze\u201c, welche im zu beheizenden Raum vom Heizger\u00e4t erzeugt wird, ihre Aufgabe erf\u00fcllt. Die W\u00e4rme in der Werkstatt ist dort, wo sie ben\u00f6tigt wird, n\u00e4mlich im Boden-Bereich, wo gearbeitet wird.<\/p><h2>Wie entsteht die thermische Luftwalze?<\/h2><p>Physikalisch richtig wird das Puls-air Heizger\u00e4t am Boden des zu beheizenden Raumes aufgestellt. Die warme Luft str\u00f6mt mit ca. 50-60 Grad aus dem Ger\u00e4t heraus, verteilt sich im Boden-Bereich der R\u00e4umlichkeit. Wenn genug kalte Luft vom Boden erw\u00e4rmt ist, steigt sie auf. Oben k\u00fchlt die Luft ab (da kein Deckengebl\u00e4se oder \u00e4hnliche W\u00e4rmequellen), sinkt wieder zu Boden und wird somit vorgew\u00e4rmt erneut durch das Heizger\u00e4t gezogen. Es entsteht eine \u201esich langsam drehende thermische Luftwalze\u201c welche viel Heizkosten spart.<\/p><p>Das Gegenbeispiel w\u00e4ren Deckengebl\u00e4se, welche die warme Luft, gegen die Physik mit hohem Energieaufwand nach unten dr\u00fccken. Die kalte Luft befindet sich somit dort, wo sie nicht ben\u00f6tigt wird, im Fu\u00dfbodenbereich bei den Mitarbeitern.<\/p><h2>Patentierte Verbrennung aus der Raketenforschung als entscheidender Unterschied bei den Heizkosten<\/h2><p>Speziell jetzt, wo alle Ressourcen so teuer sind, wie noch nie, ist es wichtig effizient zu heizen. Puls-air hat nachgewiesen einen Wirkungsgrad von 97 %, herk\u00f6mmliche \u00d6l- und Gasheizungen haben einen Wirkungsgrad zw. 50 &amp; 60 %. Das bedeutet, dass nur 3 % des eingesetzten Treibstoffes nicht in W\u00e4rme umgewandelt wird. Durch eine Patentierung darf nur Puls-air die pulsierende Verbrennung verbauen und vertreiben.<\/p><h2>Schnelle und einfache Inbetriebnahme ohne Techniker<\/h2><p>Ein wichtiger Entscheidungsgrund war Herrn Knecht beim Kauf einer neuen Heizung die Installation bzw. Inbetriebnahme. Bei den meisten Heizl\u00f6sungen bedarf es einen Techniker, der die Heizung installiert, was nat\u00fcrlich mit Mehrkosten verbunden ist. Die Puls-air Heizung kommt auf einer Europalette geliefert, wird am Boden des zu beheizenden Raumes platziert (min. 30 cm von der Wand weg). 230 Volt Strom anstecken, Abgas via 35 mm Edelstahlrohr ins Freie leiten, ggf. Ger\u00e4t mit bestehenden Heiz\u00f6ltank verbinden (zur sofortigen Inbetriebnahme ist hinten am Ger\u00e4t ein 20 Liter Tank angebracht). FERTIG.<\/p><h2>Zufrieden mit Verbrauch und Qualit\u00e4t<\/h2><p>Herr Knecht schildert, dass die Heizung bereits seit 2016 Jahren ohne jeglichen gr\u00f6\u00dferen Wartungsaufwand betrieben wird. Dies ist nur m\u00f6glich, weil die pulsierende Verbrennung derart sauber und frei von Verbrennungsr\u00fcckst\u00e4nden ist. Gut f\u00fcr die Wartungskosten und f\u00fcr die Umwelt!<\/p><h2>Zusammenfassung: Warum ist Puls-air so sparsam?<\/h2><p>Daf\u00fcr gibt es drei Hauptgr\u00fcnde:<\/p><ul><li>Physikalisch sinnvolle Positionierung am Boden der zu beheizenden R\u00e4umlichkeit<\/li><li>Patentierte pulsierende Verbrennung mit 97 % Wirkungsgrad und hervorragenden Verbrennungswerten<\/li><li>Sich langsam drehende thermische Luftwalze (Die Luft wird nicht immer von null erw\u00e4rmt, sondern vorgew\u00e4rmt durch das Heizger\u00e4t gezogen)<\/li><\/ul>\t\t\t\t\t\t\t\t<\/div>\n\t\t\t\t<\/div>\n\t\t\t\t\t<\/div>\n\t\t<\/div>\n\t\t\t\t\t<\/div>\n\t\t<\/section>\n\t\t\t\t<section class=\"elementor-section elementor-top-section elementor-element elementor-element-30ea119f elementor-section-boxed elementor-section-height-default elementor-section-height-default\" data-id=\"30ea119f\" data-element_type=\"section\" data-e-type=\"section\">\n\t\t\t\t\t\t<div class=\"elementor-container elementor-column-gap-default\">\n\t\t\t\t\t<div class=\"elementor-column elementor-col-100 elementor-top-column elementor-element elementor-element-7b06df9b\" data-id=\"7b06df9b\" data-element_type=\"column\" data-e-type=\"column\">\n\t\t\t<div class=\"elementor-widget-wrap elementor-element-populated\">\n\t\t\t\t\t\t<div class=\"elementor-element elementor-element-6a960c68 elementor-position-top elementor-widget elementor-widget-image-box\" data-id=\"6a960c68\" data-element_type=\"widget\" data-e-type=\"widget\" data-widget_type=\"image-box.default\">\n\t\t\t\t<div class=\"elementor-widget-container\">\n\t\t\t\t\t<div class=\"elementor-image-box-wrapper\"><figure class=\"elementor-image-box-img\"><a href=\"http:\/\/pulsair.net\/wp-content\/uploads\/2023\/04\/knecht-cut.wav\" tabindex=\"-1\"><img loading=\"lazy\" decoding=\"async\" width=\"150\" height=\"150\" src=\"https:\/\/pulsair.net\/wp-content\/uploads\/2022\/02\/website-sprachmeme-150x150.png\" class=\"elementor-animation-shrink attachment-thumbnail size-thumbnail wp-image-793\" alt=\"\" srcset=\"https:\/\/pulsair.net\/wp-content\/uploads\/2022\/02\/website-sprachmeme-150x150.png 150w, https:\/\/pulsair.net\/wp-content\/uploads\/2022\/02\/website-sprachmeme-300x300.png 300w, https:\/\/pulsair.net\/wp-content\/uploads\/2022\/02\/website-sprachmeme-1024x1020.png 1024w, https:\/\/pulsair.net\/wp-content\/uploads\/2022\/02\/website-sprachmeme-768x765.png 768w, https:\/\/pulsair.net\/wp-content\/uploads\/2022\/02\/website-sprachmeme-600x598.png 600w, https:\/\/pulsair.net\/wp-content\/uploads\/2022\/02\/website-sprachmeme-100x100.png 100w, https:\/\/pulsair.net\/wp-content\/uploads\/2022\/02\/website-sprachmeme.png 1147w\" sizes=\"(max-width: 150px) 100vw, 150px\" \/><\/a><\/figure><div class=\"elementor-image-box-content\"><h3 class=\"elementor-image-box-title\"><a href=\"http:\/\/pulsair.net\/wp-content\/uploads\/2023\/04\/knecht-cut.wav\">Interview Knecht<\/a><\/h3><p class=\"elementor-image-box-description\">Luister hier<\/p><\/div><\/div>\t\t\t\t<\/div>\n\t\t\t\t<\/div>\n\t\t\t\t\t<\/div>\n\t\t<\/div>\n\t\t\t\t\t<\/div>\n\t\t<\/section>\n\t\t\t\t<section class=\"elementor-section elementor-top-section elementor-element elementor-element-05d5797 elementor-section-boxed elementor-section-height-default elementor-section-height-default\" data-id=\"05d5797\" data-element_type=\"section\" data-e-type=\"section\">\n\t\t\t\t\t\t<div class=\"elementor-container elementor-column-gap-default\">\n\t\t\t\t\t<div class=\"elementor-column elementor-col-100 elementor-top-column elementor-element elementor-element-77a0251\" data-id=\"77a0251\" data-element_type=\"column\" data-e-type=\"column\">\n\t\t\t<div class=\"elementor-widget-wrap elementor-element-populated\">\n\t\t\t\t\t\t<div class=\"elementor-element elementor-element-06d753c elementor-widget elementor-widget-text-editor\" data-id=\"06d753c\" data-element_type=\"widget\" data-e-type=\"widget\" data-widget_type=\"text-editor.default\">\n\t\t\t\t<div class=\"elementor-widget-container\">\n\t\t\t\t\t\t\t\t\t<div class=\"titel_cst\"><div class=\"titel_cst_big\"><h2 class=\"Titel\">Verdere referenties:<\/h2><\/div><\/div>\t\t\t\t\t\t\t\t<\/div>\n\t\t\t\t<\/div>\n\t\t\t\t<div class=\"elementor-element elementor-element-cd53b0b elementor-grid-3 elementor-grid-tablet-2 elementor-grid-mobile-1 elementor-posts--thumbnail-top elementor-card-shadow-yes elementor-posts__hover-gradient elementor-widget elementor-widget-global elementor-global-1038 elementor-widget-posts\" data-id=\"cd53b0b\" data-element_type=\"widget\" data-e-type=\"widget\" data-settings=\"{&quot;cards_masonry&quot;:&quot;yes&quot;,&quot;cards_columns&quot;:&quot;3&quot;,&quot;cards_columns_tablet&quot;:&quot;2&quot;,&quot;cards_columns_mobile&quot;:&quot;1&quot;,&quot;cards_row_gap&quot;:{&quot;unit&quot;:&quot;px&quot;,&quot;size&quot;:35,&quot;sizes&quot;:[]},&quot;cards_row_gap_tablet&quot;:{&quot;unit&quot;:&quot;px&quot;,&quot;size&quot;:&quot;&quot;,&quot;sizes&quot;:[]},&quot;cards_row_gap_mobile&quot;:{&quot;unit&quot;:&quot;px&quot;,&quot;size&quot;:&quot;&quot;,&quot;sizes&quot;:[]}}\" data-widget_type=\"posts.cards\">\n\t\t\t\t<div class=\"elementor-widget-container\">\n\t\t\t\t\t\t\t<div class=\"elementor-posts-container elementor-posts elementor-posts--skin-cards elementor-grid\" role=\"list\">\n\t\t\t\t<article class=\"elementor-post elementor-grid-item post-5109 post type-post status-publish format-standard has-post-thumbnail hentry category-deutschland category-referenz\" role=\"listitem\">\n\t\t\t<div class=\"elementor-post__card\">\n\t\t\t\t<a class=\"elementor-post__thumbnail__link\" href=\"https:\/\/pulsair.net\/nl\/referenz\/auto-lackier-center-bamberg\/\" tabindex=\"-1\" ><div class=\"elementor-post__thumbnail\"><img loading=\"lazy\" decoding=\"async\" width=\"640\" height=\"480\" src=\"https:\/\/pulsair.net\/wp-content\/uploads\/2026\/03\/unnamed-2.jpg\" class=\"attachment-full size-full wp-image-5111\" alt=\"\" srcset=\"https:\/\/pulsair.net\/wp-content\/uploads\/2026\/03\/unnamed-2.jpg 640w, https:\/\/pulsair.net\/wp-content\/uploads\/2026\/03\/unnamed-2-300x225.jpg 300w, https:\/\/pulsair.net\/wp-content\/uploads\/2026\/03\/unnamed-2-16x12.jpg 16w, https:\/\/pulsair.net\/wp-content\/uploads\/2026\/03\/unnamed-2-600x450.jpg 600w\" sizes=\"(max-width: 640px) 100vw, 640px\" \/><\/div><\/a>\n\t\t\t\t<div class=\"elementor-post__text\">\n\t\t\t\t<h3 class=\"elementor-post__title\">\n\t\t\t<a href=\"https:\/\/pulsair.net\/nl\/referenz\/auto-lackier-center-bamberg\/\" >\n\t\t\t\tAUTO-LACKIER-CENTER &#038; KAROSSERIEFACHBETRIEB, Bamberg, Deutschland &#x1f1e9;&#x1f1ea;\t\t\t<\/a>\n\t\t<\/h3>\n\t\t\n\t\t<a class=\"elementor-post__read-more\" href=\"https:\/\/pulsair.net\/nl\/referenz\/auto-lackier-center-bamberg\/\" aria-label=\"Read more about AUTO-LACKIER-CENTER &#038; KAROSSERIEFACHBETRIEB, Bamberg, Deutschland &#x1f1e9;&#x1f1ea;\" tabindex=\"-1\" >\n\t\t\tZur Referenz &gt;&gt;\t\t<\/a>\n\n\t\t\t\t<\/div>\n\t\t\t\t<div class=\"elementor-post__meta-data\">\n\t\t\t\t\t<span class=\"elementor-post-date\">\n\t\t\tmaart 30, 2026\t\t<\/span>\n\t\t\t\t<\/div>\n\t\t\t\t\t<\/div>\n\t\t<\/article>\n\t\t\t\t<article class=\"elementor-post elementor-grid-item post-5098 post type-post status-publish format-standard has-post-thumbnail hentry category-deutschland category-referenz\" role=\"listitem\">\n\t\t\t<div class=\"elementor-post__card\">\n\t\t\t\t<a class=\"elementor-post__thumbnail__link\" href=\"https:\/\/pulsair.net\/nl\/referenz\/autohaus-schroeder-gmbh-bad-oldesloe\/\" tabindex=\"-1\" ><div class=\"elementor-post__thumbnail\"><img loading=\"lazy\" decoding=\"async\" width=\"1920\" height=\"1440\" src=\"https:\/\/pulsair.net\/wp-content\/uploads\/2026\/03\/P1280095-SchrAder-4.jpg\" class=\"attachment-full size-full wp-image-5100\" alt=\"\" srcset=\"https:\/\/pulsair.net\/wp-content\/uploads\/2026\/03\/P1280095-SchrAder-4.jpg 1920w, https:\/\/pulsair.net\/wp-content\/uploads\/2026\/03\/P1280095-SchrAder-4-300x225.jpg 300w, https:\/\/pulsair.net\/wp-content\/uploads\/2026\/03\/P1280095-SchrAder-4-1024x768.jpg 1024w, https:\/\/pulsair.net\/wp-content\/uploads\/2026\/03\/P1280095-SchrAder-4-768x576.jpg 768w, https:\/\/pulsair.net\/wp-content\/uploads\/2026\/03\/P1280095-SchrAder-4-1536x1152.jpg 1536w, https:\/\/pulsair.net\/wp-content\/uploads\/2026\/03\/P1280095-SchrAder-4-16x12.jpg 16w, https:\/\/pulsair.net\/wp-content\/uploads\/2026\/03\/P1280095-SchrAder-4-600x450.jpg 600w\" sizes=\"(max-width: 1920px) 100vw, 1920px\" \/><\/div><\/a>\n\t\t\t\t<div class=\"elementor-post__text\">\n\t\t\t\t<h3 class=\"elementor-post__title\">\n\t\t\t<a href=\"https:\/\/pulsair.net\/nl\/referenz\/autohaus-schroeder-gmbh-bad-oldesloe\/\" >\n\t\t\t\tAutohaus Schr\u00f6der GmbH Bad Oldesloe, Deutschland &#x1f1e9;&#x1f1ea;\t\t\t<\/a>\n\t\t<\/h3>\n\t\t\n\t\t<a class=\"elementor-post__read-more\" href=\"https:\/\/pulsair.net\/nl\/referenz\/autohaus-schroeder-gmbh-bad-oldesloe\/\" aria-label=\"Read more about Autohaus Schr\u00f6der GmbH Bad Oldesloe, Deutschland &#x1f1e9;&#x1f1ea;\" tabindex=\"-1\" >\n\t\t\tZur Referenz &gt;&gt;\t\t<\/a>\n\n\t\t\t\t<\/div>\n\t\t\t\t<div class=\"elementor-post__meta-data\">\n\t\t\t\t\t<span class=\"elementor-post-date\">\n\t\t\tmaart 26, 2026\t\t<\/span>\n\t\t\t\t<\/div>\n\t\t\t\t\t<\/div>\n\t\t<\/article>\n\t\t\t\t<article class=\"elementor-post elementor-grid-item post-5086 post type-post status-publish format-standard has-post-thumbnail hentry category-deutschland category-referenz\" role=\"listitem\">\n\t\t\t<div class=\"elementor-post__card\">\n\t\t\t\t<a class=\"elementor-post__thumbnail__link\" href=\"https:\/\/pulsair.net\/nl\/referenz\/ts-carservice-thomas-stoss-schluechtern\/\" tabindex=\"-1\" ><div class=\"elementor-post__thumbnail\"><img loading=\"lazy\" decoding=\"async\" width=\"1280\" height=\"1920\" src=\"https:\/\/pulsair.net\/wp-content\/uploads\/2026\/03\/ts-pulsair_5063-ts-Car-Service-7.jpg\" class=\"attachment-full size-full wp-image-5088\" alt=\"\" srcset=\"https:\/\/pulsair.net\/wp-content\/uploads\/2026\/03\/ts-pulsair_5063-ts-Car-Service-7.jpg 1280w, https:\/\/pulsair.net\/wp-content\/uploads\/2026\/03\/ts-pulsair_5063-ts-Car-Service-7-200x300.jpg 200w, https:\/\/pulsair.net\/wp-content\/uploads\/2026\/03\/ts-pulsair_5063-ts-Car-Service-7-683x1024.jpg 683w, https:\/\/pulsair.net\/wp-content\/uploads\/2026\/03\/ts-pulsair_5063-ts-Car-Service-7-768x1152.jpg 768w, https:\/\/pulsair.net\/wp-content\/uploads\/2026\/03\/ts-pulsair_5063-ts-Car-Service-7-1024x1536.jpg 1024w, https:\/\/pulsair.net\/wp-content\/uploads\/2026\/03\/ts-pulsair_5063-ts-Car-Service-7-8x12.jpg 8w, https:\/\/pulsair.net\/wp-content\/uploads\/2026\/03\/ts-pulsair_5063-ts-Car-Service-7-600x900.jpg 600w\" sizes=\"(max-width: 1280px) 100vw, 1280px\" \/><\/div><\/a>\n\t\t\t\t<div class=\"elementor-post__text\">\n\t\t\t\t<h3 class=\"elementor-post__title\">\n\t\t\t<a href=\"https:\/\/pulsair.net\/nl\/referenz\/ts-carservice-thomas-stoss-schluechtern\/\" >\n\t\t\t\tTS-Carservice Thomas Sto\u00df Schl\u00fcchtern, Deutschland &#x1f1e9;&#x1f1ea;\t\t\t<\/a>\n\t\t<\/h3>\n\t\t\n\t\t<a class=\"elementor-post__read-more\" href=\"https:\/\/pulsair.net\/nl\/referenz\/ts-carservice-thomas-stoss-schluechtern\/\" aria-label=\"Read more about TS-Carservice Thomas Sto\u00df Schl\u00fcchtern, Deutschland &#x1f1e9;&#x1f1ea;\" tabindex=\"-1\" >\n\t\t\tZur Referenz &gt;&gt;\t\t<\/a>\n\n\t\t\t\t<\/div>\n\t\t\t\t<div class=\"elementor-post__meta-data\">\n\t\t\t\t\t<span class=\"elementor-post-date\">\n\t\t\tmaart 26, 2026\t\t<\/span>\n\t\t\t\t<\/div>\n\t\t\t\t\t<\/div>\n\t\t<\/article>\n\t\t\t\t<article class=\"elementor-post elementor-grid-item post-5074 post type-post status-publish format-standard has-post-thumbnail hentry category-deutschland category-referenz\" role=\"listitem\">\n\t\t\t<div class=\"elementor-post__card\">\n\t\t\t\t<a class=\"elementor-post__thumbnail__link\" href=\"https:\/\/pulsair.net\/nl\/referenz\/autohaus-richter-gmbh-bitterfeld-wolfen\/\" tabindex=\"-1\" ><div class=\"elementor-post__thumbnail\"><img loading=\"lazy\" decoding=\"async\" width=\"1920\" height=\"1280\" src=\"https:\/\/pulsair.net\/wp-content\/uploads\/2026\/03\/foto-grehl-1MP-7246.jpg\" class=\"attachment-full size-full wp-image-5076\" alt=\"\" srcset=\"https:\/\/pulsair.net\/wp-content\/uploads\/2026\/03\/foto-grehl-1MP-7246.jpg 1920w, https:\/\/pulsair.net\/wp-content\/uploads\/2026\/03\/foto-grehl-1MP-7246-300x200.jpg 300w, https:\/\/pulsair.net\/wp-content\/uploads\/2026\/03\/foto-grehl-1MP-7246-1024x683.jpg 1024w, https:\/\/pulsair.net\/wp-content\/uploads\/2026\/03\/foto-grehl-1MP-7246-768x512.jpg 768w, https:\/\/pulsair.net\/wp-content\/uploads\/2026\/03\/foto-grehl-1MP-7246-1536x1024.jpg 1536w, https:\/\/pulsair.net\/wp-content\/uploads\/2026\/03\/foto-grehl-1MP-7246-18x12.jpg 18w, https:\/\/pulsair.net\/wp-content\/uploads\/2026\/03\/foto-grehl-1MP-7246-600x400.jpg 600w\" sizes=\"(max-width: 1920px) 100vw, 1920px\" \/><\/div><\/a>\n\t\t\t\t<div class=\"elementor-post__text\">\n\t\t\t\t<h3 class=\"elementor-post__title\">\n\t\t\t<a href=\"https:\/\/pulsair.net\/nl\/referenz\/autohaus-richter-gmbh-bitterfeld-wolfen\/\" >\n\t\t\t\tAutohaus Richter GmbH Bitterfeld-Wolfen, Deutschland &#x1f1e9;&#x1f1ea;\t\t\t<\/a>\n\t\t<\/h3>\n\t\t\n\t\t<a class=\"elementor-post__read-more\" href=\"https:\/\/pulsair.net\/nl\/referenz\/autohaus-richter-gmbh-bitterfeld-wolfen\/\" aria-label=\"Read more about Autohaus Richter GmbH Bitterfeld-Wolfen, Deutschland &#x1f1e9;&#x1f1ea;\" tabindex=\"-1\" >\n\t\t\tZur Referenz &gt;&gt;\t\t<\/a>\n\n\t\t\t\t<\/div>\n\t\t\t\t<div class=\"elementor-post__meta-data\">\n\t\t\t\t\t<span class=\"elementor-post-date\">\n\t\t\tmaart 26, 2026\t\t<\/span>\n\t\t\t\t<\/div>\n\t\t\t\t\t<\/div>\n\t\t<\/article>\n\t\t\t\t<article class=\"elementor-post elementor-grid-item post-5056 post type-post status-publish format-standard has-post-thumbnail hentry category-deutschland category-referenz\" role=\"listitem\">\n\t\t\t<div class=\"elementor-post__card\">\n\t\t\t\t<a class=\"elementor-post__thumbnail__link\" href=\"https:\/\/pulsair.net\/nl\/referenz\/1a-autoservice-martin-distner-eslarn\/\" tabindex=\"-1\" ><div class=\"elementor-post__thumbnail\"><img loading=\"lazy\" decoding=\"async\" width=\"1709\" height=\"2560\" src=\"https:\/\/pulsair.net\/wp-content\/uploads\/2026\/03\/DSCF2467-scaled.jpg\" class=\"attachment-full size-full wp-image-5060\" alt=\"\" srcset=\"https:\/\/pulsair.net\/wp-content\/uploads\/2026\/03\/DSCF2467-scaled.jpg 1709w, https:\/\/pulsair.net\/wp-content\/uploads\/2026\/03\/DSCF2467-200x300.jpg 200w, https:\/\/pulsair.net\/wp-content\/uploads\/2026\/03\/DSCF2467-684x1024.jpg 684w, https:\/\/pulsair.net\/wp-content\/uploads\/2026\/03\/DSCF2467-768x1150.jpg 768w, https:\/\/pulsair.net\/wp-content\/uploads\/2026\/03\/DSCF2467-1025x1536.jpg 1025w, https:\/\/pulsair.net\/wp-content\/uploads\/2026\/03\/DSCF2467-1367x2048.jpg 1367w, https:\/\/pulsair.net\/wp-content\/uploads\/2026\/03\/DSCF2467-8x12.jpg 8w, https:\/\/pulsair.net\/wp-content\/uploads\/2026\/03\/DSCF2467-600x899.jpg 600w\" sizes=\"(max-width: 1709px) 100vw, 1709px\" \/><\/div><\/a>\n\t\t\t\t<div class=\"elementor-post__text\">\n\t\t\t\t<h3 class=\"elementor-post__title\">\n\t\t\t<a href=\"https:\/\/pulsair.net\/nl\/referenz\/1a-autoservice-martin-distner-eslarn\/\" >\n\t\t\t\t1a autoservice Martin Distner Eslarn, Deutschland &#x1f1e9;&#x1f1ea;\t\t\t<\/a>\n\t\t<\/h3>\n\t\t\n\t\t<a class=\"elementor-post__read-more\" href=\"https:\/\/pulsair.net\/nl\/referenz\/1a-autoservice-martin-distner-eslarn\/\" aria-label=\"Read more about 1a autoservice Martin Distner Eslarn, Deutschland &#x1f1e9;&#x1f1ea;\" tabindex=\"-1\" >\n\t\t\tZur Referenz &gt;&gt;\t\t<\/a>\n\n\t\t\t\t<\/div>\n\t\t\t\t<div class=\"elementor-post__meta-data\">\n\t\t\t\t\t<span class=\"elementor-post-date\">\n\t\t\tmaart 26, 2026\t\t<\/span>\n\t\t\t\t<\/div>\n\t\t\t\t\t<\/div>\n\t\t<\/article>\n\t\t\t\t<article class=\"elementor-post elementor-grid-item post-5047 post type-post status-publish format-standard has-post-thumbnail hentry category-deutschland category-referenz\" role=\"listitem\">\n\t\t\t<div class=\"elementor-post__card\">\n\t\t\t\t<a class=\"elementor-post__thumbnail__link\" href=\"https:\/\/pulsair.net\/nl\/referenz\/autohaus-bacher-gmbh-ingolstadt\/\" tabindex=\"-1\" ><div class=\"elementor-post__thumbnail\"><img loading=\"lazy\" decoding=\"async\" width=\"1920\" height=\"1280\" src=\"https:\/\/pulsair.net\/wp-content\/uploads\/2026\/03\/Bild-004.jpg\" class=\"attachment-full size-full wp-image-5049\" alt=\"\" srcset=\"https:\/\/pulsair.net\/wp-content\/uploads\/2026\/03\/Bild-004.jpg 1920w, https:\/\/pulsair.net\/wp-content\/uploads\/2026\/03\/Bild-004-300x200.jpg 300w, https:\/\/pulsair.net\/wp-content\/uploads\/2026\/03\/Bild-004-1024x683.jpg 1024w, https:\/\/pulsair.net\/wp-content\/uploads\/2026\/03\/Bild-004-768x512.jpg 768w, https:\/\/pulsair.net\/wp-content\/uploads\/2026\/03\/Bild-004-1536x1024.jpg 1536w, https:\/\/pulsair.net\/wp-content\/uploads\/2026\/03\/Bild-004-18x12.jpg 18w, https:\/\/pulsair.net\/wp-content\/uploads\/2026\/03\/Bild-004-600x400.jpg 600w\" sizes=\"(max-width: 1920px) 100vw, 1920px\" \/><\/div><\/a>\n\t\t\t\t<div class=\"elementor-post__text\">\n\t\t\t\t<h3 class=\"elementor-post__title\">\n\t\t\t<a href=\"https:\/\/pulsair.net\/nl\/referenz\/autohaus-bacher-gmbh-ingolstadt\/\" >\n\t\t\t\tAutohaus Bacher GmbH Ingolstadt, Deutschland &#x1f1e9;&#x1f1ea;\t\t\t<\/a>\n\t\t<\/h3>\n\t\t\n\t\t<a class=\"elementor-post__read-more\" href=\"https:\/\/pulsair.net\/nl\/referenz\/autohaus-bacher-gmbh-ingolstadt\/\" aria-label=\"Read more about Autohaus Bacher GmbH Ingolstadt, Deutschland &#x1f1e9;&#x1f1ea;\" tabindex=\"-1\" >\n\t\t\tZur Referenz &gt;&gt;\t\t<\/a>\n\n\t\t\t\t<\/div>\n\t\t\t\t<div class=\"elementor-post__meta-data\">\n\t\t\t\t\t<span class=\"elementor-post-date\">\n\t\t\tmaart 26, 2026\t\t<\/span>\n\t\t\t\t<\/div>\n\t\t\t\t\t<\/div>\n\t\t<\/article>\n\t\t\t\t<article class=\"elementor-post elementor-grid-item post-4924 post type-post status-publish format-standard has-post-thumbnail hentry category-deutschland category-referenz\" role=\"listitem\">\n\t\t\t<div class=\"elementor-post__card\">\n\t\t\t\t<a class=\"elementor-post__thumbnail__link\" href=\"https:\/\/pulsair.net\/nl\/referenz\/stefan-alt-reidenhausen\/\" tabindex=\"-1\" ><div class=\"elementor-post__thumbnail\"><img loading=\"lazy\" decoding=\"async\" width=\"1280\" height=\"1920\" src=\"https:\/\/pulsair.net\/wp-content\/uploads\/2026\/03\/2509Alt7-5068.jpg\" class=\"attachment-full size-full wp-image-4926\" alt=\"\" srcset=\"https:\/\/pulsair.net\/wp-content\/uploads\/2026\/03\/2509Alt7-5068.jpg 1280w, https:\/\/pulsair.net\/wp-content\/uploads\/2026\/03\/2509Alt7-5068-200x300.jpg 200w, https:\/\/pulsair.net\/wp-content\/uploads\/2026\/03\/2509Alt7-5068-683x1024.jpg 683w, https:\/\/pulsair.net\/wp-content\/uploads\/2026\/03\/2509Alt7-5068-768x1152.jpg 768w, https:\/\/pulsair.net\/wp-content\/uploads\/2026\/03\/2509Alt7-5068-1024x1536.jpg 1024w, https:\/\/pulsair.net\/wp-content\/uploads\/2026\/03\/2509Alt7-5068-8x12.jpg 8w, https:\/\/pulsair.net\/wp-content\/uploads\/2026\/03\/2509Alt7-5068-600x900.jpg 600w\" sizes=\"(max-width: 1280px) 100vw, 1280px\" \/><\/div><\/a>\n\t\t\t\t<div class=\"elementor-post__text\">\n\t\t\t\t<h3 class=\"elementor-post__title\">\n\t\t\t<a href=\"https:\/\/pulsair.net\/nl\/referenz\/stefan-alt-reidenhausen\/\" >\n\t\t\t\tVrije garage Stefan Alt Reidenhausen Duitsland \ud83c\udde9\ud83c\uddea\t\t\t<\/a>\n\t\t<\/h3>\n\t\t\n\t\t<a class=\"elementor-post__read-more\" href=\"https:\/\/pulsair.net\/nl\/referenz\/stefan-alt-reidenhausen\/\" aria-label=\"Read more about Freie Kfz-werkstatt Stefan Alt Reidenhausen Deutschland &#x1f1e9;&#x1f1ea;\" tabindex=\"-1\" >\n\t\t\tZur Referenz &gt;&gt;\t\t<\/a>\n\n\t\t\t\t<\/div>\n\t\t\t\t<div class=\"elementor-post__meta-data\">\n\t\t\t\t\t<span class=\"elementor-post-date\">\n\t\t\t24 maart 2026\t\t<\/span>\n\t\t\t\t<\/div>\n\t\t\t\t\t<\/div>\n\t\t<\/article>\n\t\t\t\t<article class=\"elementor-post elementor-grid-item post-4916 post type-post status-publish format-standard has-post-thumbnail hentry category-deutschland category-referenz\" role=\"listitem\">\n\t\t\t<div class=\"elementor-post__card\">\n\t\t\t\t<a class=\"elementor-post__thumbnail__link\" href=\"https:\/\/pulsair.net\/nl\/referenz\/auto-wohlschlager-rohrdorf-achenmuehle\/\" tabindex=\"-1\" ><div class=\"elementor-post__thumbnail\"><img loading=\"lazy\" decoding=\"async\" width=\"1512\" height=\"2016\" src=\"https:\/\/pulsair.net\/wp-content\/uploads\/2026\/03\/bce832fd-18b0-42b4-a534-a2bbd5d6eb6b.jpg\" class=\"attachment-full size-full wp-image-4918\" alt=\"\" srcset=\"https:\/\/pulsair.net\/wp-content\/uploads\/2026\/03\/bce832fd-18b0-42b4-a534-a2bbd5d6eb6b.jpg 1512w, https:\/\/pulsair.net\/wp-content\/uploads\/2026\/03\/bce832fd-18b0-42b4-a534-a2bbd5d6eb6b-225x300.jpg 225w, https:\/\/pulsair.net\/wp-content\/uploads\/2026\/03\/bce832fd-18b0-42b4-a534-a2bbd5d6eb6b-768x1024.jpg 768w, https:\/\/pulsair.net\/wp-content\/uploads\/2026\/03\/bce832fd-18b0-42b4-a534-a2bbd5d6eb6b-1152x1536.jpg 1152w, https:\/\/pulsair.net\/wp-content\/uploads\/2026\/03\/bce832fd-18b0-42b4-a534-a2bbd5d6eb6b-9x12.jpg 9w, https:\/\/pulsair.net\/wp-content\/uploads\/2026\/03\/bce832fd-18b0-42b4-a534-a2bbd5d6eb6b-600x800.jpg 600w\" sizes=\"(max-width: 1512px) 100vw, 1512px\" \/><\/div><\/a>\n\t\t\t\t<div class=\"elementor-post__text\">\n\t\t\t\t<h3 class=\"elementor-post__title\">\n\t\t\t<a href=\"https:\/\/pulsair.net\/nl\/referenz\/auto-wohlschlager-rohrdorf-achenmuehle\/\" >\n\t\t\t\tAuto Wohlschlager Rohrdorf-Achenm\u00fchle Duitsland \ud83c\udde9\ud83c\uddea\t\t\t<\/a>\n\t\t<\/h3>\n\t\t\n\t\t<a class=\"elementor-post__read-more\" href=\"https:\/\/pulsair.net\/nl\/referenz\/auto-wohlschlager-rohrdorf-achenmuehle\/\" aria-label=\"Read more about Auto Wohlschlager Rohrdorf-Achenm\u00fchle Deutschland &#x1f1e9;&#x1f1ea;\" tabindex=\"-1\" >\n\t\t\tZur Referenz &gt;&gt;\t\t<\/a>\n\n\t\t\t\t<\/div>\n\t\t\t\t<div class=\"elementor-post__meta-data\">\n\t\t\t\t\t<span class=\"elementor-post-date\">\n\t\t\t24 maart 2026\t\t<\/span>\n\t\t\t\t<\/div>\n\t\t\t\t\t<\/div>\n\t\t<\/article>\n\t\t\t\t<article class=\"elementor-post elementor-grid-item post-4912 post type-post status-publish format-standard has-post-thumbnail hentry category-deutschland category-referenz\" role=\"listitem\">\n\t\t\t<div class=\"elementor-post__card\">\n\t\t\t\t<a class=\"elementor-post__thumbnail__link\" href=\"https:\/\/pulsair.net\/nl\/referenz\/auto-reifenservice-wissemborski-ochtrup\/\" tabindex=\"-1\" ><div class=\"elementor-post__thumbnail\"><img loading=\"lazy\" decoding=\"async\" width=\"2560\" height=\"1920\" src=\"https:\/\/pulsair.net\/wp-content\/uploads\/2026\/03\/4096-3072-max-1-scaled.jpg\" class=\"attachment-full size-full wp-image-4914\" alt=\"\" srcset=\"https:\/\/pulsair.net\/wp-content\/uploads\/2026\/03\/4096-3072-max-1-scaled.jpg 2560w, https:\/\/pulsair.net\/wp-content\/uploads\/2026\/03\/4096-3072-max-1-300x225.jpg 300w, https:\/\/pulsair.net\/wp-content\/uploads\/2026\/03\/4096-3072-max-1-1024x768.jpg 1024w, https:\/\/pulsair.net\/wp-content\/uploads\/2026\/03\/4096-3072-max-1-768x576.jpg 768w, https:\/\/pulsair.net\/wp-content\/uploads\/2026\/03\/4096-3072-max-1-1536x1152.jpg 1536w, https:\/\/pulsair.net\/wp-content\/uploads\/2026\/03\/4096-3072-max-1-2048x1536.jpg 2048w, https:\/\/pulsair.net\/wp-content\/uploads\/2026\/03\/4096-3072-max-1-16x12.jpg 16w, https:\/\/pulsair.net\/wp-content\/uploads\/2026\/03\/4096-3072-max-1-600x450.jpg 600w\" sizes=\"(max-width: 2560px) 100vw, 2560px\" \/><\/div><\/a>\n\t\t\t\t<div class=\"elementor-post__text\">\n\t\t\t\t<h3 class=\"elementor-post__title\">\n\t\t\t<a href=\"https:\/\/pulsair.net\/nl\/referenz\/auto-reifenservice-wissemborski-ochtrup\/\" >\n\t\t\t\tAuto- en Bandenservice Wissemborski Ochtrup Duitsland \ud83c\udde9\ud83c\uddea\t\t\t<\/a>\n\t\t<\/h3>\n\t\t\n\t\t<a class=\"elementor-post__read-more\" href=\"https:\/\/pulsair.net\/nl\/referenz\/auto-reifenservice-wissemborski-ochtrup\/\" aria-label=\"Read more about Auto- u. Reifenservice Wissemborski Ochtrup Deutschland &#x1f1e9;&#x1f1ea;\" tabindex=\"-1\" >\n\t\t\tZur Referenz &gt;&gt;\t\t<\/a>\n\n\t\t\t\t<\/div>\n\t\t\t\t<div class=\"elementor-post__meta-data\">\n\t\t\t\t\t<span class=\"elementor-post-date\">\n\t\t\t24 maart 2026\t\t<\/span>\n\t\t\t\t<\/div>\n\t\t\t\t\t<\/div>\n\t\t<\/article>\n\t\t\t\t<article class=\"elementor-post elementor-grid-item post-4909 post type-post status-publish format-standard has-post-thumbnail hentry category-deutschland category-referenz\" role=\"listitem\">\n\t\t\t<div class=\"elementor-post__card\">\n\t\t\t\t<a class=\"elementor-post__thumbnail__link\" href=\"https:\/\/pulsair.net\/nl\/referenz\/wilhelm-rosenberg-ohg-bad-wildungen\/\" tabindex=\"-1\" ><div class=\"elementor-post__thumbnail\"><img loading=\"lazy\" decoding=\"async\" width=\"794\" height=\"794\" src=\"https:\/\/pulsair.net\/wp-content\/uploads\/2026\/03\/Puls-air-Heizgeraet-vorne-rechtscut.png\" class=\"attachment-full size-full wp-image-4819\" alt=\"\" srcset=\"https:\/\/pulsair.net\/wp-content\/uploads\/2026\/03\/Puls-air-Heizgeraet-vorne-rechtscut.png 794w, https:\/\/pulsair.net\/wp-content\/uploads\/2026\/03\/Puls-air-Heizgeraet-vorne-rechtscut-300x300.png 300w, https:\/\/pulsair.net\/wp-content\/uploads\/2026\/03\/Puls-air-Heizgeraet-vorne-rechtscut-150x150.png 150w, https:\/\/pulsair.net\/wp-content\/uploads\/2026\/03\/Puls-air-Heizgeraet-vorne-rechtscut-768x768.png 768w, https:\/\/pulsair.net\/wp-content\/uploads\/2026\/03\/Puls-air-Heizgeraet-vorne-rechtscut-12x12.png 12w, https:\/\/pulsair.net\/wp-content\/uploads\/2026\/03\/Puls-air-Heizgeraet-vorne-rechtscut-600x600.png 600w, https:\/\/pulsair.net\/wp-content\/uploads\/2026\/03\/Puls-air-Heizgeraet-vorne-rechtscut-100x100.png 100w\" sizes=\"(max-width: 794px) 100vw, 794px\" \/><\/div><\/a>\n\t\t\t\t<div class=\"elementor-post__text\">\n\t\t\t\t<h3 class=\"elementor-post__title\">\n\t\t\t<a href=\"https:\/\/pulsair.net\/nl\/referenz\/wilhelm-rosenberg-ohg-bad-wildungen\/\" >\n\t\t\t\tWilhelm Rosenberg OHG Bad Wildungen, Duitsland \ud83c\udde9\ud83c\uddea\t\t\t<\/a>\n\t\t<\/h3>\n\t\t\n\t\t<a class=\"elementor-post__read-more\" href=\"https:\/\/pulsair.net\/nl\/referenz\/wilhelm-rosenberg-ohg-bad-wildungen\/\" aria-label=\"Read more about Wilhelm Rosenberg OHG Bad Wildungen, Deutschland &#x1f1e9;&#x1f1ea;\" tabindex=\"-1\" >\n\t\t\tZur Referenz &gt;&gt;\t\t<\/a>\n\n\t\t\t\t<\/div>\n\t\t\t\t<div class=\"elementor-post__meta-data\">\n\t\t\t\t\t<span class=\"elementor-post-date\">\n\t\t\t24 maart 2026\t\t<\/span>\n\t\t\t\t<\/div>\n\t\t\t\t\t<\/div>\n\t\t<\/article>\n\t\t\t\t<article class=\"elementor-post elementor-grid-item post-4906 post type-post status-publish format-standard has-post-thumbnail hentry category-deutschland category-referenz\" role=\"listitem\">\n\t\t\t<div class=\"elementor-post__card\">\n\t\t\t\t<a class=\"elementor-post__thumbnail__link\" href=\"https:\/\/pulsair.net\/nl\/referenz\/fahrzeugtechnik-raab-langenleiten\/\" tabindex=\"-1\" ><div class=\"elementor-post__thumbnail\"><img loading=\"lazy\" decoding=\"async\" width=\"794\" height=\"794\" src=\"https:\/\/pulsair.net\/wp-content\/uploads\/2026\/03\/Puls-air-Heizgeraet-vorne-rechtscut.png\" class=\"attachment-full size-full wp-image-4819\" alt=\"\" srcset=\"https:\/\/pulsair.net\/wp-content\/uploads\/2026\/03\/Puls-air-Heizgeraet-vorne-rechtscut.png 794w, https:\/\/pulsair.net\/wp-content\/uploads\/2026\/03\/Puls-air-Heizgeraet-vorne-rechtscut-300x300.png 300w, https:\/\/pulsair.net\/wp-content\/uploads\/2026\/03\/Puls-air-Heizgeraet-vorne-rechtscut-150x150.png 150w, https:\/\/pulsair.net\/wp-content\/uploads\/2026\/03\/Puls-air-Heizgeraet-vorne-rechtscut-768x768.png 768w, https:\/\/pulsair.net\/wp-content\/uploads\/2026\/03\/Puls-air-Heizgeraet-vorne-rechtscut-12x12.png 12w, https:\/\/pulsair.net\/wp-content\/uploads\/2026\/03\/Puls-air-Heizgeraet-vorne-rechtscut-600x600.png 600w, https:\/\/pulsair.net\/wp-content\/uploads\/2026\/03\/Puls-air-Heizgeraet-vorne-rechtscut-100x100.png 100w\" sizes=\"(max-width: 794px) 100vw, 794px\" \/><\/div><\/a>\n\t\t\t\t<div class=\"elementor-post__text\">\n\t\t\t\t<h3 class=\"elementor-post__title\">\n\t\t\t<a href=\"https:\/\/pulsair.net\/nl\/referenz\/fahrzeugtechnik-raab-langenleiten\/\" >\n\t\t\t\tVoertuigtechniek Raab Langenleiten Duitsland \ud83c\udde9\ud83c\uddea\t\t\t<\/a>\n\t\t<\/h3>\n\t\t\n\t\t<a class=\"elementor-post__read-more\" href=\"https:\/\/pulsair.net\/nl\/referenz\/fahrzeugtechnik-raab-langenleiten\/\" aria-label=\"Read more about Fahrzeugtechnik Raab Langenleiten Deutschland &#x1f1e9;&#x1f1ea;\" tabindex=\"-1\" >\n\t\t\tZur Referenz &gt;&gt;\t\t<\/a>\n\n\t\t\t\t<\/div>\n\t\t\t\t<div class=\"elementor-post__meta-data\">\n\t\t\t\t\t<span class=\"elementor-post-date\">\n\t\t\t24 maart 2026\t\t<\/span>\n\t\t\t\t<\/div>\n\t\t\t\t\t<\/div>\n\t\t<\/article>\n\t\t\t\t<article class=\"elementor-post elementor-grid-item post-4902 post type-post status-publish format-standard has-post-thumbnail hentry category-deutschland category-referenz\" role=\"listitem\">\n\t\t\t<div class=\"elementor-post__card\">\n\t\t\t\t<a class=\"elementor-post__thumbnail__link\" href=\"https:\/\/pulsair.net\/nl\/referenz\/michael-schuster-ramstein-miesenbach\/\" tabindex=\"-1\" ><div class=\"elementor-post__thumbnail\"><img loading=\"lazy\" decoding=\"async\" width=\"794\" height=\"794\" src=\"https:\/\/pulsair.net\/wp-content\/uploads\/2026\/03\/Puls-air-Heizgeraet-vorne-rechtscut.png\" class=\"attachment-full size-full wp-image-4819\" alt=\"\" srcset=\"https:\/\/pulsair.net\/wp-content\/uploads\/2026\/03\/Puls-air-Heizgeraet-vorne-rechtscut.png 794w, https:\/\/pulsair.net\/wp-content\/uploads\/2026\/03\/Puls-air-Heizgeraet-vorne-rechtscut-300x300.png 300w, https:\/\/pulsair.net\/wp-content\/uploads\/2026\/03\/Puls-air-Heizgeraet-vorne-rechtscut-150x150.png 150w, https:\/\/pulsair.net\/wp-content\/uploads\/2026\/03\/Puls-air-Heizgeraet-vorne-rechtscut-768x768.png 768w, https:\/\/pulsair.net\/wp-content\/uploads\/2026\/03\/Puls-air-Heizgeraet-vorne-rechtscut-12x12.png 12w, https:\/\/pulsair.net\/wp-content\/uploads\/2026\/03\/Puls-air-Heizgeraet-vorne-rechtscut-600x600.png 600w, https:\/\/pulsair.net\/wp-content\/uploads\/2026\/03\/Puls-air-Heizgeraet-vorne-rechtscut-100x100.png 100w\" sizes=\"(max-width: 794px) 100vw, 794px\" \/><\/div><\/a>\n\t\t\t\t<div class=\"elementor-post__text\">\n\t\t\t\t<h3 class=\"elementor-post__title\">\n\t\t\t<a href=\"https:\/\/pulsair.net\/nl\/referenz\/michael-schuster-ramstein-miesenbach\/\" >\n\t\t\t\tMichael Schuster Ramstein-Miesenbach Duitsland \ud83c\udde9\ud83c\uddea\t\t\t<\/a>\n\t\t<\/h3>\n\t\t\n\t\t<a class=\"elementor-post__read-more\" href=\"https:\/\/pulsair.net\/nl\/referenz\/michael-schuster-ramstein-miesenbach\/\" aria-label=\"Read more about Michael Schuster Ramstein-Miesenbach Deutschland &#x1f1e9;&#x1f1ea;\" tabindex=\"-1\" >\n\t\t\tZur Referenz &gt;&gt;\t\t<\/a>\n\n\t\t\t\t<\/div>\n\t\t\t\t<div class=\"elementor-post__meta-data\">\n\t\t\t\t\t<span class=\"elementor-post-date\">\n\t\t\t24 maart 2026\t\t<\/span>\n\t\t\t\t<\/div>\n\t\t\t\t\t<\/div>\n\t\t<\/article>\n\t\t\t\t<article class=\"elementor-post elementor-grid-item post-4899 post type-post status-publish format-standard has-post-thumbnail hentry category-deutschland category-referenz\" role=\"listitem\">\n\t\t\t<div class=\"elementor-post__card\">\n\t\t\t\t<a class=\"elementor-post__thumbnail__link\" href=\"https:\/\/pulsair.net\/nl\/referenz\/auto-matzinger-gmbh-niederneuching\/\" tabindex=\"-1\" ><div class=\"elementor-post__thumbnail\"><img loading=\"lazy\" decoding=\"async\" width=\"794\" height=\"794\" src=\"https:\/\/pulsair.net\/wp-content\/uploads\/2026\/03\/Puls-air-Heizgeraet-vorne-rechtscut.png\" class=\"attachment-full size-full wp-image-4819\" alt=\"\" srcset=\"https:\/\/pulsair.net\/wp-content\/uploads\/2026\/03\/Puls-air-Heizgeraet-vorne-rechtscut.png 794w, https:\/\/pulsair.net\/wp-content\/uploads\/2026\/03\/Puls-air-Heizgeraet-vorne-rechtscut-300x300.png 300w, https:\/\/pulsair.net\/wp-content\/uploads\/2026\/03\/Puls-air-Heizgeraet-vorne-rechtscut-150x150.png 150w, https:\/\/pulsair.net\/wp-content\/uploads\/2026\/03\/Puls-air-Heizgeraet-vorne-rechtscut-768x768.png 768w, https:\/\/pulsair.net\/wp-content\/uploads\/2026\/03\/Puls-air-Heizgeraet-vorne-rechtscut-12x12.png 12w, https:\/\/pulsair.net\/wp-content\/uploads\/2026\/03\/Puls-air-Heizgeraet-vorne-rechtscut-600x600.png 600w, https:\/\/pulsair.net\/wp-content\/uploads\/2026\/03\/Puls-air-Heizgeraet-vorne-rechtscut-100x100.png 100w\" sizes=\"(max-width: 794px) 100vw, 794px\" \/><\/div><\/a>\n\t\t\t\t<div class=\"elementor-post__text\">\n\t\t\t\t<h3 class=\"elementor-post__title\">\n\t\t\t<a href=\"https:\/\/pulsair.net\/nl\/referenz\/auto-matzinger-gmbh-niederneuching\/\" >\n\t\t\t\tAuto Matzinger GmbH&amp;Co.KG Niederneuching Duitsland \ud83c\udde9\ud83c\uddea\t\t\t<\/a>\n\t\t<\/h3>\n\t\t\n\t\t<a class=\"elementor-post__read-more\" href=\"https:\/\/pulsair.net\/nl\/referenz\/auto-matzinger-gmbh-niederneuching\/\" aria-label=\"Read more about Auto Matzinger GmbH&#038;Co.KG Niederneuching Deutschland &#x1f1e9;&#x1f1ea;\" tabindex=\"-1\" >\n\t\t\tZur Referenz &gt;&gt;\t\t<\/a>\n\n\t\t\t\t<\/div>\n\t\t\t\t<div class=\"elementor-post__meta-data\">\n\t\t\t\t\t<span class=\"elementor-post-date\">\n\t\t\t24 maart 2026\t\t<\/span>\n\t\t\t\t<\/div>\n\t\t\t\t\t<\/div>\n\t\t<\/article>\n\t\t\t\t<article class=\"elementor-post elementor-grid-item post-4896 post type-post status-publish format-standard has-post-thumbnail hentry category-deutschland category-referenz\" role=\"listitem\">\n\t\t\t<div class=\"elementor-post__card\">\n\t\t\t\t<a class=\"elementor-post__thumbnail__link\" href=\"https:\/\/pulsair.net\/nl\/referenz\/georg-mais-reil\/\" tabindex=\"-1\" ><div class=\"elementor-post__thumbnail\"><img loading=\"lazy\" decoding=\"async\" width=\"794\" height=\"794\" src=\"https:\/\/pulsair.net\/wp-content\/uploads\/2026\/03\/Puls-air-Heizgeraet-vorne-rechtscut.png\" class=\"attachment-full size-full wp-image-4819\" alt=\"\" srcset=\"https:\/\/pulsair.net\/wp-content\/uploads\/2026\/03\/Puls-air-Heizgeraet-vorne-rechtscut.png 794w, https:\/\/pulsair.net\/wp-content\/uploads\/2026\/03\/Puls-air-Heizgeraet-vorne-rechtscut-300x300.png 300w, https:\/\/pulsair.net\/wp-content\/uploads\/2026\/03\/Puls-air-Heizgeraet-vorne-rechtscut-150x150.png 150w, https:\/\/pulsair.net\/wp-content\/uploads\/2026\/03\/Puls-air-Heizgeraet-vorne-rechtscut-768x768.png 768w, https:\/\/pulsair.net\/wp-content\/uploads\/2026\/03\/Puls-air-Heizgeraet-vorne-rechtscut-12x12.png 12w, https:\/\/pulsair.net\/wp-content\/uploads\/2026\/03\/Puls-air-Heizgeraet-vorne-rechtscut-600x600.png 600w, https:\/\/pulsair.net\/wp-content\/uploads\/2026\/03\/Puls-air-Heizgeraet-vorne-rechtscut-100x100.png 100w\" sizes=\"(max-width: 794px) 100vw, 794px\" \/><\/div><\/a>\n\t\t\t\t<div class=\"elementor-post__text\">\n\t\t\t\t<h3 class=\"elementor-post__title\">\n\t\t\t<a href=\"https:\/\/pulsair.net\/nl\/referenz\/georg-mais-reil\/\" >\n\t\t\t\tGeorg Mais Reil Duitsland \ud83c\udde9\ud83c\uddea\t\t\t<\/a>\n\t\t<\/h3>\n\t\t\n\t\t<a class=\"elementor-post__read-more\" href=\"https:\/\/pulsair.net\/nl\/referenz\/georg-mais-reil\/\" aria-label=\"Read more about Georg Mais Reil Deutschland &#x1f1e9;&#x1f1ea;\" tabindex=\"-1\" >\n\t\t\tZur Referenz &gt;&gt;\t\t<\/a>\n\n\t\t\t\t<\/div>\n\t\t\t\t<div class=\"elementor-post__meta-data\">\n\t\t\t\t\t<span class=\"elementor-post-date\">\n\t\t\t24 maart 2026\t\t<\/span>\n\t\t\t\t<\/div>\n\t\t\t\t\t<\/div>\n\t\t<\/article>\n\t\t\t\t<article class=\"elementor-post elementor-grid-item post-4893 post type-post status-publish format-standard has-post-thumbnail hentry category-deutschland category-referenz\" role=\"listitem\">\n\t\t\t<div class=\"elementor-post__card\">\n\t\t\t\t<a class=\"elementor-post__thumbnail__link\" href=\"https:\/\/pulsair.net\/nl\/referenz\/auto-leuner-dresden\/\" tabindex=\"-1\" ><div class=\"elementor-post__thumbnail\"><img loading=\"lazy\" decoding=\"async\" width=\"794\" height=\"794\" src=\"https:\/\/pulsair.net\/wp-content\/uploads\/2026\/03\/Puls-air-Heizgeraet-vorne-rechtscut.png\" class=\"attachment-full size-full wp-image-4819\" alt=\"\" srcset=\"https:\/\/pulsair.net\/wp-content\/uploads\/2026\/03\/Puls-air-Heizgeraet-vorne-rechtscut.png 794w, https:\/\/pulsair.net\/wp-content\/uploads\/2026\/03\/Puls-air-Heizgeraet-vorne-rechtscut-300x300.png 300w, https:\/\/pulsair.net\/wp-content\/uploads\/2026\/03\/Puls-air-Heizgeraet-vorne-rechtscut-150x150.png 150w, https:\/\/pulsair.net\/wp-content\/uploads\/2026\/03\/Puls-air-Heizgeraet-vorne-rechtscut-768x768.png 768w, https:\/\/pulsair.net\/wp-content\/uploads\/2026\/03\/Puls-air-Heizgeraet-vorne-rechtscut-12x12.png 12w, https:\/\/pulsair.net\/wp-content\/uploads\/2026\/03\/Puls-air-Heizgeraet-vorne-rechtscut-600x600.png 600w, https:\/\/pulsair.net\/wp-content\/uploads\/2026\/03\/Puls-air-Heizgeraet-vorne-rechtscut-100x100.png 100w\" sizes=\"(max-width: 794px) 100vw, 794px\" \/><\/div><\/a>\n\t\t\t\t<div class=\"elementor-post__text\">\n\t\t\t\t<h3 class=\"elementor-post__title\">\n\t\t\t<a href=\"https:\/\/pulsair.net\/nl\/referenz\/auto-leuner-dresden\/\" >\n\t\t\t\tAuto Leuner Dresden Duitsland \ud83c\udde9\ud83c\uddea\t\t\t<\/a>\n\t\t<\/h3>\n\t\t\n\t\t<a class=\"elementor-post__read-more\" href=\"https:\/\/pulsair.net\/nl\/referenz\/auto-leuner-dresden\/\" aria-label=\"Read more about Auto Leuner Dresden Deutschland &#x1f1e9;&#x1f1ea;\" tabindex=\"-1\" >\n\t\t\tZur Referenz &gt;&gt;\t\t<\/a>\n\n\t\t\t\t<\/div>\n\t\t\t\t<div class=\"elementor-post__meta-data\">\n\t\t\t\t\t<span class=\"elementor-post-date\">\n\t\t\t24 maart 2026\t\t<\/span>\n\t\t\t\t<\/div>\n\t\t\t\t\t<\/div>\n\t\t<\/article>\n\t\t\t\t<article class=\"elementor-post elementor-grid-item post-4890 post type-post status-publish format-standard has-post-thumbnail hentry category-deutschland category-referenz\" role=\"listitem\">\n\t\t\t<div class=\"elementor-post__card\">\n\t\t\t\t<a class=\"elementor-post__thumbnail__link\" href=\"https:\/\/pulsair.net\/nl\/referenz\/holzdesign-michael-foehr-bruggen\/\" tabindex=\"-1\" ><div class=\"elementor-post__thumbnail\"><img loading=\"lazy\" decoding=\"async\" width=\"794\" height=\"794\" src=\"https:\/\/pulsair.net\/wp-content\/uploads\/2026\/03\/Puls-air-Heizgeraet-vorne-rechtscut.png\" class=\"attachment-full size-full wp-image-4819\" alt=\"\" srcset=\"https:\/\/pulsair.net\/wp-content\/uploads\/2026\/03\/Puls-air-Heizgeraet-vorne-rechtscut.png 794w, https:\/\/pulsair.net\/wp-content\/uploads\/2026\/03\/Puls-air-Heizgeraet-vorne-rechtscut-300x300.png 300w, https:\/\/pulsair.net\/wp-content\/uploads\/2026\/03\/Puls-air-Heizgeraet-vorne-rechtscut-150x150.png 150w, https:\/\/pulsair.net\/wp-content\/uploads\/2026\/03\/Puls-air-Heizgeraet-vorne-rechtscut-768x768.png 768w, https:\/\/pulsair.net\/wp-content\/uploads\/2026\/03\/Puls-air-Heizgeraet-vorne-rechtscut-12x12.png 12w, https:\/\/pulsair.net\/wp-content\/uploads\/2026\/03\/Puls-air-Heizgeraet-vorne-rechtscut-600x600.png 600w, https:\/\/pulsair.net\/wp-content\/uploads\/2026\/03\/Puls-air-Heizgeraet-vorne-rechtscut-100x100.png 100w\" sizes=\"(max-width: 794px) 100vw, 794px\" \/><\/div><\/a>\n\t\t\t\t<div class=\"elementor-post__text\">\n\t\t\t\t<h3 class=\"elementor-post__title\">\n\t\t\t<a href=\"https:\/\/pulsair.net\/nl\/referenz\/holzdesign-michael-foehr-bruggen\/\" >\n\t\t\t\tHolzdesign Michael F\u00f6hr Burggen Duitsland \ud83c\udde9\ud83c\uddea\t\t\t<\/a>\n\t\t<\/h3>\n\t\t\n\t\t<a class=\"elementor-post__read-more\" href=\"https:\/\/pulsair.net\/nl\/referenz\/holzdesign-michael-foehr-bruggen\/\" aria-label=\"Read more about Holzdesign Michael F\u00f6hr Burggen Deutschland &#x1f1e9;&#x1f1ea;\" tabindex=\"-1\" >\n\t\t\tZur Referenz &gt;&gt;\t\t<\/a>\n\n\t\t\t\t<\/div>\n\t\t\t\t<div class=\"elementor-post__meta-data\">\n\t\t\t\t\t<span class=\"elementor-post-date\">\n\t\t\t24 maart 2026\t\t<\/span>\n\t\t\t\t<\/div>\n\t\t\t\t\t<\/div>\n\t\t<\/article>\n\t\t\t\t<article class=\"elementor-post elementor-grid-item post-4885 post type-post status-publish format-standard has-post-thumbnail hentry category-deutschland category-referenz\" role=\"listitem\">\n\t\t\t<div class=\"elementor-post__card\">\n\t\t\t\t<a class=\"elementor-post__thumbnail__link\" href=\"https:\/\/pulsair.net\/nl\/referenz\/stefan-held-gmbh-loerrach\/\" tabindex=\"-1\" ><div class=\"elementor-post__thumbnail\"><img loading=\"lazy\" decoding=\"async\" width=\"794\" height=\"794\" src=\"https:\/\/pulsair.net\/wp-content\/uploads\/2026\/03\/Puls-air-Heizgeraet-vorne-rechtscut.png\" class=\"attachment-full size-full wp-image-4819\" alt=\"\" srcset=\"https:\/\/pulsair.net\/wp-content\/uploads\/2026\/03\/Puls-air-Heizgeraet-vorne-rechtscut.png 794w, https:\/\/pulsair.net\/wp-content\/uploads\/2026\/03\/Puls-air-Heizgeraet-vorne-rechtscut-300x300.png 300w, https:\/\/pulsair.net\/wp-content\/uploads\/2026\/03\/Puls-air-Heizgeraet-vorne-rechtscut-150x150.png 150w, https:\/\/pulsair.net\/wp-content\/uploads\/2026\/03\/Puls-air-Heizgeraet-vorne-rechtscut-768x768.png 768w, https:\/\/pulsair.net\/wp-content\/uploads\/2026\/03\/Puls-air-Heizgeraet-vorne-rechtscut-12x12.png 12w, https:\/\/pulsair.net\/wp-content\/uploads\/2026\/03\/Puls-air-Heizgeraet-vorne-rechtscut-600x600.png 600w, https:\/\/pulsair.net\/wp-content\/uploads\/2026\/03\/Puls-air-Heizgeraet-vorne-rechtscut-100x100.png 100w\" sizes=\"(max-width: 794px) 100vw, 794px\" \/><\/div><\/a>\n\t\t\t\t<div class=\"elementor-post__text\">\n\t\t\t\t<h3 class=\"elementor-post__title\">\n\t\t\t<a href=\"https:\/\/pulsair.net\/nl\/referenz\/stefan-held-gmbh-loerrach\/\" >\n\t\t\t\tPremio Reifen + Autoservice Stefan Held GmbH L\u00f6rrach Duitsland \ud83c\udde9\ud83c\uddea\t\t\t<\/a>\n\t\t<\/h3>\n\t\t\n\t\t<a class=\"elementor-post__read-more\" href=\"https:\/\/pulsair.net\/nl\/referenz\/stefan-held-gmbh-loerrach\/\" aria-label=\"Read more about Premio Reifen + Autoservice Stefan Held GmbH L\u00f6rrach Deutschland &#x1f1e9;&#x1f1ea;\" tabindex=\"-1\" >\n\t\t\tZur Referenz &gt;&gt;\t\t<\/a>\n\n\t\t\t\t<\/div>\n\t\t\t\t<div class=\"elementor-post__meta-data\">\n\t\t\t\t\t<span class=\"elementor-post-date\">\n\t\t\t24 maart 2026\t\t<\/span>\n\t\t\t\t<\/div>\n\t\t\t\t\t<\/div>\n\t\t<\/article>\n\t\t\t\t<article class=\"elementor-post elementor-grid-item post-4872 post type-post status-publish format-standard has-post-thumbnail hentry category-deutschland category-referenz\" role=\"listitem\">\n\t\t\t<div class=\"elementor-post__card\">\n\t\t\t\t<a class=\"elementor-post__thumbnail__link\" href=\"https:\/\/pulsair.net\/nl\/referenz\/auto-ferres-gmbh-wittilich\/\" tabindex=\"-1\" ><div class=\"elementor-post__thumbnail\"><img loading=\"lazy\" decoding=\"async\" width=\"794\" height=\"794\" src=\"https:\/\/pulsair.net\/wp-content\/uploads\/2026\/03\/Puls-air-Heizgeraet-vorne-rechtscut.png\" class=\"attachment-full size-full wp-image-4819\" alt=\"\" srcset=\"https:\/\/pulsair.net\/wp-content\/uploads\/2026\/03\/Puls-air-Heizgeraet-vorne-rechtscut.png 794w, https:\/\/pulsair.net\/wp-content\/uploads\/2026\/03\/Puls-air-Heizgeraet-vorne-rechtscut-300x300.png 300w, https:\/\/pulsair.net\/wp-content\/uploads\/2026\/03\/Puls-air-Heizgeraet-vorne-rechtscut-150x150.png 150w, https:\/\/pulsair.net\/wp-content\/uploads\/2026\/03\/Puls-air-Heizgeraet-vorne-rechtscut-768x768.png 768w, https:\/\/pulsair.net\/wp-content\/uploads\/2026\/03\/Puls-air-Heizgeraet-vorne-rechtscut-12x12.png 12w, https:\/\/pulsair.net\/wp-content\/uploads\/2026\/03\/Puls-air-Heizgeraet-vorne-rechtscut-600x600.png 600w, https:\/\/pulsair.net\/wp-content\/uploads\/2026\/03\/Puls-air-Heizgeraet-vorne-rechtscut-100x100.png 100w\" sizes=\"(max-width: 794px) 100vw, 794px\" \/><\/div><\/a>\n\t\t\t\t<div class=\"elementor-post__text\">\n\t\t\t\t<h3 class=\"elementor-post__title\">\n\t\t\t<a href=\"https:\/\/pulsair.net\/nl\/referenz\/auto-ferres-gmbh-wittilich\/\" >\n\t\t\t\tAuto Ferres GmbH Wittlich Duitsland \ud83c\udde9\ud83c\uddea\t\t\t<\/a>\n\t\t<\/h3>\n\t\t\n\t\t<a class=\"elementor-post__read-more\" href=\"https:\/\/pulsair.net\/nl\/referenz\/auto-ferres-gmbh-wittilich\/\" aria-label=\"Read more about Auto Ferres GmbH Wittlich Deutschland &#x1f1e9;&#x1f1ea;\" tabindex=\"-1\" >\n\t\t\tZur Referenz &gt;&gt;\t\t<\/a>\n\n\t\t\t\t<\/div>\n\t\t\t\t<div class=\"elementor-post__meta-data\">\n\t\t\t\t\t<span class=\"elementor-post-date\">\n\t\t\t24 maart 2026\t\t<\/span>\n\t\t\t\t<\/div>\n\t\t\t\t\t<\/div>\n\t\t<\/article>\n\t\t\t\t<\/div>\n\t\t\n\t\t\t\t\t\t<\/div>\n\t\t\t\t<\/div>\n\t\t\t\t\t<\/div>\n\t\t<\/div>\n\t\t\t\t\t<\/div>\n\t\t<\/section>\n\t\t\t\t<\/div>","protected":false},"excerpt":{"rendered":"<p>Kundenreferenz Bereits seit 2016 wird auch in der Schweiz mit Puls-air geheizt. Joe Knecht, Inhaber<\/p>","protected":false},"author":2,"featured_media":2041,"comment_status":"closed","ping_status":"closed","sticky":false,"template":"","format":"standard","meta":{"_joinchat":[],"footnotes":""},"categories":[44,49],"tags":[],"class_list":["post-2038","post","type-post","status-publish","format-standard","has-post-thumbnail","hentry","category-referenz","category-schweiz"],"yoast_head":"<!-- This site is optimized with the Yoast SEO plugin v27.4 - https:\/\/yoast.com\/product\/yoast-seo-wordpress\/ -->\n<title>Knecht Automobile Hettenschwil\/Zurzach\/Schweiz &#x1f1e8;&#x1f1ed; - Puls-air Hallen und Werkstattheizung<\/title>\n<meta name=\"robots\" content=\"index, follow, max-snippet:-1, max-image-preview:large, max-video-preview:-1\" \/>\n<link rel=\"canonical\" href=\"https:\/\/pulsair.net\/nl\/referenz\/knecht-automobile\/\" \/>\n<meta property=\"og:locale\" content=\"nl_NL\" \/>\n<meta property=\"og:type\" content=\"article\" \/>\n<meta property=\"og:title\" content=\"Knecht Automobile Hettenschwil\/Zurzach\/Schweiz &#x1f1e8;&#x1f1ed; - Puls-air Hallen und Werkstattheizung\" \/>\n<meta property=\"og:description\" content=\"Kundenreferenz Bereits seit 2016 wird auch in der Schweiz mit Puls-air geheizt. Joe Knecht, Inhaber\" \/>\n<meta property=\"og:url\" content=\"https:\/\/pulsair.net\/nl\/referenz\/knecht-automobile\/\" \/>\n<meta property=\"og:site_name\" content=\"Puls-air Hallen und Werkstattheizung\" \/>\n<meta property=\"article:published_time\" content=\"2022-10-14T09:19:25+00:00\" \/>\n<meta property=\"article:modified_time\" content=\"2024-11-12T07:28:24+00:00\" \/>\n<meta property=\"og:image\" content=\"https:\/\/pulsair.net\/wp-content\/uploads\/2022\/10\/DSC1124-scaled.jpg\" \/>\n\t<meta property=\"og:image:width\" content=\"1827\" \/>\n\t<meta property=\"og:image:height\" content=\"2560\" \/>\n\t<meta property=\"og:image:type\" content=\"image\/jpeg\" \/>\n<meta name=\"author\" content=\"Luca Pletzer\" \/>\n<meta name=\"twitter:card\" content=\"summary_large_image\" \/>\n<meta name=\"twitter:label1\" content=\"Written by\" \/>\n\t<meta name=\"twitter:data1\" content=\"Luca Pletzer\" \/>\n\t<meta name=\"twitter:label2\" content=\"Est. reading time\" \/>\n\t<meta name=\"twitter:data2\" content=\"3 minuten\" \/>\n<script type=\"application\/ld+json\" class=\"yoast-schema-graph\">{\"@context\":\"https:\\\/\\\/schema.org\",\"@graph\":[{\"@type\":\"Article\",\"@id\":\"https:\\\/\\\/pulsair.net\\\/referenz\\\/knecht-automobile\\\/#article\",\"isPartOf\":{\"@id\":\"https:\\\/\\\/pulsair.net\\\/referenz\\\/knecht-automobile\\\/\"},\"author\":{\"name\":\"Luca Pletzer\",\"@id\":\"https:\\\/\\\/pulsair.net\\\/#\\\/schema\\\/person\\\/8ce7e42b60cd860146fe9332b1599b80\"},\"headline\":\"Knecht Automobile Hettenschwil\\\/Zurzach\\\/Schweiz &#x1f1e8;&#x1f1ed;\",\"datePublished\":\"2022-10-14T09:19:25+00:00\",\"dateModified\":\"2024-11-12T07:28:24+00:00\",\"mainEntityOfPage\":{\"@id\":\"https:\\\/\\\/pulsair.net\\\/referenz\\\/knecht-automobile\\\/\"},\"wordCount\":615,\"publisher\":{\"@id\":\"https:\\\/\\\/pulsair.net\\\/#organization\"},\"image\":{\"@id\":\"https:\\\/\\\/pulsair.net\\\/referenz\\\/knecht-automobile\\\/#primaryimage\"},\"thumbnailUrl\":\"https:\\\/\\\/pulsair.net\\\/wp-content\\\/uploads\\\/2022\\\/10\\\/DSC1124-scaled.jpg\",\"articleSection\":[\"Referenz\",\"Schweiz\"],\"inLanguage\":\"nl-NL\"},{\"@type\":\"WebPage\",\"@id\":\"https:\\\/\\\/pulsair.net\\\/referenz\\\/knecht-automobile\\\/\",\"url\":\"https:\\\/\\\/pulsair.net\\\/referenz\\\/knecht-automobile\\\/\",\"name\":\"Knecht Automobile Hettenschwil\\\/Zurzach\\\/Schweiz &#x1f1e8;&#x1f1ed; - Puls-air Hallen und Werkstattheizung\",\"isPartOf\":{\"@id\":\"https:\\\/\\\/pulsair.net\\\/#website\"},\"primaryImageOfPage\":{\"@id\":\"https:\\\/\\\/pulsair.net\\\/referenz\\\/knecht-automobile\\\/#primaryimage\"},\"image\":{\"@id\":\"https:\\\/\\\/pulsair.net\\\/referenz\\\/knecht-automobile\\\/#primaryimage\"},\"thumbnailUrl\":\"https:\\\/\\\/pulsair.net\\\/wp-content\\\/uploads\\\/2022\\\/10\\\/DSC1124-scaled.jpg\",\"datePublished\":\"2022-10-14T09:19:25+00:00\",\"dateModified\":\"2024-11-12T07:28:24+00:00\",\"breadcrumb\":{\"@id\":\"https:\\\/\\\/pulsair.net\\\/referenz\\\/knecht-automobile\\\/#breadcrumb\"},\"inLanguage\":\"nl-NL\",\"potentialAction\":[{\"@type\":\"ReadAction\",\"target\":[\"https:\\\/\\\/pulsair.net\\\/referenz\\\/knecht-automobile\\\/\"]}]},{\"@type\":\"ImageObject\",\"inLanguage\":\"nl-NL\",\"@id\":\"https:\\\/\\\/pulsair.net\\\/referenz\\\/knecht-automobile\\\/#primaryimage\",\"url\":\"https:\\\/\\\/pulsair.net\\\/wp-content\\\/uploads\\\/2022\\\/10\\\/DSC1124-scaled.jpg\",\"contentUrl\":\"https:\\\/\\\/pulsair.net\\\/wp-content\\\/uploads\\\/2022\\\/10\\\/DSC1124-scaled.jpg\",\"width\":1827,\"height\":2560,\"caption\":\"Joe Knecht mit Puls-air Werkstattheizung\"},{\"@type\":\"BreadcrumbList\",\"@id\":\"https:\\\/\\\/pulsair.net\\\/referenz\\\/knecht-automobile\\\/#breadcrumb\",\"itemListElement\":[{\"@type\":\"ListItem\",\"position\":1,\"name\":\"Startseite\",\"item\":\"https:\\\/\\\/pulsair.net\\\/\"},{\"@type\":\"ListItem\",\"position\":2,\"name\":\"Knecht Automobile Hettenschwil\\\/Zurzach\\\/Schweiz &#x1f1e8;&#x1f1ed;\"}]},{\"@type\":\"WebSite\",\"@id\":\"https:\\\/\\\/pulsair.net\\\/#website\",\"url\":\"https:\\\/\\\/pulsair.net\\\/\",\"name\":\"Puls-air Hallen und Werkstattheizung\",\"description\":\"50 % Heizkosten sparen\",\"publisher\":{\"@id\":\"https:\\\/\\\/pulsair.net\\\/#organization\"},\"potentialAction\":[{\"@type\":\"SearchAction\",\"target\":{\"@type\":\"EntryPoint\",\"urlTemplate\":\"https:\\\/\\\/pulsair.net\\\/?s={search_term_string}\"},\"query-input\":{\"@type\":\"PropertyValueSpecification\",\"valueRequired\":true,\"valueName\":\"search_term_string\"}}],\"inLanguage\":\"nl-NL\"},{\"@type\":\"Organization\",\"@id\":\"https:\\\/\\\/pulsair.net\\\/#organization\",\"name\":\"Puls-air Hallen und Werkstattheizung\",\"url\":\"https:\\\/\\\/pulsair.net\\\/\",\"logo\":{\"@type\":\"ImageObject\",\"inLanguage\":\"nl-NL\",\"@id\":\"https:\\\/\\\/pulsair.net\\\/#\\\/schema\\\/logo\\\/image\\\/\",\"url\":\"https:\\\/\\\/pulsair.net\\\/wp-content\\\/uploads\\\/2020\\\/07\\\/cropped-cropped-Rotation-alleine-500x500-1.png\",\"contentUrl\":\"https:\\\/\\\/pulsair.net\\\/wp-content\\\/uploads\\\/2020\\\/07\\\/cropped-cropped-Rotation-alleine-500x500-1.png\",\"width\":512,\"height\":512,\"caption\":\"Puls-air Hallen und Werkstattheizung\"},\"image\":{\"@id\":\"https:\\\/\\\/pulsair.net\\\/#\\\/schema\\\/logo\\\/image\\\/\"}},{\"@type\":\"Person\",\"@id\":\"https:\\\/\\\/pulsair.net\\\/#\\\/schema\\\/person\\\/8ce7e42b60cd860146fe9332b1599b80\",\"name\":\"Luca Pletzer\",\"image\":{\"@type\":\"ImageObject\",\"inLanguage\":\"nl-NL\",\"@id\":\"https:\\\/\\\/secure.gravatar.com\\\/avatar\\\/b3b43e1d42dc536d7696b8f044b5439fd2b2b4ca770a94409f7058813516f41a?s=96&d=mm&r=g\",\"url\":\"https:\\\/\\\/secure.gravatar.com\\\/avatar\\\/b3b43e1d42dc536d7696b8f044b5439fd2b2b4ca770a94409f7058813516f41a?s=96&d=mm&r=g\",\"contentUrl\":\"https:\\\/\\\/secure.gravatar.com\\\/avatar\\\/b3b43e1d42dc536d7696b8f044b5439fd2b2b4ca770a94409f7058813516f41a?s=96&d=mm&r=g\",\"caption\":\"Luca Pletzer\"},\"url\":\"https:\\\/\\\/pulsair.net\\\/nl\\\/author\\\/onlinemarketingluca-pletzer-com\\\/\"}]}<\/script>\n<!-- \/ Yoast SEO plugin. -->","yoast_head_json":{"title":"Knecht Automobile Hettenschwil\/Zurzach\/Schweiz &#x1f1e8;&#x1f1ed; - Puls-air Hallen und Werkstattheizung","robots":{"index":"index","follow":"follow","max-snippet":"max-snippet:-1","max-image-preview":"max-image-preview:large","max-video-preview":"max-video-preview:-1"},"canonical":"https:\/\/pulsair.net\/nl\/referenz\/knecht-automobile\/","og_locale":"nl_NL","og_type":"article","og_title":"Knecht Automobile Hettenschwil\/Zurzach\/Schweiz &#x1f1e8;&#x1f1ed; - Puls-air Hallen und Werkstattheizung","og_description":"Kundenreferenz Bereits seit 2016 wird auch in der Schweiz mit Puls-air geheizt. Joe Knecht, Inhaber","og_url":"https:\/\/pulsair.net\/nl\/referenz\/knecht-automobile\/","og_site_name":"Puls-air Hallen und Werkstattheizung","article_published_time":"2022-10-14T09:19:25+00:00","article_modified_time":"2024-11-12T07:28:24+00:00","og_image":[{"width":1827,"height":2560,"url":"https:\/\/pulsair.net\/wp-content\/uploads\/2022\/10\/DSC1124-scaled.jpg","type":"image\/jpeg"}],"author":"Luca Pletzer","twitter_card":"summary_large_image","twitter_misc":{"Written by":"Luca Pletzer","Est. reading time":"3 minuten"},"schema":{"@context":"https:\/\/schema.org","@graph":[{"@type":"Article","@id":"https:\/\/pulsair.net\/referenz\/knecht-automobile\/#article","isPartOf":{"@id":"https:\/\/pulsair.net\/referenz\/knecht-automobile\/"},"author":{"name":"Luca Pletzer","@id":"https:\/\/pulsair.net\/#\/schema\/person\/8ce7e42b60cd860146fe9332b1599b80"},"headline":"Knecht Automobile Hettenschwil\/Zurzach\/Schweiz &#x1f1e8;&#x1f1ed;","datePublished":"2022-10-14T09:19:25+00:00","dateModified":"2024-11-12T07:28:24+00:00","mainEntityOfPage":{"@id":"https:\/\/pulsair.net\/referenz\/knecht-automobile\/"},"wordCount":615,"publisher":{"@id":"https:\/\/pulsair.net\/#organization"},"image":{"@id":"https:\/\/pulsair.net\/referenz\/knecht-automobile\/#primaryimage"},"thumbnailUrl":"https:\/\/pulsair.net\/wp-content\/uploads\/2022\/10\/DSC1124-scaled.jpg","articleSection":["Referenz","Schweiz"],"inLanguage":"nl-NL"},{"@type":"WebPage","@id":"https:\/\/pulsair.net\/referenz\/knecht-automobile\/","url":"https:\/\/pulsair.net\/referenz\/knecht-automobile\/","name":"Knecht Automobile Hettenschwil\/Zurzach\/Schweiz &#x1f1e8;&#x1f1ed; - Puls-air Hallen und Werkstattheizung","isPartOf":{"@id":"https:\/\/pulsair.net\/#website"},"primaryImageOfPage":{"@id":"https:\/\/pulsair.net\/referenz\/knecht-automobile\/#primaryimage"},"image":{"@id":"https:\/\/pulsair.net\/referenz\/knecht-automobile\/#primaryimage"},"thumbnailUrl":"https:\/\/pulsair.net\/wp-content\/uploads\/2022\/10\/DSC1124-scaled.jpg","datePublished":"2022-10-14T09:19:25+00:00","dateModified":"2024-11-12T07:28:24+00:00","breadcrumb":{"@id":"https:\/\/pulsair.net\/referenz\/knecht-automobile\/#breadcrumb"},"inLanguage":"nl-NL","potentialAction":[{"@type":"ReadAction","target":["https:\/\/pulsair.net\/referenz\/knecht-automobile\/"]}]},{"@type":"ImageObject","inLanguage":"nl-NL","@id":"https:\/\/pulsair.net\/referenz\/knecht-automobile\/#primaryimage","url":"https:\/\/pulsair.net\/wp-content\/uploads\/2022\/10\/DSC1124-scaled.jpg","contentUrl":"https:\/\/pulsair.net\/wp-content\/uploads\/2022\/10\/DSC1124-scaled.jpg","width":1827,"height":2560,"caption":"Joe Knecht mit Puls-air Werkstattheizung"},{"@type":"BreadcrumbList","@id":"https:\/\/pulsair.net\/referenz\/knecht-automobile\/#breadcrumb","itemListElement":[{"@type":"ListItem","position":1,"name":"Startseite","item":"https:\/\/pulsair.net\/"},{"@type":"ListItem","position":2,"name":"Knecht Automobile Hettenschwil\/Zurzach\/Schweiz &#x1f1e8;&#x1f1ed;"}]},{"@type":"WebSite","@id":"https:\/\/pulsair.net\/#website","url":"https:\/\/pulsair.net\/","name":"Puls-air Hallen und Werkstattheizung","description":"50 % Heizkosten sparen","publisher":{"@id":"https:\/\/pulsair.net\/#organization"},"potentialAction":[{"@type":"SearchAction","target":{"@type":"EntryPoint","urlTemplate":"https:\/\/pulsair.net\/?s={search_term_string}"},"query-input":{"@type":"PropertyValueSpecification","valueRequired":true,"valueName":"search_term_string"}}],"inLanguage":"nl-NL"},{"@type":"Organization","@id":"https:\/\/pulsair.net\/#organization","name":"Puls-air Hallen und Werkstattheizung","url":"https:\/\/pulsair.net\/","logo":{"@type":"ImageObject","inLanguage":"nl-NL","@id":"https:\/\/pulsair.net\/#\/schema\/logo\/image\/","url":"https:\/\/pulsair.net\/wp-content\/uploads\/2020\/07\/cropped-cropped-Rotation-alleine-500x500-1.png","contentUrl":"https:\/\/pulsair.net\/wp-content\/uploads\/2020\/07\/cropped-cropped-Rotation-alleine-500x500-1.png","width":512,"height":512,"caption":"Puls-air Hallen und Werkstattheizung"},"image":{"@id":"https:\/\/pulsair.net\/#\/schema\/logo\/image\/"}},{"@type":"Person","@id":"https:\/\/pulsair.net\/#\/schema\/person\/8ce7e42b60cd860146fe9332b1599b80","name":"Luca Pletzer","image":{"@type":"ImageObject","inLanguage":"nl-NL","@id":"https:\/\/secure.gravatar.com\/avatar\/b3b43e1d42dc536d7696b8f044b5439fd2b2b4ca770a94409f7058813516f41a?s=96&d=mm&r=g","url":"https:\/\/secure.gravatar.com\/avatar\/b3b43e1d42dc536d7696b8f044b5439fd2b2b4ca770a94409f7058813516f41a?s=96&d=mm&r=g","contentUrl":"https:\/\/secure.gravatar.com\/avatar\/b3b43e1d42dc536d7696b8f044b5439fd2b2b4ca770a94409f7058813516f41a?s=96&d=mm&r=g","caption":"Luca Pletzer"},"url":"https:\/\/pulsair.net\/nl\/author\/onlinemarketingluca-pletzer-com\/"}]}},"_links":{"self":[{"href":"https:\/\/pulsair.net\/nl\/wp-json\/wp\/v2\/posts\/2038","targetHints":{"allow":["GET"]}}],"collection":[{"href":"https:\/\/pulsair.net\/nl\/wp-json\/wp\/v2\/posts"}],"about":[{"href":"https:\/\/pulsair.net\/nl\/wp-json\/wp\/v2\/types\/post"}],"author":[{"embeddable":true,"href":"https:\/\/pulsair.net\/nl\/wp-json\/wp\/v2\/users\/2"}],"replies":[{"embeddable":true,"href":"https:\/\/pulsair.net\/nl\/wp-json\/wp\/v2\/comments?post=2038"}],"version-history":[{"count":9,"href":"https:\/\/pulsair.net\/nl\/wp-json\/wp\/v2\/posts\/2038\/revisions"}],"predecessor-version":[{"id":3892,"href":"https:\/\/pulsair.net\/nl\/wp-json\/wp\/v2\/posts\/2038\/revisions\/3892"}],"wp:featuredmedia":[{"embeddable":true,"href":"https:\/\/pulsair.net\/nl\/wp-json\/wp\/v2\/media\/2041"}],"wp:attachment":[{"href":"https:\/\/pulsair.net\/nl\/wp-json\/wp\/v2\/media?parent=2038"}],"wp:term":[{"taxonomy":"category","embeddable":true,"href":"https:\/\/pulsair.net\/nl\/wp-json\/wp\/v2\/categories?post=2038"},{"taxonomy":"post_tag","embeddable":true,"href":"https:\/\/pulsair.net\/nl\/wp-json\/wp\/v2\/tags?post=2038"}],"curies":[{"name":"wp","href":"https:\/\/api.w.org\/{rel}","templated":true}]}}